{"id":96898,"date":"2026-01-15T00:19:34","date_gmt":"2026-01-14T23:19:34","guid":{"rendered":"https:\/\/www.infokuryr.cz\/n\/?p=96898"},"modified":"2026-01-14T10:48:26","modified_gmt":"2026-01-14T09:48:26","slug":"evropa-predstira-ze-vlastni-gronsko","status":"publish","type":"post","link":"https:\/\/www.infokuryr.cz\/n\/2026\/01\/15\/evropa-predstira-ze-vlastni-gronsko\/","title":{"rendered":"Evropa p\u0159edst\u00edr\u00e1, \u017ee vlastn\u00ed Gr\u00f3nsko"},"content":{"rendered":"<div id=\"fb-root\"><\/div>\n<p><strong>Ameri\u010dan\u00e9 u\u017e Gr\u00f3nsko br\u00e1n\u00ed. P\u0159edst\u00edrat, \u017ee n\u011bjak\u00fdm zp\u016fsobem pat\u0159\u00ed D\u00e1nsk\u00e9mu kr\u00e1lovstv\u00ed, je malichern\u00fd narcismus.\u00a0<\/strong><\/p>\n<p><span dir=\"auto\">Nejodporn\u011bj\u0161\u00ed v\u011bc\u00ed na evropsk\u00e9m \u201eglobalismu\u201c je jeho p\u0159edst\u00edr\u00e1n\u00ed. P\u0159edst\u00edr\u00e1, \u017ee \u010dlov\u011bkem zp\u016fsoben\u00e1 \u201eklimatick\u00e1 zm\u011bna\u201c zabije v\u0161echny, pokud nedovol\u00edme byrokratick\u00fdm v\u0161ete\u010dc\u016fm regulovat ve\u0161kerou ekonomickou sm\u011bnu. P\u0159edst\u00edr\u00e1, \u017ee Rusko se chyst\u00e1 dob\u00fdt celou Evropu, p\u0159esto\u017ee se cel\u00e1 Evropa posledn\u00edch t\u0159icet let posm\u00edv\u00e1 Rusku jako pap\u00edrov\u00e9mu tygrovi t\u0159et\u00edho sv\u011bta. P\u0159edst\u00edr\u00e1, \u017ee masov\u00e1 invaze cizinc\u016f z Afriky, Bl\u00edzk\u00e9ho v\u00fdchodu a Asie je zcela p\u0159irozen\u00e1, nemo\u017en\u00e1, kter\u00e9 nelze zabr\u00e1nit, a \u017ee p\u0159ijet\u00ed a tolerance je \u201ehumanit\u00e1rn\u00ed\u201c v\u011bc. P\u0159edst\u00edr\u00e1, \u017ee jeho p\u016fvodn\u00ed ob\u010dan\u00e9 jsou \u201erasist\u00e9\u201c, proto\u017ee si p\u0159ej\u00ed zachovat svou vlastn\u00ed kulturu ve sv\u00e9 vlastn\u00ed zemi. I kdy\u017e v\u00edt\u00e1 isl\u00e1msk\u00e9 civiliza\u010dn\u00ed dob\u00fdv\u00e1n\u00ed po cel\u00e9m kontinentu, evropsk\u00fd \u201eglobalismus\u201c p\u0159edst\u00edr\u00e1, \u017ee jeho zkomolen\u00e1, \u0161patn\u011b spravovan\u00e1 a \u0161patn\u011b zapamatovan\u00e1 civilizace z\u016fst\u00e1v\u00e1 \u00fast\u0159edn\u00edm a prvo\u0159ad\u00fdm projevem osv\u00edcen\u00e9ho pokroku ve sv\u011bt\u011b.<\/span><\/p>\n<p><span dir=\"auto\">Pro cizince, kte\u0159\u00ed nejsou prodchnuti pocitem evropsk\u00e9ho n\u00e1roku nebo nejsou zat\u00ed\u017eeni evropsk\u00fdmi politick\u00fdmi bludy, je Evropa chaos. V sou\u010dasn\u00e9 dob\u011b se rekonstruuje v sebenen\u00e1vid\u011bj\u00edc\u00ed, islamocentrick\u00e9, paraziticky pluralitn\u00ed, historicky negramotn\u00e9 ba\u017einy kulturn\u00ed bezv\u00fdznamnosti. Evropsk\u00e9 filmy a televizn\u00ed po\u0159ady pravideln\u011b zkresluj\u00ed historii t\u00edm, \u017ee ze starov\u011bk\u00fdch p\u0159\u00edb\u011bh\u016f odstra\u0148uj\u00ed rodil\u00e9 Evropany. Sebevra\u017eda Evropy bude dokonal\u00e1, a\u017e ka\u017ed\u00fd herec bude neb\u011blo\u0161sk\u00fd a ka\u017ed\u00e1 d\u011bjov\u00e1 linie bude posilovat narativ, \u017ee muslimov\u00e9 os\u00eddlili v\u0161echny zem\u011b od Severn\u00edho mo\u0159e po St\u0159edozemn\u00ed mo\u0159e. Tyto multikulturn\u00ed historick\u00e9 revize jsou absurdn\u00ed. P\u0159esto, kdy\u017e rodil\u00ed Britov\u00e9 poukazuj\u00ed na to, \u017ee v dob\u011b Caesarovy invaze neexistovali \u017e\u00e1dn\u00ed afri\u010dt\u00ed Keltov\u00e9 ani p\u00e1kist\u00e1n\u0161t\u00ed p\u00e1ni na kr\u00e1lovsk\u00fdch dvorech ve st\u0159edov\u011bku, dis-Spojen\u00e9 kr\u00e1lovstv\u00ed pos\u00edl\u00e1 \u201emy\u0161lenkovou policii\u201c na soci\u00e1ln\u00ed m\u00e9dia, aby obt\u011b\u017eovala a pr\u00e1vn\u011b vyhro\u017eovala ka\u017ed\u00e9mu, kdo nen\u00ed ochoten p\u0159edst\u00edrat, \u017ee historie je ur\u00e1\u017eliv\u00e1, a proto mus\u00ed b\u00fdt p\u0159eps\u00e1na.<\/span><\/p>\n<p><span dir=\"auto\">V ot\u00e1zk\u00e1ch osobn\u00ed obrany Evropa ned\u011bl\u00e1 nic jin\u00e9ho, \u200b\u200bne\u017e p\u0159edst\u00edr\u00e1. Velk\u00fd, zl\u00fd francouzsk\u00fd prezident Emmanuel Macron, v\u00e1\u017en\u011b d\u011bsiv\u00fd britsk\u00fd premi\u00e9r Keir Starmer a n\u011bmeck\u00fd kancl\u00e9\u0159 Friedrich Merz ned\u00e1vno v Pa\u0159\u00ed\u017ei shrom\u00e1\u017edili evropskou \u201ekoalici ochotn\u00fdch\u201c, aby se spojili s dosavadn\u00edm prezidentem Zelensk\u00fdm a s ve\u0161kerou zamra\u010denou odhodlanost\u00ed, jakou dok\u00e1\u017eou sn\u00e9st mu\u017ei v oblec\u00edch za deset tis\u00edc dolar\u016f, z\u00edrali na rusk\u00e9ho prezidenta Putina. A\u010dkoli se n\u00e1m Ameri\u010dan\u016fm evropsk\u00e9 elity posm\u00edvaj\u00ed jako band\u011b ignorantsk\u00fdch, zavalit\u00fdch kovboj\u016f, pa\u0159\u00ed\u017esk\u00fd summit ud\u011blal, co mohl, aby sv\u011btu sd\u011blil, \u017ee nejv\u00e1\u017en\u011bj\u0161\u00ed evrop\u0161t\u00ed str\u00e1\u017eci z\u00e1kona vytvo\u0159ili smrt\u00edc\u00ed skupinu, kter\u00e1 se nevzd\u00e1, dokud nebude z rozr\u016fstaj\u00edc\u00ed se plant\u00e1\u017ee Evropsk\u00e9 unie vyhn\u00e1n ka\u017ed\u00fd posledn\u00ed Rus.<\/span><\/p>\n<p><span dir=\"auto\">Ale krom\u011b l\u00e1sky evropsk\u00fdch l\u00eddr\u016f k blbostem a jejich z\u00e1liby v tom, \u017ee si tr\u010d\u00ed nosy tak vysoko, \u017ee zbytek sv\u011bta nevid\u00ed nic ne\u017e chloupky v nose, jak budou podporovat v\u0161echny sv\u00e9 protirusk\u00e9 hrozby? Nemohou. Jejich arm\u00e1dy jsou mokr\u00e9 nudle a ka\u017ed\u00fd evropsk\u00fd gener\u00e1l to v\u00ed. Je to americk\u00e1 arm\u00e1da, kter\u00e1 umo\u017e\u0148uje evropsk\u00fdm lord\u016fm poskakovat na jevi\u0161ti s afektem, \u017ee maj\u00ed zakrn\u011bl\u00e9 p\u00e1te\u0159e. Jsou to ameri\u010dt\u00ed voj\u00e1ci a jejich kovbojsk\u00e9 zp\u016fsoby, kter\u00e9 umo\u017e\u0148uj\u00ed evropsk\u00fdm elit\u00e1m p\u0159edst\u00edrat, \u017ee jejich p\u0159irozen\u00fd stav je cokoli jin\u00e9ho ne\u017e kapitulace v le\u017een\u00ed na z\u00e1dech. Vezmete americk\u00e9 vojensk\u00e9 s\u00edle um\u00edraj\u00edc\u00edmu NATO a kontingent star\u00fdch dobr\u00fdch Texan\u016f by mohl dob\u00fdt v\u011bt\u0161inu Francie, ne\u017e by se miniaturn\u00ed Macron p\u0159evl\u00e9kl do sv\u00fdch mokas\u00edn\u016f na vysok\u00fdch podpatc\u00edch.<\/span><\/p>\n<p><span dir=\"auto\">Pro\u010d tedy d\u00e1nsk\u00e1 premi\u00e9rka oznamuje sv\u011btu, \u017ee americk\u00e1 okupace Gr\u00f3nska by znamenala konec NATO? To je jako ohl\u00e1sit nezn\u00e1m\u00e9mu \u017eh\u00e1\u0159i, \u017ee pokud nep\u0159estane zakl\u00e1dat po\u017e\u00e1ry, rozpust\u00ed hasi\u010dsk\u00fd sbor. Co si o tom d\u00e1nsk\u00e1 premi\u00e9rka mysl\u00ed? M\u00e1 jednu veslici plnou t\u0159\u00ed chlap\u016f ozbrojen\u00fdch mor\u00e1ln\u011b rozho\u0159\u010den\u00fdmi slovy a sv\u011btlicemi, kter\u00e9 st\u0159e\u017e\u00ed nejv\u011bt\u0161\u00ed ostrov sv\u011bta. Pokud po\u0161le americk\u00e9 voj\u00e1ky a vojenskou techniku \u200b\u200bzp\u011bt na z\u00e1padn\u00ed polokouli, pak mo\u017en\u00e1 tat\u00e1\u017e rusk\u00e1 arm\u00e1da, kter\u00e1 se posledn\u00ed \u010dty\u0159i roky sna\u017eila zkrotit v\u00fdchodn\u00ed \u00fazem\u00ed Ukrajiny, skute\u010dn\u011b dobije celou Evropu. Jak pl\u00e1nuje d\u00e1nsk\u00e1 premi\u00e9rka Mette Frederiksenov\u00e1 br\u00e1nit sv\u016fj seversk\u00fd poloostrov a okoln\u00ed ostrovy p\u0159ed Putinovou slovanskou hordou? Se zamra\u010den\u00fdm obo\u010d\u00edm, pr\u00e1vn\u011b z\u00e1vazn\u00fdmi smlouvami a p\u0159\u00edsn\u00fdmi slovy?<\/span><\/p>\n<p><span dir=\"auto\">Pravdou je, \u017ee Gr\u00f3nsko sotva n\u011bkomu pat\u0159\u00ed. Je t\u0159ikr\u00e1t v\u011bt\u0161\u00ed ne\u017e druh\u00fd nejv\u011bt\u0161\u00ed ostrov sv\u011bta a zab\u00edr\u00e1 t\u00e9m\u011b\u0159 t\u0159icet procent australsk\u00e9 pevniny. Gr\u00f3nsko m\u00e1 v\u0161ak pouze 56 000 obyvatel, co\u017e z n\u011bj \u010din\u00ed nejm\u00e9n\u011b hust\u011b os\u00eddlenou zemi na sv\u011bt\u011b. A\u010dkoli si Norsk\u00e9 a D\u00e1nsk\u00e9 kr\u00e1lovstv\u00ed n\u00e1rokuj\u00ed Gr\u00f3nsko ji\u017e tis\u00edc let, devades\u00e1t procent dne\u0161n\u00ed populace tvo\u0159\u00ed Inuit\u00e9. D\u00e1nov\u00e9 naopak tvo\u0159\u00ed asi sedm procent. Naz\u00fdvat Gr\u00f3nsko d\u00e1nsk\u00fdm je jako Spojen\u00e9 kr\u00e1lovstv\u00ed naz\u00fdvat Indii britskou. Je to poz\u016fstatek evropsk\u00e9ho kolonialismu \u2013 ten sam\u00fd stra\u0161\u00e1k, kter\u00fd evropsk\u00e9 elity pokrytecky odsuzuj\u00ed sv\u00fdm ob\u010dan\u016fm jako \u201erasistick\u00fd\u201c, \u201eimperialistick\u00fd\u201c a \u201eneslu\u010diteln\u00fd\u201c s jednadvac\u00e1t\u00fdm stolet\u00edm. Prohl\u00e1\u0161en\u00ed premi\u00e9ra Frederiksena, \u017ee 50 000 Inuit\u016f mus\u00ed z\u016fstat sou\u010d\u00e1st\u00ed d\u00e1nsk\u00e9 \u0159\u00ed\u0161e, zn\u00ed jako kysel\u00e9 hrozny od mocnosti Star\u00e9ho sv\u011bta, kter\u00e1 c\u00edt\u00ed p\u0159ehnan\u00fd pocit vlastn\u00ed hodnoty, proto\u017ee v\u00ed, \u017ee Gr\u00f3nsko p\u0159edstavuje devades\u00e1t osm procent jeho celkov\u00e9 pevniny.<\/span><\/p>\n<p><span dir=\"auto\">Ka\u017ed\u00fd, kdo se pod\u00edv\u00e1 na mapu sv\u011bta se st\u0159edem v oblasti severn\u00edho p\u00f3lu, dok\u00e1\u017ee pochopit strategick\u00e9 my\u0161len\u00ed prezidenta Trumpa. Arktida je boji\u0161t\u011bm z\u00edt\u0159ka. Rusko a seversk\u00e9 zem\u011b obklopuj\u00ed jednu stranu Arktidy. Na z\u00e1padn\u00ed polokouli kruh uzav\u00edraj\u00ed Alja\u0161ka, Kanada a Gr\u00f3nsko. Kanada \u2013 socialistick\u00e1 zem\u011b, kter\u00e1 se st\u00e1le klan\u00ed kr\u00e1li Karlu III. a m\u00e1 p\u0159\u00edli\u0161 mnoho ekonomick\u00fdch vazeb na komunistickou \u010c\u00ednu \u2013 je nespolehliv\u00fdm partnerem. Pouze \u010derveno-b\u00edlo-mod\u0159\u00ed Ameri\u010dan\u00e9 mohou \u0159\u00e1dn\u011b br\u00e1nit severoamerickou stranu Arktidy. Krom\u011b toho americk\u00e1 arm\u00e1da investuje do obrany Gr\u00f3nska ji\u017e posledn\u00ed stolet\u00ed.<\/span><\/p>\n<p><span dir=\"auto\">Ameri\u010dan\u00e9 u\u017e Gr\u00f3nsko br\u00e1n\u00ed. P\u0159edst\u00edrat, \u017ee n\u011bjak\u00fdm zp\u016fsobem pat\u0159\u00ed D\u00e1nsk\u00e9mu kr\u00e1lovstv\u00ed, je malichern\u00fd narcismus. Evropsk\u00e9 elity bohu\u017eel krom\u011b malichern\u00e9ho narcismu v ni\u010dem jin\u00e9m nevynikaj\u00ed. D\u00e1nsk\u00fd premi\u00e9r Frederiksen se tedy zamra\u010d\u00ed. Triumvir\u00e1t mal\u00fdch mr\u0148at \u2013 Starmer, Macron a Merz \u2013 bude dupat nohama a vyhro\u017eovat prezidentu Trumpovi v\u0161\u00ed svou neviditelnou silou. Ale \u017e\u00e1dn\u00e9 evropsk\u00e9 fun\u011bn\u00ed a fun\u011bn\u00ed prezident\u016fv n\u00e1zor nezm\u011bn\u00ed. Jakmile se rozhodne, \u017ee se mus\u00ed n\u011bco ud\u011blat na obranu americk\u00e9 n\u00e1rodn\u00ed bezpe\u010dnosti, ud\u011bl\u00e1 se to v prav\u00fd \u010das.<\/span><\/p>\n<p><span dir=\"auto\">A\u0165 u\u017e budou fin\u00e1ln\u00ed detaily dops\u00e1ny jakkoli, severoamerick\u00e9 Gr\u00f3nsko bude op\u011bt pat\u0159it Severoameri\u010dan\u016fm. Nebo se star\u00e9 evropsk\u00e9 monarchie domn\u00edvaly, \u017ee Monroeova (\u010di Don-roeova) doktr\u00edna plat\u00ed pouze pro regiony na Jihu?<\/span><\/p>\n<p><span style=\"font-size: 10pt;\"><a href=\"https:\/\/www.americanthinker.com\/articles\/2026\/01\/europe_pretends_to_own_greenland.html\">ZDROJ<\/a><\/span><\/p>\n<p>&nbsp;<\/p>\n","protected":false},"excerpt":{"rendered":"<p>Ameri\u010dan\u00e9 u\u017e Gr\u00f3nsko br\u00e1n\u00ed. P\u0159edst\u00edrat, \u017ee n\u011bjak\u00fdm zp\u016fsobem pat\u0159\u00ed D\u00e1nsk\u00e9mu kr\u00e1lovstv\u00ed, je malichern\u00fd narcismus.\u00a0 Nejodporn\u011bj\u0161\u00ed&#8230;<\/p>\n","protected":false},"author":2,"featured_media":96899,"comment_status":"closed","ping_status":"closed","sticky":false,"template":"","format":"standard","meta":[],"categories":[7],"tags":[1669,500,3484,1503],"_links":{"self":[{"href":"https:\/\/www.infokuryr.cz\/n\/wp-json\/wp\/v2\/posts\/96898"}],"collection":[{"href":"https:\/\/www.infokuryr.cz\/n\/wp-json\/wp\/v2\/posts"}],"about":[{"href":"https:\/\/www.infokuryr.cz\/n\/wp-json\/wp\/v2\/types\/post"}],"author":[{"embeddable":true,"href":"https:\/\/www.infokuryr.cz\/n\/wp-json\/wp\/v2\/users\/2"}],"replies":[{"embeddable":true,"href":"https:\/\/www.infokuryr.cz\/n\/wp-json\/wp\/v2\/comments?post=96898"}],"version-history":[{"count":0,"href":"https:\/\/www.infokuryr.cz\/n\/wp-json\/wp\/v2\/posts\/96898\/revisions"}],"wp:featuredmedia":[{"embeddable":true,"href":"https:\/\/www.infokuryr.cz\/n\/wp-json\/wp\/v2\/media\/96899"}],"wp:attachment":[{"href":"https:\/\/www.infokuryr.cz\/n\/wp-json\/wp\/v2\/media?parent=96898"}],"wp:term":[{"taxonomy":"category","embeddable":true,"href":"https:\/\/www.infokuryr.cz\/n\/wp-json\/wp\/v2\/categories?post=96898"},{"taxonomy":"post_tag","embeddable":true,"href":"https:\/\/www.infokuryr.cz\/n\/wp-json\/wp\/v2\/tags?post=96898"}],"curies":[{"name":"wp","href":"https:\/\/api.w.org\/{rel}","templated":true}]}}