{"id":96863,"date":"2026-01-14T00:34:25","date_gmt":"2026-01-13T23:34:25","guid":{"rendered":"https:\/\/www.infokuryr.cz\/n\/?p=96863"},"modified":"2026-01-13T16:41:29","modified_gmt":"2026-01-13T15:41:29","slug":"od-noriegy-k-madurovi-dlouha-historie-unosu-hlav-zahranicnich-statu-usa","status":"publish","type":"post","link":"https:\/\/www.infokuryr.cz\/n\/2026\/01\/14\/od-noriegy-k-madurovi-dlouha-historie-unosu-hlav-zahranicnich-statu-usa\/","title":{"rendered":"Od Noriegy k Madurovi: Dlouh\u00e1 historie \u00fanos\u016f hlav zahrani\u010dn\u00edch st\u00e1t\u016f USA"},"content":{"rendered":"<div id=\"fb-root\"><\/div>\n<div class=\"elementor-element elementor-element-1fb4c2c elementor-widget elementor-widget-theme-post-content\" data-id=\"1fb4c2c\" data-element_type=\"widget\" data-widget_type=\"theme-post-content.default\">\n<div class=\"elementor-widget-container\">\n<p><strong><span dir=\"auto\">\u00danos prezidenta Nicol\u00e1se Madura Trumpovou administrativou nepochybn\u011b \u0161okoval sv\u011bt, ale je sou\u010d\u00e1st\u00ed dlouh\u00e9 historie \u00fanos\u016f hlav zahrani\u010dn\u00edch st\u00e1t\u016f Spojen\u00fdmi st\u00e1ty.<\/span><\/strong><\/p>\n<p><span dir=\"auto\">3. ledna americk\u00e9 speci\u00e1ln\u00ed jednotky letecky vtrhly do Venezuely, zajaly Madura a prvn\u00ed d\u00e1mu Cilii Floresovou a zabily p\u0159ibli\u017en\u011b 80 lid\u00ed. Ti byli letecky p\u0159epraveni do Spojen\u00fdch st\u00e1t\u016f, kde byl Maduro souzen za \u00fadajn\u00e9 obchodov\u00e1n\u00ed s drogami a dr\u017een\u00ed st\u0159eln\u00fdch zbran\u00ed.<\/span><\/p>\n<p><span dir=\"auto\">A\u010dkoli s\u00e1m prezident Trump prohl\u00e1sil, \u017ee \u201e\u00fanos\u201c je pro to, co se stalo, m\u00e9dia po cel\u00e9m sv\u011bt\u011b se zdr\u017eela pou\u017e\u00edv\u00e1n\u00ed tohoto z\u0159ejm\u00e9ho slova a rad\u011bji pou\u017e\u00edvala \u201ezajet\u00ed\u201c nebo \u201ezat\u010den\u00ed\u201c. Tyto term\u00edny vrhaj\u00ed incident do jin\u00e9ho sv\u011btla a zpochyb\u0148uj\u00ed jeho nez\u00e1konnost, \u010d\u00edm\u017e pom\u00e1haj\u00ed generovat ve\u0159ejn\u00e9 uzn\u00e1n\u00ed z\u00e1va\u017en\u00e9ho poru\u0161en\u00ed mezin\u00e1rodn\u00edho pr\u00e1va. Veden\u00ed BBC dokonce zaslalo sv\u00fdm zam\u011bstnanc\u016fm memorandum, v n\u011bm\u017e je jednozna\u010dn\u011b na\u0159izovalo, aby se p\u0159i informov\u00e1n\u00ed o ud\u00e1lostech \u201evyh\u00fdbali pou\u017e\u00edv\u00e1n\u00ed term\u00ednu \u201aunesen\u00fd\u2018\u201c.<\/span><\/p>\n<h3 class=\"has-medium-font-size\"><strong><span dir=\"auto\">Venezuela v centru pozornosti<\/span><\/strong><\/h3>\n<p><span dir=\"auto\">Maduro nen\u00ed prvn\u00edm venezuelsk\u00fdm politikem, jeho\u017e \u00fanos podpo\u0159il Washington. V roce 2002 Bushova administrativa napl\u00e1novala a provedla p\u0159evrat, kter\u00fd do\u010dasn\u011b sesadil z funkce Madurova p\u0159edch\u016fdce Huga Ch\u00e1veze.<\/span><\/p>\n<p><span dir=\"auto\">Americk\u00e1 vl\u00e1da str\u00e1vila m\u011bs\u00edce organizac\u00ed a financov\u00e1n\u00edm v\u016fdc\u016f pu\u010de a kl\u00ed\u010dov\u00e9 osobnosti letecky p\u0159epravovala do Washingtonu, D.C., na setk\u00e1n\u00ed s nejvy\u0161\u0161\u00edmi p\u0159edstaviteli. V den pu\u010de byl americk\u00fd velvyslanec Charles Shapiro ve vile m\u00edstn\u00edho medi\u00e1ln\u00edho magn\u00e1ta Gustava Cisnerose, s\u00eddle pu\u010de.<\/span><\/p>\n<p><span dir=\"auto\">Dv\u011b americk\u00e9 v\u00e1le\u010dn\u00e9 lod\u011b vpluly do venezuelsk\u00fdch vod a zam\u00ed\u0159ily k odlehl\u00e9mu ostrovu La Orchila, kam byl Ch\u00e1vez p\u0159evezen vrtuln\u00edkem. S\u00e1m Ch\u00e1vez uvedl, \u017ee p\u0159i jeho \u00fanosu byli p\u0159\u00edtomni vysoc\u00ed ameri\u010dt\u00ed p\u0159edstavitel\u00e9. Nen\u00ed divu, \u017ee Bushova administrativa tuto akci okam\u017eit\u011b schv\u00e1lila a ozna\u010dila ji za n\u00e1vrat k demokracii.<\/span><\/p>\n<p><span dir=\"auto\">Ch\u00e1vez unikl stejn\u00e9mu osudu jako Maduro jen proto, \u017ee miliony Venezuelan\u016f vy\u0161ly do ulic a po\u017eadovaly n\u00e1vrat sv\u00e9ho prezidenta. Jejich \u010diny podn\u00edtily loaj\u00e1ln\u00ed vojensk\u00e9 jednotky k dobyt\u00ed prezidentsk\u00e9ho pal\u00e1ce a pokus o p\u0159evrat selhal. Po p\u0159evratu USA \u010dty\u0159n\u00e1sobn\u011b zv\u00fd\u0161ily financov\u00e1n\u00ed v\u016fdc\u016f pu\u010de (v\u010detn\u011b Marie Coriny Machado) prost\u0159ednictv\u00edm agentur jako USAID a National Endowment for Democracy.<\/span><\/p>\n<p><span dir=\"auto\">K dal\u0161\u00edmu \u00fanosu venezuelsk\u00e9ho \u00fa\u0159edn\u00edka do\u0161lo v \u010dervnu 2020, kdy USA sest\u0159elily letadlo s venezuelsk\u00fdm diplomatem Alexem Saabem. Saab se v t\u00e9 dob\u011b nach\u00e1zel na Kapverd\u00e1ch a vracel se z diplomatick\u00e9 mise v \u00cdr\u00e1nu, kde pom\u00e1hal obch\u00e1zet americk\u00e9 sankce. Propu\u0161t\u011bn byl a\u017e v roce 2023 pot\u00e9, co Venezuela vyjednala v\u00fdm\u011bnu v\u011bz\u0148\u016f, do kter\u00e9 bylo zapojeno n\u011bkolik agent\u016f CIA zajat\u00fdch ve Venezuele za prov\u00e1d\u011bn\u00ed teroristick\u00fdch \u00fatok\u016f proti infrastruktu\u0159e zem\u011b.<\/span><\/p>\n<h3 class=\"has-medium-font-size\"><strong><span dir=\"auto\">Tyrani na dvorku<\/span><\/strong><\/h3>\n<p><span dir=\"auto\">Opat\u0159en\u00ed proti Madurovi p\u0159ich\u00e1zej\u00ed p\u0159esn\u011b 36 let pot\u00e9, co Spojen\u00e9 st\u00e1ty unesly panamsk\u00e9ho prezidenta Manuela Noriegu. Stejn\u011b jako Maduro byl i Noriega obvin\u011bn z drogov\u00fdch trestn\u00fdch \u010din\u016f. Na rozd\u00edl od Madura v\u0161ak o jeho vin\u011b nen\u00ed pochyb, proto\u017ee v dob\u011b sp\u00e1ch\u00e1n\u00ed zlo\u010din\u016f byl zam\u011bstnancem CIA.<\/span><\/p>\n<p><span dir=\"auto\">USA v prosinci 1989 vtrhly do Panamy s 27 000 voj\u00e1ky, probojovaly se k prezidentsk\u00e9mu pal\u00e1ci a zabily stovky Panamanc\u016f. Noriega se Ameri\u010dan\u016fm vzdal 3. ledna 1990 a zbytek \u017eivota str\u00e1vil ve v\u011bzen\u00ed. Zem\u0159el v roce 2017.<\/span><\/p>\n<p><span dir=\"auto\">Samotn\u00e1 Panama byla od Kolumbie odd\u011blena administrativou Theodora Roosevelta, aby Spojen\u00e9 st\u00e1ty mohly p\u0159\u00edmo kontrolovat Panamsk\u00fd pr\u016fplav, kter\u00fd byl v t\u00e9 dob\u011b ve v\u00fdstavb\u011b. Tak\u00e9 Haiti opakovan\u011b trp\u011blo pod p\u0159\u00edmou intervenc\u00ed USA. Spojen\u00e9 st\u00e1ty v roce 1915 napadly tento ostrovn\u00ed st\u00e1t, 19 let jej okupovaly a pot\u00e9 nastolily \u0159adu brut\u00e1ln\u00edch diktatur, kter\u00e9 utla\u010dovaly obyvatelstvo.<\/span><\/p>\n<p><span dir=\"auto\">Z\u00e1blesk nad\u011bje v dlouh\u00e9 a temn\u00e9 historii p\u0159i\u0161el v roce 1990, kdy prvn\u00ed demokratick\u00e9 volby v zemi p\u0159ivedly k moci populistick\u00e9ho kn\u011bze Jeana-Bertranda Aristida. Aristide porazil kandid\u00e1ta podporovan\u00e9ho USA Marca Bazina (b\u00fdval\u00e9ho \u00fa\u0159edn\u00edka Sv\u011btov\u00e9 banky) s rozd\u00edlem 68 % ku 14 % hlas\u016f. USA odm\u00edtly v\u00fdsledek uznat a sna\u017eily se Aristida svrhnout, tak\u017ee Bazin se nakonec stal prezidentem.<\/span><\/p>\n<p><span dir=\"auto\">Je pozoruhodn\u00e9, \u017ee Aristidova politick\u00e1 kari\u00e9ra t\u00edm neskon\u010dila a v roce 2000 byl znovu zvolen. Odm\u00edtl akceptovat roli Haiti jako zdroje levn\u00e9 pracovn\u00ed s\u00edly pro USA a trval na budov\u00e1n\u00ed spravedliv\u00e9, rovnopr\u00e1vn\u00e9 a prosperuj\u00edc\u00ed zem\u011b.<\/span><\/p>\n<p><span dir=\"auto\">To ho postavilo na dal\u0161\u00ed sr\u00e1\u017eku s Washingtonem, kter\u00fd proti n\u011bmu v \u00fanoru 2004 zorganizoval pu\u010d. Ameri\u010dt\u00ed voj\u00e1ci vtrhli na Haiti, obkl\u00ed\u010dili prezidentsk\u00fd pal\u00e1c, unesli Aristida a uvrhli zemi do dal\u0161\u00ed f\u00e1ze diktatury, ze kter\u00e9 se dosud nevyno\u0159ila.<\/span><\/p>\n<p><span dir=\"auto\">\u201eV noci 28. \u00fanora do\u0161lo k p\u0159evratu. Dalo by se \u0159\u00edci, \u017ee \u0161lo o terorismus maskovan\u00fd jako diplomacie,\u201c \u0159ekl Aristide a informoval, \u017ee t\u011b\u017ece ozbrojen\u00ed \u201eb\u00edl\u00ed cizinci\u201c obr\u00e1tili proti n\u011bmu zbran\u011b, donutili ho k rezignaci a odvedli ho do nucen\u00e9ho exilu ve St\u0159edoafrick\u00e9 republice a Jihoafrick\u00e9 republice.<\/span><\/p>\n<p><span dir=\"auto\">B\u011bhem \u00fanosu se Aristide zoufale sna\u017eil po\u017e\u00e1dat Huga Ch\u00e1veze o pomoc. Ch\u00e1vez byl v\u0161ak na konferenci a nezkontroloval si telefon. \u201eJsem neuv\u011b\u0159iteln\u011b rozru\u0161en\u00fd. Sna\u017eil se mi dovolat a my jsme byli zanepr\u00e1zdn\u011bni konferenc\u00ed. Ne\u017e jsem dostal zpr\u00e1vu, u\u017e bylo pozd\u011b. U\u017e byl odvezen do Ji\u017en\u00ed Afriky a lituji toho,\u201c \u0159ekl Ch\u00e1vez s t\u00edm, \u017ee se Aristidovi sna\u017eil pomoci \u00fanos p\u0159e\u017e\u00edt.<\/span><\/p>\n<p><span dir=\"auto\">V roce 2013 Spojen\u00e9 st\u00e1ty donutily prezidentsk\u00e9 letadlo bolivijsk\u00e9ho prezidenta Eva Moralese p\u0159ist\u00e1t nad Rakouskem a po\u017eadovaly, aby letadlo nastoupilo na palubu, co\u017e vedlo k napjat\u00e9 patov\u00e9 situaci, kterou viceprezident \u00c1lvaro Garc\u00eda Linera popsal jako \u201eimperialistick\u00fd \u00fanos\u201c.<\/span><\/p>\n<p><span dir=\"auto\">Morales se vracel z Moskvy a ameri\u010dt\u00ed p\u0159edstavitel\u00e9 se domn\u00edvali, \u017ee na palub\u011b letadla je inform\u00e1tor Edward Snowden. M\u00edsto toho, aby Snowdenovi umo\u017enil \u00fat\u011bk na svobodu, se Washington rozhodl vyprovokovat velk\u00fd diplomatick\u00fd incident. Moralesovi se pozd\u011bji poda\u0159ilo vr\u00e1tit se do vlasti. Snowden na palub\u011b nebyl.<\/span><\/p>\n<p><span dir=\"auto\">Americk\u00e9 \u00fa\u0159edn\u00edky v\u0161ak stejn\u00fd osud nepostihne, a to d\u00edky m\u00e1lo zn\u00e1m\u00e9mu z\u00e1konu, kter\u00fd v roce 2002 schv\u00e1lila Bushova administrativa. Haagsk\u00fd z\u00e1kon o invazi stanov\u00ed, \u017ee pokud je americk\u00fd \u00fa\u0159edn\u00edk nebo vojensk\u00fd p\u0159\u00edslu\u0161n\u00edk uv\u011bzn\u011bn v zahrani\u010d\u00ed Mezin\u00e1rodn\u00edm trestn\u00edm soudem, mohou Spojen\u00e9 st\u00e1ty napadnout Nizozemsko (sv\u00e9ho spojence v NATO), aby zabr\u00e1nily jeho soudn\u00edmu \u0159\u00edzen\u00ed.<\/span><\/p>\n<h3 class=\"has-medium-font-size\"><strong><span dir=\"auto\">Kdo je dal\u0161\u00ed?<\/span><\/strong><\/h3>\n<p><span dir=\"auto\">Madur\u016fv \u00fanos by se mohl uk\u00e1zat jako jen prvn\u00ed v s\u00e9rii agresivn\u00edch akc\u00ed USA pl\u00e1novan\u00fdch ministerstvem zahrani\u010d\u00ed pod veden\u00edm Trumpa\/Rubia. Pot\u00e9, co odsoudil americk\u00e9 kroky proti Venezuele, Trump varoval, \u017ee kolumbijsk\u00fd prezident Gustavo Petro je \u201edal\u0161\u00ed\u201c v po\u0159ad\u00ed, kde by se m\u011bl zm\u011bnit re\u017eim. \u201eKolumbie je tak\u00e9 velmi nemocn\u00e1, vede ji nemocn\u00fd mu\u017e, kter\u00fd r\u00e1d vyr\u00e1b\u00ed kokain a prod\u00e1v\u00e1 ho Spojen\u00fdm st\u00e1t\u016fm. A m\u016f\u017eu v\u00e1m \u0159\u00edct, \u017ee to u\u017e dlouho d\u011blat nebude,\u201c prohl\u00e1sil a dodal, \u017ee vojensk\u00e1 operace proti Petrovi mu \u201ezn\u00ed dob\u0159e\u201c. V posledn\u00edch dnech Trump tak\u00e9 poznamenal, \u017ee Kuba se zd\u00e1 b\u00fdt \u201ep\u0159ipravena k p\u00e1du\u201c a \u017ee Spojen\u00e9 st\u00e1ty hodlaj\u00ed anektovat Gr\u00f3nsko.<\/span><\/p>\n<p><span dir=\"auto\">A\u010dkoli \u00fanos hlavy ciz\u00edho st\u00e1tu a jeho odsouzen\u00ed Spojen\u00fdmi st\u00e1ty na z\u00e1klad\u011b pochybn\u00fdch obvin\u011bn\u00ed mohly sv\u011bt \u0161okovat, zapad\u00e1 to do dlouh\u00e9 historie americk\u00fdch imperialistick\u00fdch opat\u0159en\u00ed zam\u011b\u0159en\u00fdch na eliminaci v\u016fdc\u016f a hnut\u00ed, kter\u00e1 neslou\u017e\u00ed z\u00e1jm\u016fm Washingtonu. A to by mohl b\u00fdt jen za\u010d\u00e1tek cel\u00e9 \u0159ady dal\u0161\u00edch opat\u0159en\u00ed.<\/span><\/p>\n<p><strong><em><span dir=\"auto\">Od Alana Macleoda<\/span><\/em><\/strong><\/p>\n<p><span style=\"font-size: 10pt;\"><em><strong>Tituln\u00ed fotografie<\/strong> | Manuel Antonio Noriega sleduje, jak mu ameri\u010dt\u00ed policist\u00e9 z protidrogov\u00e9 policie 4. ledna 1990 na palub\u011b transportn\u00edho letadla C-130 nasazuj\u00ed \u0159et\u011bzy kolem pasu. Noriega se vzdal americk\u00fdm \u00fa\u0159ad\u016fm v Panama City a byl letecky p\u0159evezen do Miami na Florid\u011b, kde byl obvin\u011bn z obchodov\u00e1n\u00ed s drogami. Foto | AP<\/em><\/span><\/p>\n<\/div>\n<\/div>\n<div class=\"elementor-element elementor-element-8c57238 quelle dc-has-condition dc-condition-empty elementor-widget elementor-widget-heading\" data-id=\"8c57238\" data-element_type=\"widget\" data-widget_type=\"heading.default\">\n<div class=\"elementor-widget-container\">\n<h3 class=\"elementor-heading-title elementor-size-default\"><span style=\"font-size: 10pt;\"><a href=\"https:\/\/www.mintpressnews.com\/us-kidnapping-foreign-leaders-history\/290630\/\" target=\"_blank\" rel=\"nofollow noopener\"><span dir=\"auto\">Zdroj<\/span><\/a><\/span><\/h3>\n<p>&nbsp;<\/p>\n<\/div>\n<\/div>\n","protected":false},"excerpt":{"rendered":"<p>\u00danos prezidenta Nicol\u00e1se Madura Trumpovou administrativou nepochybn\u011b \u0161okoval sv\u011bt, ale je sou\u010d\u00e1st\u00ed dlouh\u00e9 historie \u00fanos\u016f&#8230;<\/p>\n","protected":false},"author":2,"featured_media":96864,"comment_status":"closed","ping_status":"closed","sticky":false,"template":"","format":"standard","meta":[],"categories":[7],"tags":[1503,2044,10398,2520,37],"_links":{"self":[{"href":"https:\/\/www.infokuryr.cz\/n\/wp-json\/wp\/v2\/posts\/96863"}],"collection":[{"href":"https:\/\/www.infokuryr.cz\/n\/wp-json\/wp\/v2\/posts"}],"about":[{"href":"https:\/\/www.infokuryr.cz\/n\/wp-json\/wp\/v2\/types\/post"}],"author":[{"embeddable":true,"href":"https:\/\/www.infokuryr.cz\/n\/wp-json\/wp\/v2\/users\/2"}],"replies":[{"embeddable":true,"href":"https:\/\/www.infokuryr.cz\/n\/wp-json\/wp\/v2\/comments?post=96863"}],"version-history":[{"count":0,"href":"https:\/\/www.infokuryr.cz\/n\/wp-json\/wp\/v2\/posts\/96863\/revisions"}],"wp:featuredmedia":[{"embeddable":true,"href":"https:\/\/www.infokuryr.cz\/n\/wp-json\/wp\/v2\/media\/96864"}],"wp:attachment":[{"href":"https:\/\/www.infokuryr.cz\/n\/wp-json\/wp\/v2\/media?parent=96863"}],"wp:term":[{"taxonomy":"category","embeddable":true,"href":"https:\/\/www.infokuryr.cz\/n\/wp-json\/wp\/v2\/categories?post=96863"},{"taxonomy":"post_tag","embeddable":true,"href":"https:\/\/www.infokuryr.cz\/n\/wp-json\/wp\/v2\/tags?post=96863"}],"curies":[{"name":"wp","href":"https:\/\/api.w.org\/{rel}","templated":true}]}}