{"id":96840,"date":"2026-01-14T00:13:56","date_gmt":"2026-01-13T23:13:56","guid":{"rendered":"https:\/\/www.infokuryr.cz\/n\/?p=96840"},"modified":"2026-01-13T11:13:41","modified_gmt":"2026-01-13T10:13:41","slug":"petr-pokorny-lze-overit-zpravu-ladislava-vetvicky-z-cesty-do-ruska-samozrejme-ale-v-karte-plukovnika-foltyna-to-neni","status":"publish","type":"post","link":"https:\/\/www.infokuryr.cz\/n\/2026\/01\/14\/petr-pokorny-lze-overit-zpravu-ladislava-vetvicky-z-cesty-do-ruska-samozrejme-ale-v-karte-plukovnika-foltyna-to-neni\/","title":{"rendered":"Petr Pokorn\u00fd: Lze ov\u011b\u0159it zpr\u00e1vu Ladislava V\u011btvi\u010dky z cesty do Ruska? Samoz\u0159ejm\u011b, ale v kart\u011b plukovn\u00edka Folt\u00fdna to nen\u00ed!"},"content":{"rendered":"<div id=\"fb-root\"><\/div>\n<h4>V\u0161imli jste si, \u017ee re\u017eim, kter\u00fd se hrout\u00ed, stav\u00ed ostnat\u00e9 dr\u00e1ty na sv\u00fdch hranic\u00edch? \u017de jsme m\u011bli ostnat\u00e9 dr\u00e1ty na z\u00e1padn\u00edch hranic\u00edch, zat\u00edmco dnes jsou na v\u00fdchodn\u00edch hranic\u00edch, aby nikdo tu &#8222;v\u00fdchodn\u00ed b\u00eddu&#8220; nevid\u011bl?<\/h4>\n<p><iframe loading=\"lazy\" title=\"Milan Zad\u011bl\u00e1k - nez\u00e1visl\u00fd novin\u00e1\u0159 a kameraman - Pr\u00e1v\u011b jsem p\u0159ijel z Moskvy\" width=\"640\" height=\"360\" src=\"https:\/\/www.youtube.com\/embed\/vuWoYHMcoe0?feature=oembed\" frameborder=\"0\" allow=\"accelerometer; autoplay; clipboard-write; encrypted-media; gyroscope; picture-in-picture; web-share\" referrerpolicy=\"strict-origin-when-cross-origin\" allowfullscreen><\/iframe><\/p>\n<h4>CZ Milan Zad\u011bl\u00e1k &#8211; nez\u00e1visl\u00fd novin\u00e1\u0159 a kameraman &#8211; Pr\u00e1v\u011b jsem p\u0159ijel z Moskvy<\/h4>\n<p>V\u0161\u00edmejte si, jak zoufale cenzo\u0159i a bruselsk\u00e1 totalita tvrd\u011b br\u00e1n\u00ed lidem, aby nikdo nevid\u011bl, jakou &#8222;stra\u0161nou b\u00eddou&#8220; \u017eij\u00ed lid\u00e9 v Rusku, a jak \u00fa\u017easn\u00fd r\u00e1j je s migranty a cenzurou v \u010cesk\u00e9 republice (byl a snad u\u017e kone\u010dn\u011b kon\u010d\u00ed i s kartou dareb\u00e1ka Folt\u00fdna) a hlavn\u011b v z\u00e1padn\u00ed Evrop\u011b a USA. Neuv\u011b\u0159iteln\u00e9, \u017ee nejv\u011bt\u0161\u00ed cenzor je Donald Trump a Leyenov\u00e1, \u017ee i Elon Musk za\u010dal na n\u011b nad\u00e1vat a d\u00e1vat to najevo. Mimochodem i jeho otec si Rusko pochvaluje, ale to se nesm\u00ed v\u011bd\u011bt. (V masmedi\u00edch).<\/p>\n<p>Je \u0161\u00edlen\u00e9, jak\u00fd jsme ud\u011blali \u00fapadek za dobu od roku 1968 (mimo let 1990 &#8211; 2004) a jak i p\u0159es sankce a zv\u011brstva z USA jdou ekonomiky Ruska a \u010c\u00edny tvrd\u011b kup\u0159edu. Co\u017e je nev\u00edce vid\u011bt v Rusku, kter\u00e9 d\u00edky Jelcinovi a rabov\u00e1n\u00ed Clintonem, kdy Rusko bylo v roce 2000 v defautu (nebyly pen\u00edze na spl\u00e1tky) se za 25 let v\u00edc ne\u017e vzpamatovalo.\u00a0<strong>Ale ps\u00e1t o tom byl zlo\u010din!<\/strong><\/p>\n<p>Mimochodem, v\u0161imli jste si OP\u011aT dehonesta\u010dn\u00ed kampa\u0148\u011b hned po volb\u00e1ch CNN Prima News, \u0161vihnut\u00e9 pr\u016fzkumy zadan\u00e9 touto televiz\u00ed, ani\u017e vl\u00e1da mohla uk\u00e1zat jedin\u00fd den, jak pracuje? Neskute\u010dn\u00e9 svinstvo!<\/p>\n<p><em>V\u00fd\u0161e video potvrzuje \u010dl\u00e1nek zn\u00e1m\u00e9ho (b\u00fdval\u00e9ho) blogera L\u00e1di V\u011btvi\u010dky, na kter\u00e9m se cenzura iDNES v minul\u00fdch l\u00e9tech vy\u0159\u00e1dila.\u00a0<\/em><\/p>\n<h4><span style=\"color: #ff0000;\"><a style=\"color: #ff0000;\" href=\"https:\/\/www.infokuryr.cz\/n\/2026\/01\/12\/zprava-ladislava-vetvicky-z-cesty-do-ruska\/\">Zpr\u00e1va Ladislava V\u011btvi\u010dky z cesty do Ruska<\/a><\/span><\/h4>\n<p><a href=\"https:\/\/www.skrytapravda.cz\/ze-zahranici\/2963-lze-overit-zprava-ladislava-vetvicky-z-cesty-do-ruska-samozrejme-ale-v-karte-plukovnika-foltyna-to-neni\">Petr Pokorn\u00fd<\/a><\/p>\n<p>&nbsp;<\/p>\n<p>&nbsp;<\/p>\n","protected":false},"excerpt":{"rendered":"<p>V\u0161imli jste si, \u017ee re\u017eim, kter\u00fd se hrout\u00ed, stav\u00ed ostnat\u00e9 dr\u00e1ty na sv\u00fdch hranic\u00edch? \u017de&#8230;<\/p>\n","protected":false},"author":2,"featured_media":96841,"comment_status":"closed","ping_status":"closed","sticky":false,"template":"","format":"standard","meta":[],"categories":[6],"tags":[1503,1304,1052,22,889],"_links":{"self":[{"href":"https:\/\/www.infokuryr.cz\/n\/wp-json\/wp\/v2\/posts\/96840"}],"collection":[{"href":"https:\/\/www.infokuryr.cz\/n\/wp-json\/wp\/v2\/posts"}],"about":[{"href":"https:\/\/www.infokuryr.cz\/n\/wp-json\/wp\/v2\/types\/post"}],"author":[{"embeddable":true,"href":"https:\/\/www.infokuryr.cz\/n\/wp-json\/wp\/v2\/users\/2"}],"replies":[{"embeddable":true,"href":"https:\/\/www.infokuryr.cz\/n\/wp-json\/wp\/v2\/comments?post=96840"}],"version-history":[{"count":1,"href":"https:\/\/www.infokuryr.cz\/n\/wp-json\/wp\/v2\/posts\/96840\/revisions"}],"predecessor-version":[{"id":96842,"href":"https:\/\/www.infokuryr.cz\/n\/wp-json\/wp\/v2\/posts\/96840\/revisions\/96842"}],"wp:featuredmedia":[{"embeddable":true,"href":"https:\/\/www.infokuryr.cz\/n\/wp-json\/wp\/v2\/media\/96841"}],"wp:attachment":[{"href":"https:\/\/www.infokuryr.cz\/n\/wp-json\/wp\/v2\/media?parent=96840"}],"wp:term":[{"taxonomy":"category","embeddable":true,"href":"https:\/\/www.infokuryr.cz\/n\/wp-json\/wp\/v2\/categories?post=96840"},{"taxonomy":"post_tag","embeddable":true,"href":"https:\/\/www.infokuryr.cz\/n\/wp-json\/wp\/v2\/tags?post=96840"}],"curies":[{"name":"wp","href":"https:\/\/api.w.org\/{rel}","templated":true}]}}