{"id":96834,"date":"2026-01-14T00:23:27","date_gmt":"2026-01-13T23:23:27","guid":{"rendered":"https:\/\/www.infokuryr.cz\/n\/?p=96834"},"modified":"2026-01-13T11:00:59","modified_gmt":"2026-01-13T10:00:59","slug":"americky-ministr-zdravotnictvi-kennedy-vyzyva-k-ukonceni-pronasledovani-lekaru-v-nemecku","status":"publish","type":"post","link":"https:\/\/www.infokuryr.cz\/n\/2026\/01\/14\/americky-ministr-zdravotnictvi-kennedy-vyzyva-k-ukonceni-pronasledovani-lekaru-v-nemecku\/","title":{"rendered":"Americk\u00fd ministr zdravotnictv\u00ed Kennedy vyz\u00fdv\u00e1 k ukon\u010den\u00ed pron\u00e1sledov\u00e1n\u00ed l\u00e9ka\u0159\u016f v N\u011bmecku"},"content":{"rendered":"<div id=\"fb-root\"><\/div>\n<p><strong><span dir=\"auto\">Dopis americk\u00e9ho ministra zdravotnictv\u00ed Roberta F. Kennedyho Jr. jeho n\u011bmeck\u00e9 prot\u011bj\u0161ce Nin\u011b Warkenov\u00e9 vyvolal mezin\u00e1rodn\u00ed rozruch. Obvi\u0148uje N\u011bmecko z ignorov\u00e1n\u00ed autonomie pacient\u016f a politick\u00e9ho pron\u00e1sledov\u00e1n\u00ed l\u00e9ka\u0159\u016f za odli\u0161n\u00e9 n\u00e1zory. Warkenov\u00e1 tato obvin\u011bn\u00ed vehementn\u011b odm\u00edt\u00e1 \u2013 ale pop\u00edr\u00e1 t\u00edm realitu, jeliko\u017e mnoho l\u00e9ka\u0159\u016f v N\u011bmecku \u010delilo b\u011bhem pandemie COVID-19 pr\u00e1vn\u00edmu st\u00edh\u00e1n\u00ed.<\/span><\/strong><\/p>\n<p><span dir=\"auto\">10. ledna 2026 zve\u0159ejnil Kennedy na X video, ve kter\u00e9m vysv\u011btloval dopis, kter\u00fd poslal.<\/span><\/p>\n<figure class=\"wp-block-embed is-type-rich is-provider-twitter wp-block-embed-twitter\">\n<div class=\"wp-block-embed__wrapper\">\n<div class=\"twitter-tweet twitter-tweet-rendered\"><iframe id=\"twitter-widget-0\" class=\"\" title=\"X P\u0159\u00edsp\u011bvek\" src=\"https:\/\/platform.twitter.com\/embed\/Tweet.html?dnt=true&amp;embedId=twitter-widget-0&amp;features=eyJ0ZndfdGltZWxpbmVfbGlzdCI6eyJidWNrZXQiOltdLCJ2ZXJzaW9uIjpudWxsfSwidGZ3X2ZvbGxvd2VyX2NvdW50X3N1bnNldCI6eyJidWNrZXQiOnRydWUsInZlcnNpb24iOm51bGx9LCJ0ZndfdHdlZXRfZWRpdF9iYWNrZW5kIjp7ImJ1Y2tldCI6Im9uIiwidmVyc2lvbiI6bnVsbH0sInRmd19yZWZzcmNfc2Vzc2lvbiI6eyJidWNrZXQiOiJvbiIsInZlcnNpb24iOm51bGx9LCJ0ZndfZm9zbnJfc29mdF9pbnRlcnZlbnRpb25zX2VuYWJsZWQiOnsiYnVja2V0Ijoib24iLCJ2ZXJzaW9uIjpudWxsfSwidGZ3X21peGVkX21lZGlhXzE1ODk3Ijp7ImJ1Y2tldCI6InRyZWF0bWVudCIsInZlcnNpb24iOm51bGx9LCJ0ZndfZXhwZXJpbWVudHNfY29va2llX2V4cGlyYXRpb24iOnsiYnVja2V0IjoxMjA5NjAwLCJ2ZXJzaW9uIjpudWxsfSwidGZ3X3Nob3dfYmlyZHdhdGNoX3Bpdm90c19lbmFibGVkIjp7ImJ1Y2tldCI6Im9uIiwidmVyc2lvbiI6bnVsbH0sInRmd19kdXBsaWNhdGVfc2NyaWJlc190b19zZXR0aW5ncyI6eyJidWNrZXQiOiJvbiIsInZlcnNpb24iOm51bGx9LCJ0ZndfdXNlX3Byb2ZpbGVfaW1hZ2Vfc2hhcGVfZW5hYmxlZCI6eyJidWNrZXQiOiJvbiIsInZlcnNpb24iOm51bGx9LCJ0ZndfdmlkZW9faGxzX2R5bmFtaWNfbWFuaWZlc3RzXzE1MDgyIjp7ImJ1Y2tldCI6InRydWVfYml0cmF0ZSIsInZlcnNpb24iOm51bGx9LCJ0ZndfbGVnYWN5X3RpbWVsaW5lX3N1bnNldCI6eyJidWNrZXQiOnRydWUsInZlcnNpb24iOm51bGx9LCJ0ZndfdHdlZXRfZWRpdF9mcm9udGVuZCI6eyJidWNrZXQiOiJvbiIsInZlcnNpb24iOm51bGx9fQ%3D%3D&amp;frame=false&amp;hideCard=false&amp;hideThread=false&amp;id=2010349911976423736&amp;lang=cs&amp;origin=https%3A%2F%2Freport24.news%2Fus-gesundheitsminister-kennedy-fordert-ende-der-arzt-verfolgungen-in-deutschland%2F&amp;sessionId=b0bed736a31b28751c1f5667d5e9667d4ba06c64&amp;theme=light&amp;widgetsVersion=2615f7e52b7e0%3A1702314776716&amp;width=550px\" frameborder=\"0\" scrolling=\"no\" allowfullscreen=\"allowfullscreen\" data-tweet-id=\"2010349911976423736\" data-mce-fragment=\"1\"><\/iframe><\/div>\n<\/div>\n<\/figure>\n<p><span dir=\"auto\">Kritizoval n\u011bmeckou vl\u00e1du za ignorov\u00e1n\u00ed autonomie pacient\u016f a br\u00e1n\u011bn\u00ed ob\u010dan\u016fm jednat podle vlastn\u00edho l\u00e9ka\u0159sk\u00e9ho p\u0159esv\u011bd\u010den\u00ed. Vyzval k obnoven\u00ed l\u00e9ka\u0159sk\u00e9 autonomie, ukon\u010den\u00ed politicky motivovan\u00fdch trestn\u00edch \u0159\u00edzen\u00ed a ochran\u011b demokratick\u00fdch pr\u00e1v.<\/span><\/p>\n<p><span dir=\"auto\">Jeho hlavn\u00ed kritika sm\u011b\u0159ovala na \u201ekoronavirov\u00e1 opat\u0159en\u00ed\u201c. Kennedy se domn\u00edv\u00e1, \u017ee l\u00e9ka\u0159i v N\u011bmecku jsou pod tlakem, pokud se odchyluj\u00ed od vl\u00e1dn\u00edch pokyn\u016f, nap\u0159\u00edklad ohledn\u011b \u201ev\u00fdjimek z no\u0161en\u00ed rou\u0161ek\u201c nebo \u201edoporu\u010den\u00ed pro o\u010dkov\u00e1n\u00ed\u201c. N\u011bmecko mus\u00ed napravit sv\u016fj kurz a obnovit ochranu vztahu mezi l\u00e9ka\u0159em a pacientem.<\/span><\/p>\n<p><span dir=\"auto\">Spolkov\u00e1 ministryn\u011b zdravotnictv\u00ed Nina Warkenov\u00e1\u00a0<\/span><a href=\"https:\/\/www.tagesschau.de\/inland\/innenpolitik\/warken-kennedy-100.html\" target=\"_blank\" rel=\"noreferrer noopener\"><span dir=\"auto\">obvin\u011bn\u00ed ost\u0159e odm\u00edtla<\/span><\/a><span dir=\"auto\">\u00a0. Tvrzen\u00ed byla \u201efakticky nepravdiv\u00e1 a mus\u00ed b\u00fdt zam\u00edtnuta\u201c. L\u00e9ka\u0159i nikdy nem\u011bli povinnost prov\u00e1d\u011bt o\u010dkov\u00e1n\u00ed. To lze popsat pouze jako do o\u010d\u00ed bij\u00edc\u00ed pop\u00edr\u00e1n\u00ed reality: B\u011bhem pandemie ve skute\u010dnosti vedla \u0159ada trestn\u00edch \u0159\u00edzen\u00ed proti l\u00e9ka\u0159\u016fm k odsouzen\u00edm.\u00a0<\/span><a href=\"https:\/\/www.welt.de\/politik\/deutschland\/plus254188456\/Befreiung-von-Maskenpflicht-Prozess-Welle-gegen-Aerzte.html\" target=\"_blank\" rel=\"noreferrer noopener\"><span dir=\"auto\">Jen v souvislosti s osv\u011bd\u010den\u00edmi o osvobozen\u00ed od no\u0161en\u00ed rou\u0161ek se jednalo<\/span><\/a><span dir=\"auto\">\u00a0o v\u00edce ne\u017e 1 000 p\u0159\u00edpad\u016f . V roce 2024 byl internista v Hamburku odsouzen k\u00a0<\/span><a href=\"https:\/\/www.aerztezeitung.de\/Wirtschaft\/Falsche-Masken-Atteste-Arzt-zu-Bewaehrungsstrafe-verurteilt-455039.html\" target=\"_blank\" rel=\"noreferrer noopener\"><span dir=\"auto\">podm\u00edn\u011bn\u00e9mu trestu odn\u011bt\u00ed svobody<\/span><\/a><span dir=\"auto\">\u00a0v d\u00e9lce jednoho roku a deseti m\u011bs\u00edc\u016f za vyd\u00e1n\u00ed 57 osv\u011bd\u010den\u00ed bez osobn\u00edho vy\u0161et\u0159en\u00ed. Na rozd\u00edl od osv\u011bd\u010den\u00ed o osvobozen\u00ed od no\u0161en\u00ed rou\u0161ek v\u0161ak vl\u00e1da povolovala vyd\u00e1v\u00e1n\u00ed telefonick\u00fdch osv\u011bd\u010den\u00ed o nemocensk\u00e9. L\u00e9ka\u0159 z Doln\u00edho Saska byl v roce 2024\u00a0<\/span><a href=\"https:\/\/www.ndr.de\/nachrichten\/niedersachsen\/braunschweig_harz_goettingen\/Falsche-Masken-Atteste-Aerztin-zu-Bewaehrungsstrafe-verurteilt,coronaleugnerin104.html\" target=\"_blank\" rel=\"noreferrer noopener\"><span dir=\"auto\">odsouzen<\/span><\/a><span dir=\"auto\">\u00a0za vyd\u00e1n\u00ed neplatn\u00fdch osv\u011bd\u010den\u00ed o osvobozen\u00ed od no\u0161en\u00ed rou\u0161ek v souvislosti s COVID-19 a dal\u0161\u00ed obvin\u011bn\u00ed . Jen v B\u00e1densku-W\u00fcrttembersku soudy do roku 2023 odsoudily\u00a0<\/span><a href=\"https:\/\/regionalheute.de\/ueber-1-000-abgeschlossene-strafverfahren-wegen-masken-attesten-1729918923\/\" target=\"_blank\" rel=\"noreferrer noopener\"><span dir=\"auto\">p\u0159es 200 l\u00e9ka\u0159\u016f<\/span><\/a><span dir=\"auto\">\u00a0, v\u010detn\u011b t\u0159\u00ed, kte\u0159\u00ed dostali podm\u00edn\u011bn\u00e9 tresty. Sedma\u0161edes\u00e1tilet\u00fd l\u00e9ka\u0159 byl\u00a0<\/span><a href=\"https:\/\/dortmund.t-online.de\/region\/dortmund\/id_100199604\/falsche-corona-impfungen-ueber-zwei-jahre-in-haft-fuer-recklinghausener-arzt.html\" target=\"_blank\" rel=\"noreferrer noopener\"><span dir=\"auto\">odsouzen ke dv\u011bma let\u016fm a deseti m\u011bs\u00edc\u016fm v\u011bzen\u00ed<\/span><\/a><span dir=\"auto\">\u00a0za vyd\u00e1n\u00ed \u201eo\u010dkovac\u00edch osv\u011bd\u010den\u00ed\u201c nezbytn\u00fdch pro \u017eivot, ani\u017e by n\u00e1siln\u011b o\u010dkoval lidi l\u00e1tkou mRNA.<\/span><\/p>\n<p><span dir=\"auto\">Soudy potrestaly l\u00e9ka\u0159e za to, co pova\u017eovaly za nespr\u00e1vn\u00e9, nedostate\u010dn\u00e9 nebo neexistuj\u00edc\u00ed zaveden\u00ed platn\u00fdch \u201ekoronavirov\u00fdch p\u0159edpis\u016f\u201c. To potvrzuje Kennedyho kritiku. St\u00e1t zru\u0161il autonomii pacient\u016f a svobodu sv\u011bdom\u00ed l\u00e9ka\u0159\u016f a pokusil se vynutit sv\u00e1 na\u0159\u00edzen\u00ed t\u00fdkaj\u00edc\u00ed se pl\u00e1novan\u00e9 demie prost\u0159ednictv\u00edm n\u00e1tlaku. Od spis\u016f RKI v\u00edme, \u017ee tato na\u0159\u00edzen\u00ed byla zalo\u017eena na \u010dist\u00e9 libov\u016fli. Pop\u0159en\u00ed pan\u00ed Warkenov\u00e9 lze vysv\u011btlit pouze kognitivn\u00ed disonanc\u00ed nebo snahou chr\u00e1nit z\u00fa\u010dastn\u011bn\u00e9 p\u0159ed trestn\u00edm st\u00edh\u00e1n\u00edm \u2013 st\u00edh\u00e1n\u00edm za \u0161kodu zp\u016fsobenou ob\u010dan\u016fm na\u0159\u00edzen\u00edmi t\u00fdkaj\u00edc\u00edmi se pl\u00e1novan\u00e9 demie a povinn\u00fdm o\u010dkov\u00e1n\u00edm.<\/span><\/p>\n<p><img decoding=\"async\" loading=\"lazy\" class=\"alignnone size-full wp-image-1185\" src=\"http:\/\/www.infokuryr.cz\/n\/wp-content\/uploads\/2021\/04\/kuryr-podpis.png\" alt=\"\" width=\"84\" height=\"24\" \/><\/p>\n<p>&nbsp;<\/p>\n","protected":false},"excerpt":{"rendered":"<p>Dopis americk\u00e9ho ministra zdravotnictv\u00ed Roberta F. Kennedyho Jr. jeho n\u011bmeck\u00e9 prot\u011bj\u0161ce Nin\u011b Warkenov\u00e9 vyvolal mezin\u00e1rodn\u00ed&#8230;<\/p>\n","protected":false},"author":2,"featured_media":96835,"comment_status":"closed","ping_status":"closed","sticky":false,"template":"","format":"standard","meta":[],"categories":[7],"tags":[680,1468,677,84,1757],"_links":{"self":[{"href":"https:\/\/www.infokuryr.cz\/n\/wp-json\/wp\/v2\/posts\/96834"}],"collection":[{"href":"https:\/\/www.infokuryr.cz\/n\/wp-json\/wp\/v2\/posts"}],"about":[{"href":"https:\/\/www.infokuryr.cz\/n\/wp-json\/wp\/v2\/types\/post"}],"author":[{"embeddable":true,"href":"https:\/\/www.infokuryr.cz\/n\/wp-json\/wp\/v2\/users\/2"}],"replies":[{"embeddable":true,"href":"https:\/\/www.infokuryr.cz\/n\/wp-json\/wp\/v2\/comments?post=96834"}],"version-history":[{"count":0,"href":"https:\/\/www.infokuryr.cz\/n\/wp-json\/wp\/v2\/posts\/96834\/revisions"}],"wp:featuredmedia":[{"embeddable":true,"href":"https:\/\/www.infokuryr.cz\/n\/wp-json\/wp\/v2\/media\/96835"}],"wp:attachment":[{"href":"https:\/\/www.infokuryr.cz\/n\/wp-json\/wp\/v2\/media?parent=96834"}],"wp:term":[{"taxonomy":"category","embeddable":true,"href":"https:\/\/www.infokuryr.cz\/n\/wp-json\/wp\/v2\/categories?post=96834"},{"taxonomy":"post_tag","embeddable":true,"href":"https:\/\/www.infokuryr.cz\/n\/wp-json\/wp\/v2\/tags?post=96834"}],"curies":[{"name":"wp","href":"https:\/\/api.w.org\/{rel}","templated":true}]}}