{"id":96821,"date":"2026-01-14T00:15:03","date_gmt":"2026-01-13T23:15:03","guid":{"rendered":"https:\/\/www.infokuryr.cz\/n\/?p=96821"},"modified":"2026-01-13T10:38:30","modified_gmt":"2026-01-13T09:38:30","slug":"ukrajinsky-poslanec-bije-na-poplach-zelenskij-me-chce-zabit-nebo-uveznit-stejne-jako-52-000-dalsich-nevinnych-lidi","status":"publish","type":"post","link":"https:\/\/www.infokuryr.cz\/n\/2026\/01\/14\/ukrajinsky-poslanec-bije-na-poplach-zelenskij-me-chce-zabit-nebo-uveznit-stejne-jako-52-000-dalsich-nevinnych-lidi\/","title":{"rendered":"Ukrajinsk\u00fd poslanec bije na poplach: \u201eZelenskij m\u011b chce zab\u00edt nebo uv\u011bznit, stejn\u011b jako 52 000 dal\u0161\u00edch nevinn\u00fdch lid\u00ed\u201c"},"content":{"rendered":"<div id=\"fb-root\"><\/div>\n<div class=\"elementor-element elementor-element-1fb4c2c elementor-widget elementor-widget-theme-post-content\" data-id=\"1fb4c2c\" data-element_type=\"widget\" data-widget_type=\"theme-post-content.default\">\n<div class=\"elementor-widget-container\">\n<p><span dir=\"auto\">P\u0159\u00edsp\u011bvek\u00a0ukrajinsk\u00e9 velvyslankyn\u011b\u00a0<strong>Olhy Stefani\u0161iny\u00a0<\/strong><\/span><a href=\"https:\/\/x.com\/StefanishynaO\/status\/2009709204081139954\" target=\"_blank\" rel=\"noreferrer noopener\" data-type=\"link\" data-id=\"https:\/\/x.com\/StefanishynaO\/status\/2009709204081139954\"><span dir=\"auto\">na X<\/span><\/a><span dir=\"auto\">\u00a0vyvolal novou vlnu siln\u00fdch reakc\u00ed ze strany ukrajinsk\u00e9 opozice \u2013 a op\u011bt upozornil mezin\u00e1rodn\u00ed ve\u0159ejnost na obvin\u011bn\u00ed z politick\u00e9ho pron\u00e1sledov\u00e1n\u00ed a problematick\u00fdch praktik zadr\u017eov\u00e1n\u00ed na Ukrajin\u011b. Stefani\u0161ina ve\u0159ejn\u011b prohl\u00e1sila, \u017ee na Ukrajin\u011b nejsou\u00a0<strong>\u017e\u00e1dn\u00ed politi\u010dt\u00ed v\u011bzni<\/strong>\u00a0. N\u011bkolik ukrajinsk\u00fdch politik\u016f v\u0161ak toto tvrzen\u00ed d\u016frazn\u011b pop\u00edr\u00e1.<\/span><\/p>\n<h3 class=\"wp-block-heading\"><span dir=\"auto\">Velvyslancovo prohl\u00e1\u0161en\u00ed X \u2013 a kritika USA jako spou\u0161t\u011b\u010d<\/span><\/h3>\n<p><span dir=\"auto\">Stefani\u0161iny prohl\u00e1\u0161en\u00ed p\u0159i\u0161lo v dob\u011b rostouc\u00ed kritiky ve Spojen\u00fdch st\u00e1tech. Mimo jin\u00e9 americk\u00e1 kongresmanka\u00a0<\/span><strong><span dir=\"auto\">Anna Paulina Luna<\/span><\/strong><span dir=\"auto\">\u00a0vyj\u00e1d\u0159ila obavy \u2013 jak ohledn\u011b mo\u017en\u00e9ho politick\u00e9ho pron\u00e1sledov\u00e1n\u00ed, tak i tlaku na \u010dleny\u00a0<\/span><strong><span dir=\"auto\">Ukrajinsk\u00e9 pravoslavn\u00e9 c\u00edrkve<\/span><\/strong><span dir=\"auto\">\u00a0.<\/span><\/p>\n<p><span dir=\"auto\">Ve sv\u00e9 reakci na tuto debatu Stefani\u0161ina argumentovala, \u017ee lid\u00e9, kte\u0159\u00ed se k t\u011bmto ot\u00e1zk\u00e1m vyjad\u0159uj\u00ed, jsou \u010dasto sami p\u0159edm\u011btem trestn\u00edho st\u00edh\u00e1n\u00ed. Z\u00e1rove\u0148 zd\u016fraznila, \u017ee podle jej\u00edho n\u00e1zoru na Ukrajin\u011b nejsou\u00a0<\/span><strong><span dir=\"auto\">\u017e\u00e1dn\u00ed politi\u010dt\u00ed v\u011bzni<\/span><\/strong><span dir=\"auto\">\u00a0.<\/span><\/p>\n<h3 class=\"wp-block-heading\"><span dir=\"auto\">Doebinskyj: \u201eJsem pron\u00e1sledov\u00e1n z politick\u00fdch d\u016fvod\u016f\u201c<\/span><\/h3>\n<p><span dir=\"auto\">Jedna z nejsiln\u011bj\u0161\u00edch reakc\u00ed p\u0159i\u0161la od b\u00fdval\u00e9ho ukrajinsk\u00e9ho poslance\u00a0<\/span><strong><span dir=\"auto\">Oleksandra Doebinsk\u00e9ho<\/span><\/strong><span dir=\"auto\">\u00a0. V\u00fdslovn\u011b se ozna\u010duje za\u00a0<\/span><strong><span dir=\"auto\">politick\u00e9ho v\u011bzn\u011b<\/span><\/strong><span dir=\"auto\">\u00a0a prohla\u0161uje, \u017ee \u0159\u00edzen\u00ed proti n\u011bmu je zalo\u017eeno na\u00a0<\/span><strong><span dir=\"auto\">vykonstruovan\u00fdch obvin\u011bn\u00edch<\/span><\/strong><span dir=\"auto\">\u00a0a\u00a0<\/span><strong><span dir=\"auto\">osobn\u011b je \u0159\u00edzeno prezidentem Zelensk\u00fdm<\/span><\/strong><span dir=\"auto\">\u00a0.<\/span><\/p>\n<p><span dir=\"auto\">Doebinskyi je \u00fadajn\u011b st\u00edh\u00e1n za \u00fadajn\u00e9 vm\u011b\u0161ov\u00e1n\u00ed do\u00a0<\/span><strong><span dir=\"auto\">americk\u00fdch prezidentsk\u00fdch voleb v roce 2020<\/span><\/strong><span dir=\"auto\">\u00a0: \u00dadajn\u011b \u0161\u00ed\u0159il informace, kter\u00e9\u00a0<\/span><strong><span dir=\"auto\">zdiskreditovaly Joea Bidena<\/span><\/strong><span dir=\"auto\">\u00a0. Doebinskyi tato obvin\u011bn\u00ed odm\u00edt\u00e1, ozna\u010duje je\u00a0<\/span><strong><span dir=\"auto\">za politicky motivovan\u00e1<\/span><\/strong><span dir=\"auto\">\u00a0a p\u0159irovn\u00e1v\u00e1 je k p\u0159edchoz\u00edm mezin\u00e1rodn\u00edm politick\u00fdm skand\u00e1lem.<\/span><\/p>\n<p><span dir=\"auto\">D\u00e1le tvrd\u00ed, \u017ee pron\u00e1sledov\u00e1n\u00ed souvis\u00ed s jeho politick\u00fdmi aktivitami a ve\u0159ejn\u00fdmi vystoupen\u00edmi \u2013 v\u010detn\u011b tiskov\u00e9 konference, kterou uspo\u0159\u00e1dal\u00a0v\u00a0<\/span><strong><span dir=\"auto\">roce 2019 .<\/span><\/strong><\/p>\n<h3 class=\"wp-block-heading\"><span dir=\"auto\">Protiobvin\u011bn\u00ed: Obvin\u011bn\u00ed z korupce proti Stefanishyn\u011b<\/span><\/h3>\n<p><span dir=\"auto\">Ve sv\u00e9 reakci Doebinskyj tak\u00e9 vzn\u00e1\u0161\u00ed z\u00e1va\u017en\u00e1 obvin\u011bn\u00ed proti Stefani\u0161inov\u00e9 osobn\u011b. Tvrd\u00ed, \u017ee je podez\u0159elou v n\u011bkolika korup\u010dn\u00edch p\u0159\u00edpadech,\u00a0kter\u00e9 vy\u0161et\u0159uje\u00a0<\/span><strong><span dir=\"auto\">N\u00e1rodn\u00ed protikorup\u010dn\u00ed \u00fa\u0159ad Ukrajiny (NABU) .<\/span><\/strong><\/p>\n<p><span dir=\"auto\">Hlavn\u00edm probl\u00e9mem je zpronev\u011bra st\u00e1tn\u00edch prost\u0159edk\u016f prost\u0159ednictv\u00edm masivn\u011b p\u0159edra\u017een\u00fdch p\u0159eklad\u016f evropsk\u00e9 legislativy \u2013 n\u011bkdy\u00a0<\/span><strong><span dir=\"auto\">a\u017e za n\u011bkolik stovek dolar\u016f za str\u00e1nku<\/span><\/strong><span dir=\"auto\">\u00a0.<\/span><\/p>\n<p><span dir=\"auto\">Doebinskyi vysv\u011btluje, \u017ee nejm\u00e9n\u011b jeden z t\u011bchto p\u0159\u00edpad\u016f je ji\u017e projedn\u00e1v\u00e1n\u00a0<\/span><strong><span dir=\"auto\">u soudu<\/span><\/strong><span dir=\"auto\">\u00a0. Druh\u00e9 vy\u0161et\u0159ov\u00e1n\u00ed v sou\u010dasn\u00e9 dob\u011b prov\u00e1d\u00ed agentura\u00a0<\/span><strong><span dir=\"auto\">ARMA<\/span><\/strong><span dir=\"auto\">\u00a0. Domn\u00edv\u00e1 se tak\u00e9, \u017ee jej\u00ed jmenov\u00e1n\u00ed velvyslankyn\u00ed ve Spojen\u00fdch st\u00e1tech m\u011blo za c\u00edl\u00a0<\/span><strong><span dir=\"auto\">ji ochr\u00e1nit p\u0159ed trestn\u00edm st\u00edh\u00e1n\u00edm doma<\/span><\/strong><span dir=\"auto\">\u00a0.<\/span><\/p>\n<h3 class=\"wp-block-heading\"><span dir=\"auto\">Mezin\u00e1rodn\u00ed zpr\u00e1vy: D\u016fkazy o politicky motivovan\u00e9m zadr\u017eov\u00e1n\u00ed \u2013 a problematick\u00e9 praktiky<\/span><\/h3>\n<p><span dir=\"auto\">Doebinskyj tvrd\u00ed, \u017ee Stefani\u0161inovo pop\u00edr\u00e1n\u00ed existence politick\u00fdch v\u011bz\u0148\u016f je v rozporu s mezin\u00e1rodn\u00edm hodnocen\u00edm. Poukazuje na to, \u017ee\u00a0<\/span><strong><span dir=\"auto\">zpr\u00e1va americk\u00e9ho ministerstva zahrani\u010d\u00ed o lidsk\u00fdch pr\u00e1vech z roku 2024<\/span><\/strong><span dir=\"auto\">\u00a0zmi\u0148uje obavy ohledn\u011b\u00a0<\/span><strong><span dir=\"auto\">politicky motivovan\u00e9ho zadr\u017eov\u00e1n\u00ed<\/span><\/strong><span dir=\"auto\">\u00a0na Ukrajin\u011b.<\/span><\/p>\n<p><span dir=\"auto\">Zpr\u00e1vy\u00a0<\/span><strong><span dir=\"auto\">Vysok\u00e9ho komisa\u0159e OSN pro lidsk\u00e1 pr\u00e1va<\/span><\/strong><span dir=\"auto\">\u00a0rovn\u011b\u017e popisuj\u00ed problematick\u00e9 praktiky zadr\u017eov\u00e1n\u00ed \u2013 v\u010detn\u011b dlouh\u00e9ho zadr\u017eov\u00e1n\u00ed a poru\u0161ov\u00e1n\u00ed z\u00e1kladn\u00edch pr\u00e1v.<\/span><\/p>\n<p><span dir=\"auto\">V t\u00e9to souvislosti Doebinskyj zd\u016fraz\u0148uje, \u017ee t\u00e9m\u011b\u0159 v\u0161ichni mezin\u00e1rodn\u00ed pozorovatel\u00e9 uzn\u00e1vaj\u00ed existenci politick\u00fdch v\u011bz\u0148\u016f \u2013 s v\u00fdjimkou samotn\u00e9ho ukrajinsk\u00e9ho prezidenta.<\/span><\/p>\n<h3 class=\"wp-block-heading\"><span dir=\"auto\">Des\u00edtky tis\u00edc p\u0159\u00edpad\u016f pod n\u00e1lepkou \u201en\u00e1rodn\u00ed bezpe\u010dnost\u201c<\/span><\/h3>\n<p><span dir=\"auto\">\u00dast\u0159edn\u00edm bodem debaty je obrovsk\u00fd po\u010det trestn\u00edch \u0159\u00edzen\u00ed, kter\u00e1 byla na Ukrajin\u011b zah\u00e1jena v souvislosti s \u010dl\u00e1nky\u00a0odkazuj\u00edc\u00edmi na hrozby pro\u00a0<\/span><strong><span dir=\"auto\">n\u00e1rodn\u00ed bezpe\u010dnost .<\/span><\/strong><\/p>\n<p><span dir=\"auto\">Doebinskyj vysv\u011btlil, \u017ee od st\u00e1tn\u00edho zastupitelstv\u00ed obdr\u017eel ofici\u00e1ln\u00ed odpov\u011b\u010f, v n\u00ed\u017e se uv\u00e1d\u00ed, \u017ee od za\u010d\u00e1tku\u00a0<\/span><strong><span dir=\"auto\">roku 2022<\/span><\/strong><span dir=\"auto\">\u00a0bylo zah\u00e1jeno v\u00edce ne\u017e\u00a0<\/span><strong><span dir=\"auto\">36 000<\/span><\/strong><span dir=\"auto\">\u00a0takov\u00fdch trestn\u00edch \u0159\u00edzen\u00ed . V\u010detn\u011b d\u0159\u00edv\u011bj\u0161\u00edch p\u0159\u00edpad\u016f je celkov\u00fd po\u010det\u00a0<\/span><strong><span dir=\"auto\">p\u0159es 52 000<\/span><\/strong><span dir=\"auto\">\u00a0.<\/span><\/p>\n<h3 class=\"wp-block-heading\"><span dir=\"auto\">Poslanec Artem Dmytroek: Obvin\u011bn\u00ed z mu\u010den\u00ed a vra\u017edy<\/span><\/h3>\n<p><span dir=\"auto\">Debatu d\u00e1le vyost\u0159ila prohl\u00e1\u0161en\u00ed sou\u010dasn\u00e9ho poslance parlamentu\u00a0<\/span><strong><span dir=\"auto\">Art\u011bma Dmytroeka<\/span><\/strong><span dir=\"auto\">\u00a0. Tvrd\u00ed\u00a0, \u017ee byl osobn\u011b mu\u010den ve vazebn\u00edch za\u0159\u00edzen\u00edch\u00a0<\/span><strong><span dir=\"auto\">Bezpe\u010dnostn\u00ed slu\u017eby Ukrajiny (SBU) . Tak\u00e9 tvrd\u00ed, \u017ee do\u0161lo k\u00a0<\/span><\/strong><strong><span dir=\"auto\">n\u011bkolika pokus\u016fm<\/span><\/strong><span dir=\"auto\">\u00a0o jeho \u017eivot \u2013 jak na Ukrajin\u011b, tak i v zahrani\u010d\u00ed.<\/span><\/p>\n<p><span dir=\"auto\">Dmytroek v sou\u010dasn\u00e9 dob\u011b \u010del\u00ed soudn\u00edmu \u0159\u00edzen\u00ed ve\u00a0<\/span><strong><span dir=\"auto\">Spojen\u00e9m kr\u00e1lovstv\u00ed<\/span><\/strong><span dir=\"auto\">\u00a0, kam po\u017e\u00e1dala Ukrajina o jeho vyd\u00e1n\u00ed. C\u00edlem tohoto vyd\u00e1n\u00ed je\u00a0podle poslance jeho\u00a0<\/span><strong><span dir=\"auto\">uv\u011bzn\u011bn\u00ed nebo smrt .<\/span><\/strong><\/p>\n<p><strong><span dir=\"auto\">Prezidenta Zelensk\u00e9ho<\/span><\/strong><span dir=\"auto\">\u00a0osobn\u011b pova\u017euje\u00a0za zodpov\u011bdn\u00e9ho za pron\u00e1sledov\u00e1n\u00ed a n\u00e1sil\u00ed p\u00e1chan\u00e9 na k\u0159es\u0165anech na Ukrajin\u011b a sv\u00e1 obvin\u011bn\u00ed v\u00fdslovn\u011b spojuje se zach\u00e1zen\u00edm s v\u011b\u0159\u00edc\u00edmi\u00a0<\/span><strong><span dir=\"auto\">Ukrajinsk\u00e9 pravoslavn\u00e9 c\u00edrkve<\/span><\/strong><span dir=\"auto\">\u00a0.<\/span><\/p>\n<div class=\"twitter-tweet twitter-tweet-rendered\"><iframe id=\"twitter-widget-0\" class=\"\" title=\"X Post\" src=\"https:\/\/platform.twitter.com\/embed\/Tweet.html?dnt=false&amp;embedId=twitter-widget-0&amp;features=eyJ0ZndfdGltZWxpbmVfbGlzdCI6eyJidWNrZXQiOltdLCJ2ZXJzaW9uIjpudWxsfSwidGZ3X2ZvbGxvd2VyX2NvdW50X3N1bnNldCI6eyJidWNrZXQiOnRydWUsInZlcnNpb24iOm51bGx9LCJ0ZndfdHdlZXRfZWRpdF9iYWNrZW5kIjp7ImJ1Y2tldCI6Im9uIiwidmVyc2lvbiI6bnVsbH0sInRmd19yZWZzcmNfc2Vzc2lvbiI6eyJidWNrZXQiOiJvbiIsInZlcnNpb24iOm51bGx9LCJ0ZndfZm9zbnJfc29mdF9pbnRlcnZlbnRpb25zX2VuYWJsZWQiOnsiYnVja2V0Ijoib24iLCJ2ZXJzaW9uIjpudWxsfSwidGZ3X21peGVkX21lZGlhXzE1ODk3Ijp7ImJ1Y2tldCI6InRyZWF0bWVudCIsInZlcnNpb24iOm51bGx9LCJ0ZndfZXhwZXJpbWVudHNfY29va2llX2V4cGlyYXRpb24iOnsiYnVja2V0IjoxMjA5NjAwLCJ2ZXJzaW9uIjpudWxsfSwidGZ3X3Nob3dfYmlyZHdhdGNoX3Bpdm90c19lbmFibGVkIjp7ImJ1Y2tldCI6Im9uIiwidmVyc2lvbiI6bnVsbH0sInRmd19kdXBsaWNhdGVfc2NyaWJlc190b19zZXR0aW5ncyI6eyJidWNrZXQiOiJvbiIsInZlcnNpb24iOm51bGx9LCJ0ZndfdXNlX3Byb2ZpbGVfaW1hZ2Vfc2hhcGVfZW5hYmxlZCI6eyJidWNrZXQiOiJvbiIsInZlcnNpb24iOm51bGx9LCJ0ZndfdmlkZW9faGxzX2R5bmFtaWNfbWFuaWZlc3RzXzE1MDgyIjp7ImJ1Y2tldCI6InRydWVfYml0cmF0ZSIsInZlcnNpb24iOm51bGx9LCJ0ZndfbGVnYWN5X3RpbWVsaW5lX3N1bnNldCI6eyJidWNrZXQiOnRydWUsInZlcnNpb24iOm51bGx9LCJ0ZndfdHdlZXRfZWRpdF9mcm9udGVuZCI6eyJidWNrZXQiOiJvbiIsInZlcnNpb24iOm51bGx9fQ%3D%3D&amp;frame=false&amp;hideCard=false&amp;hideThread=false&amp;id=2010043443922284880&amp;lang=cs&amp;origin=https%3A%2F%2Funcutnews.ch%2Fukrainischer-abgeordneter-schlaegt-alarm-selenskyj-will-mich-wie-52-000-andere-unschuldige-toeten-oder-inhaftieren%2F&amp;sessionId=0453582cdefb9d83a239e7200e1c3ba58815c332&amp;theme=light&amp;widgetsVersion=2615f7e52b7e0%3A1702314776716&amp;width=550px\" frameborder=\"0\" scrolling=\"no\" allowfullscreen=\"allowfullscreen\" data-tweet-id=\"2010043443922284880\" data-mce-fragment=\"1\"><\/iframe><\/div>\n<\/div>\n<\/div>\n<div class=\"elementor-element elementor-element-46a8472 elementor-grid-3 elementor-grid-tablet-2 elementor-grid-mobile-1 elementor-posts--thumbnail-top elementor-widget elementor-widget-posts\" data-id=\"46a8472\" data-element_type=\"widget\" data-settings=\"{&quot;classic_row_gap&quot;:{&quot;unit&quot;:&quot;px&quot;,&quot;size&quot;:25,&quot;sizes&quot;:[]},&quot;classic_columns&quot;:&quot;3&quot;,&quot;classic_columns_tablet&quot;:&quot;2&quot;,&quot;classic_columns_mobile&quot;:&quot;1&quot;,&quot;classic_row_gap_tablet&quot;:{&quot;unit&quot;:&quot;px&quot;,&quot;size&quot;:&quot;&quot;,&quot;sizes&quot;:[]},&quot;classic_row_gap_mobile&quot;:{&quot;unit&quot;:&quot;px&quot;,&quot;size&quot;:&quot;&quot;,&quot;sizes&quot;:[]}}\" data-widget_type=\"posts.classic\">\n<div class=\"elementor-widget-container\">\n<div class=\"elementor-posts-container elementor-posts elementor-posts--skin-classic elementor-grid elementor-has-item-ratio\" role=\"list\">\n<img decoding=\"async\" loading=\"lazy\" class=\"alignnone size-full wp-image-1185\" src=\"http:\/\/www.infokuryr.cz\/n\/wp-content\/uploads\/2021\/04\/kuryr-podpis.png\" alt=\"\" width=\"84\" height=\"24\" \/><\/p>\n<\/div>\n<\/div>\n<\/div>\n","protected":false},"excerpt":{"rendered":"<p>P\u0159\u00edsp\u011bvek\u00a0ukrajinsk\u00e9 velvyslankyn\u011b\u00a0Olhy Stefani\u0161iny\u00a0na X\u00a0vyvolal novou vlnu siln\u00fdch reakc\u00ed ze strany ukrajinsk\u00e9 opozice \u2013 a op\u011bt&#8230;<\/p>\n","protected":false},"author":2,"featured_media":84718,"comment_status":"closed","ping_status":"closed","sticky":false,"template":"","format":"standard","meta":[],"categories":[7],"tags":[5205,250,1757,26,1000],"_links":{"self":[{"href":"https:\/\/www.infokuryr.cz\/n\/wp-json\/wp\/v2\/posts\/96821"}],"collection":[{"href":"https:\/\/www.infokuryr.cz\/n\/wp-json\/wp\/v2\/posts"}],"about":[{"href":"https:\/\/www.infokuryr.cz\/n\/wp-json\/wp\/v2\/types\/post"}],"author":[{"embeddable":true,"href":"https:\/\/www.infokuryr.cz\/n\/wp-json\/wp\/v2\/users\/2"}],"replies":[{"embeddable":true,"href":"https:\/\/www.infokuryr.cz\/n\/wp-json\/wp\/v2\/comments?post=96821"}],"version-history":[{"count":0,"href":"https:\/\/www.infokuryr.cz\/n\/wp-json\/wp\/v2\/posts\/96821\/revisions"}],"wp:featuredmedia":[{"embeddable":true,"href":"https:\/\/www.infokuryr.cz\/n\/wp-json\/wp\/v2\/media\/84718"}],"wp:attachment":[{"href":"https:\/\/www.infokuryr.cz\/n\/wp-json\/wp\/v2\/media?parent=96821"}],"wp:term":[{"taxonomy":"category","embeddable":true,"href":"https:\/\/www.infokuryr.cz\/n\/wp-json\/wp\/v2\/categories?post=96821"},{"taxonomy":"post_tag","embeddable":true,"href":"https:\/\/www.infokuryr.cz\/n\/wp-json\/wp\/v2\/tags?post=96821"}],"curies":[{"name":"wp","href":"https:\/\/api.w.org\/{rel}","templated":true}]}}