{"id":96818,"date":"2026-01-14T00:13:01","date_gmt":"2026-01-13T23:13:01","guid":{"rendered":"https:\/\/www.infokuryr.cz\/n\/?p=96818"},"modified":"2026-01-13T10:29:43","modified_gmt":"2026-01-13T09:29:43","slug":"plukovnik-douglas-macgregor-rusko-uz-neposloucha-usa-a-neduveruje-jim","status":"publish","type":"post","link":"https:\/\/www.infokuryr.cz\/n\/2026\/01\/14\/plukovnik-douglas-macgregor-rusko-uz-neposloucha-usa-a-neduveruje-jim\/","title":{"rendered":"Plukovn\u00edk Douglas Macgregor: Rusko u\u017e neposlouch\u00e1 USA a ned\u016fv\u011b\u0159uje jim"},"content":{"rendered":"<div id=\"fb-root\"><\/div>\n<p><span dir=\"auto\">V tomto rozhovoru plukovn\u00edk Douglas Macgregor nab\u00edz\u00ed neochv\u011bjnou anal\u00fdzu sou\u010dasn\u00e9 geopolitick\u00e9 situace. Vysv\u011btluje, pro\u010d Rusko ji\u017e nenaslouch\u00e1 USA a Z\u00e1padu ani jim ned\u016fv\u011b\u0159uje, bo\u0159\u00ed iluze, kter\u00e9 se skr\u00fdvaly za ned\u00e1vn\u00fdmi \u201em\u00edrov\u00fdmi show\u201c v Pa\u0159\u00ed\u017ei, a varuje p\u0159ed fat\u00e1ln\u00edmi d\u016fsledky masivn\u011b nafouknut\u00e9ho americk\u00e9ho obrann\u00e9ho rozpo\u010dtu. Jedn\u00e1 se o otev\u0159enou a nezaujatou diskusi o realpolitice, ztr\u00e1t\u011b d\u016fv\u011bry a nebezpe\u010d\u00ed sebedestruktivn\u00edho kurzu \u2013 p\u0159\u00edmo\u010darou a bez ur\u00e1\u017eliv\u00fdch slov.<\/span><\/p>\n<figure class=\"wp-block-embed is-type-video is-provider-youtube wp-block-embed-youtube wp-embed-aspect-16-9 wp-has-aspect-ratio\">\n<div class=\"wp-block-embed__wrapper\"><iframe loading=\"lazy\" title=\"Plukovn\u00edk Douglas Macgregor: Rusko p\u0159estalo naslouchat USA a d\u016fv\u011b\u0159ovat jim\" src=\"https:\/\/www.youtube.com\/embed\/ifbUd08Ewrw?feature=oembed\" width=\"800\" height=\"450\" frameborder=\"0\" allowfullscreen=\"allowfullscreen\" data-mce-fragment=\"1\"><\/iframe><\/div>\n<\/figure>\n<h3 class=\"wp-block-heading\"><strong><span dir=\"auto\">Plukovn\u00edk Douglas Macgregor:<\/span><\/strong><\/h3>\n<p><span dir=\"auto\">V\u0161ichni se nyn\u00ed nach\u00e1zej\u00ed v situaci, kdy tvrd\u00ed, \u017ee jsme tak bl\u00edzko m\u00edrov\u00e9 dohod\u011b \u2013 \u017ee v\u00edce ne\u017e 90 % cesty ji\u017e bylo urovn\u00e1no. \u0158ekli to na oslav\u011b a na tiskov\u00e9 konferenci po sch\u016fzce. No, dnes m\u011bl Fredz vz\u00e1cn\u00fd okam\u017eik, kdy skute\u010dn\u011b \u0159ekl pravdu o tom, \u010deho se v Pa\u0159\u00ed\u017ei nepoda\u0159ilo dos\u00e1hnout.<\/span><\/p>\n<h3 class=\"wp-block-heading\"><strong><span dir=\"auto\">Macgregor:<\/span><\/strong><\/h3>\n<p><span dir=\"auto\">To byla \u010dist\u011b televizn\u00ed show. Cel\u00e1 v\u011bc byla zinscenov\u00e1na, aby p\u0159esv\u011bd\u010dila evropsk\u00e9 n\u00e1rody o mor\u00e1ln\u00ed nad\u0159azenosti jejich v\u016fdc\u016f.<\/span><br \/>\n<span dir=\"auto\">My jsme ti mor\u00e1ln\u00ed. Sna\u017e\u00edme se to ukon\u010dit, dos\u00e1hli jsme dohody a jsme p\u0159ipraveni ud\u011blat v\u0161echny tyto v\u011bci.<\/span><\/p>\n<p><span dir=\"auto\">Ani slovo nepadlo o Rusku ani o legitimn\u00edch z\u00e1jmech Ruska v oblasti n\u00e1rodn\u00ed bezpe\u010dnosti. Ani slovo o realit\u011b na boji\u0161ti a rozlo\u017een\u00ed vojensk\u00fdch sil. To v\u0161e bylo zcela ignorov\u00e1no \u2013 dokud Mattz neprohl\u00e1sil:<\/span><\/p>\n<p><em><span dir=\"auto\">\u201eChceme dlouhodob\u00e9 \u0159e\u0161en\u00ed, ale bez rusk\u00e9 podpory, bez rusk\u00e9ho souhlasu je tohle v\u0161echno bezv\u00fdznamn\u00e9.\u201c<\/span><\/em><\/p>\n<p><span dir=\"auto\">V tom m\u00e1 pravdu.<\/span><\/p>\n<p><span dir=\"auto\">Ale dos\u00e1hli jsme mnoha dohod. Podepsali jsme mnoho dokument\u016f. M\u011bli jsme skv\u011bl\u00e9 focen\u00ed. A to lidem zp\u0159\u00edjemnilo pocit, zejm\u00e9na t\u011bm na sam\u00e9m vrcholu. Vytvo\u0159ilo to iluzi, \u017ee se stalo n\u011bco smyslupln\u00e9ho.<\/span><\/p>\n<p><span dir=\"auto\">To je v\u0161echno irelevantn\u00ed. Na tom absolutn\u011b nic nem\u011bn\u00ed.<\/span><\/p>\n<p><span dir=\"auto\">Je to podobn\u00e9 jako v\u00e1lka proti drog\u00e1m. Pamatujete si na to? Byla neuv\u011b\u0159iteln\u011b \u00fasp\u011b\u0161n\u00e1, \u017ee? Bral to n\u011bkdo opravdu v\u00e1\u017en\u011b?<\/span><\/p>\n<p><span dir=\"auto\">Mohli bychom o tomto t\u00e9matu mluvit hodiny, ale o \u010dem mluv\u00edme glob\u00e1ln\u011b?<\/span><br \/>\n<span dir=\"auto\">Chceme zastavit v\u0161echny tyto drogy, kter\u00e9 p\u0159ich\u00e1zej\u00ed do na\u0161\u00ed zem\u011b \u2013 ale co d\u011bl\u00e1me v zem\u00edch jin\u00fdch lid\u00ed? Jak jsme zapojeni do obchodov\u00e1n\u00ed s drogami a lidmi v jin\u00fdch zem\u00edch?<\/span><\/p>\n<p><span dir=\"auto\">Nikdo se tam nechce d\u00edvat.<\/span><\/p>\n<p><span dir=\"auto\">CIA je nez\u00e1visl\u00e1 a nez\u00e1konn\u00e1 agentura. Mluv\u00ed n\u011bkdo o tom, \u017ee by ji bylo t\u0159eba dostat pod kontrolu? Ne. Naopak \u2013 zp\u00edvaj\u00ed \u00favodn\u00ed p\u00edse\u0148 CIA:<\/span><\/p>\n<p><em><span dir=\"auto\">Je to d\u017eungle a my m\u00e1me d\u017eungli r\u00e1di a m\u016f\u017eeme d\u017eungli vl\u00e1dnout. Dejte n\u00e1m jen v\u00edc pen\u011bz a my budeme d\u017eungli vl\u00e1dnout d\u00e1l.<\/span><\/em><\/p>\n<p><span dir=\"auto\">A \u00fapln\u011b stejn\u00e9 je to i s obrann\u00fdm rozpo\u010dtem.<\/span><\/p>\n<h3 class=\"wp-block-heading\"><strong><span dir=\"auto\">Macgregor (pokra\u010dov\u00e1n\u00ed):<\/span><\/strong><\/h3>\n<p><span dir=\"auto\">Donald Trump v\u011b\u0159\u00ed, \u017ee jeho speci\u00e1ln\u00ed operace jsou odrazem na\u0161\u00ed v\u011bt\u0161\u00ed vojensk\u00e9 s\u00edly.<\/span><br \/>\n<span dir=\"auto\">Jsme nejlep\u0161\u00ed. Nikdo n\u00e1s nem\u016f\u017ee zastavit. Nikdo n\u00e1m nem\u016f\u017ee odporovat.<\/span><\/p>\n<p><span dir=\"auto\">Ale v\u0161ichni v\u00edme, Dane, \u017ee to nen\u00ed pravda.<\/span><\/p>\n<p><span dir=\"auto\">Vojensk\u00e1 s\u00edla je v\u0161eobj\u00edmaj\u00edc\u00ed. Zahrnuje v\u0161echno \u2013 od v\u00fdrobn\u00ed z\u00e1kladny, schopnosti rychle stav\u011bt, milion\u016f lid\u00ed, kte\u0159\u00ed v n\u00ed slou\u017e\u00ed, jac\u00ed jsou to lid\u00e9, jak\u00fd maj\u00ed v\u00fdcvik, jak\u00e9 maj\u00ed veden\u00ed, jakou technologii dok\u00e1\u017e\u00ed pou\u017e\u00edt. To je velmi \u0161irok\u00e9 t\u00e9ma.<\/span><\/p>\n<p><span dir=\"auto\">To, co vid\u00edme na Ukrajin\u011b, je v\u00e1lka. Skute\u010dn\u00e1, poctiv\u00e1 v\u00e1lka. A my j\u00ed nev\u011bnujeme velkou pozornost.<\/span><\/p>\n<p><span dir=\"auto\">Pokud byste se pokusili vzl\u00e9tnout s jedn\u00edm z t\u011bchto vrtuln\u00edk\u016f ze speci\u00e1ln\u00edho leteck\u00e9ho pluku nad ukrajinsk\u00fdm boji\u0161t\u011bm \u2013 u\u017e by ho nikdo nevid\u011bl. Mluv\u00edme o extr\u00e9mn\u011b k\u0159ehk\u00fdch jednotk\u00e1ch v r\u00e1mci komunity speci\u00e1ln\u00edch sil.<\/span><\/p>\n<p><span dir=\"auto\">Ka\u017ed\u00fd, kdo m\u00e1 zku\u0161enosti se speci\u00e1ln\u00edmi operacemi, k v\u00e1m bude up\u0159\u00edmn\u00fd.<\/span><br \/>\n<span dir=\"auto\">\u0158ekne:<\/span><br \/>\n<span dir=\"auto\">Pokud nem\u016f\u017eete zaru\u010dit dokonal\u00fd pr\u016fzkum, absolutn\u00ed teritori\u00e1ln\u00ed svobodu, \u017e\u00e1dnou nep\u0159\u00e1telskou protivzdu\u0161nou nebo raketovou obranu, \u017e\u00e1dn\u00e9 odhalen\u00ed \u2013 pak nem\u016f\u017eeme jet.<\/span><\/p>\n<p><span dir=\"auto\">To v\u00e1m \u0159eknou velmi jasn\u011b.<\/span><\/p>\n<p><span dir=\"auto\">Je obrovsk\u00fd rozd\u00edl mezi t\u00edm, co jsme d\u011blali vy a j\u00e1, a t\u00edm, co se dnes d\u011bje ve speci\u00e1ln\u00edch operac\u00edch.<\/span><\/p>\n<p><span dir=\"auto\">Nikdo n\u00e1m ne\u0159ekl:<\/span><br \/>\n<span dir=\"auto\">\u201eChceme, abyste ud\u011blali X, Y a Z.\u201c<\/span><br \/>\n<span dir=\"auto\">A my jsme neodpov\u011bd\u011bli:<\/span><br \/>\n<span dir=\"auto\">\u201eDob\u0159e, ale jen pokud bude v\u0161echno perfektn\u00ed.\u201c<\/span><\/p>\n<p><span dir=\"auto\">Ne \u2013 tohle nen\u00ed v\u00e1lka.<\/span><\/p>\n<p><span dir=\"auto\">Dostanete rozkaz a jdete. Lidem naho\u0159e je v\u016fbec jedno, kolik to stoj\u00ed. V\u011bd\u00ed, \u017ee o lidi p\u0159ijdou.<\/span><\/p>\n<p><span dir=\"auto\">A to je \u010d\u00e1st probl\u00e9mu:<\/span><br \/>\n<span dir=\"auto\">bez ob\u011bti nen\u00ed v\u00edt\u011bzstv\u00ed.<\/span><\/p>\n<p><span dir=\"auto\">P\u0159esv\u011bd\u010dujeme sami sebe, \u017ee tyto nepatrn\u00e9 jednotky, vybaven\u00e9 technologi\u00ed a specializovan\u00fdmi dovednostmi, jsou prakticky nezraniteln\u00e9. \u017de nikdo nezem\u0159e.<\/span><\/p>\n<p><span dir=\"auto\">To je nebezpe\u010dn\u00e9.<\/span><br \/>\n<span dir=\"auto\">To je \u0161patn\u011b.<\/span><br \/>\n<span dir=\"auto\">To je zav\u00e1d\u011bj\u00edc\u00ed.<\/span><\/p>\n<h3 class=\"wp-block-heading\"><strong><span dir=\"auto\">Macgregor (pokra\u010dov\u00e1n\u00ed):<\/span><\/strong><\/h3>\n<p><span dir=\"auto\">V\u0161echny tyto bludy jsou samoudr\u017eiteln\u00e9, vz\u00e1jemn\u011b propojen\u00e9 a extr\u00e9mn\u011b obt\u00ed\u017en\u00e9 je zni\u010dit.<\/span><\/p>\n<p><span dir=\"auto\">Lid\u00e9 se toho dr\u017e\u00ed.<\/span><\/p>\n<p><span dir=\"auto\">Pod\u00edvejte se na lo\u010f Prince of Wales a k\u0159i\u017en\u00edk, kter\u00fd ho doprov\u00e1zel do Singapuru.<\/span><br \/>\n<span dir=\"auto\">V\u0161ichni admir\u00e1lov\u00e9 varovali Churchilla:<\/span><\/p>\n<p><em><span dir=\"auto\">Pokud vy\u0161lete tyto bitevn\u00ed lod\u011b bez dostate\u010dn\u00e9 protivzdu\u0161n\u00e9 obrany, Japonci je potop\u00ed.<\/span><\/em><\/p>\n<p><span dir=\"auto\">Byl p\u0159esv\u011bd\u010den, \u017ee jsou nepotopiteln\u00e9 \u2013 produkt prvn\u00ed sv\u011btov\u00e9 v\u00e1lky, \u00e9ry dominovan\u00e9 bitevn\u00edmi lod\u011bmi.<\/span><\/p>\n<p><span dir=\"auto\">Co se stalo?<\/span><br \/>\n<span dir=\"auto\">Admir\u00e1lov\u00e9 m\u011bli pravdu.<\/span><br \/>\n<span dir=\"auto\">Ob\u011b lod\u011b byly ztraceny.<\/span><\/p>\n<p><span dir=\"auto\">Moje poselstv\u00ed zn\u00ed:<\/span><br \/>\n<span dir=\"auto\">Takto nechceme v budoucnu podnikat.<\/span><\/p>\n<p><span dir=\"auto\">Ale iluze jsou mocn\u00e9 \u2013 a pozd\u011bji je nesm\u00edrn\u011b t\u011b\u017ek\u00e9 je p\u0159ekonat.<\/span><\/p>\n<p><span dir=\"auto\">Odpov\u011b\u010f je v\u017edycky:<\/span><br \/>\n<span dir=\"auto\">Utra\u0165me je\u0161t\u011b v\u00edc pen\u011bz.<\/span><br \/>\n<span dir=\"auto\">Dal\u0161\u00edch 5 nebo 7 bilion\u016f.<\/span><br \/>\n<span dir=\"auto\">Dal\u0161\u00edch p\u016fl bilionu na obranu.<\/span><\/p>\n<p><span dir=\"auto\">Ale utr\u00e1cen\u00ed pen\u011bz a vytv\u00e1\u0159en\u00ed skute\u010dn\u00fdch v\u00e1le\u010dn\u00fdch schopnost\u00ed nen\u00ed tot\u00e9\u017e.<\/span><br \/>\n<span dir=\"auto\">Nikdy to nebylo<\/span><br \/>\n<span dir=\"auto\">a nikdy to nebude.<\/span><\/p>\n<h3 class=\"wp-block-heading\"><strong><span dir=\"auto\">Dan (moder\u00e1tor):<\/span><\/strong><\/h3>\n<p><span dir=\"auto\">\u010c\u00e1st tohoto klamu se t\u00fdk\u00e1 i v\u00e1lky mezi Ruskem a Ukrajinou.<\/span><\/p>\n<p><span dir=\"auto\">Byl to efektivn\u00ed televizn\u00ed moment. Kr\u00e1tkodob\u011b \u00fasp\u011b\u0161n\u00fd. Lid\u00e9 v\u011b\u0159\u00ed, \u017ee se v\u011bci ub\u00edraj\u00ed pozitivn\u00edm sm\u011brem.<\/span><\/p>\n<p><span dir=\"auto\">Ale jak \u0159\u00edk\u00e1\u0161 \u2013 byla to jen v\u00fdloha.<\/span><\/p>\n<p><span dir=\"auto\">Rusko se nad\u00e1le soust\u0159ed\u00ed na realitu a postupuje na z\u00e1pad.<\/span><br \/>\n<span dir=\"auto\">Co si mysl\u00edte, \u017ee se stane v roce 2026?<\/span><\/p>\n<h3 class=\"wp-block-heading\"><strong><span dir=\"auto\">Macgregor:<\/span><\/strong><\/h3>\n<p><span dir=\"auto\">Skute\u010dn\u00fdm nebezpe\u010d\u00edm je, \u017ee prezident Putin a jeho kolegov\u00e9 p\u0159epnuli p\u00e1ku.<\/span><\/p>\n<p><span dir=\"auto\">U\u017e n\u00e1s neposlouchaj\u00ed.<\/span><br \/>\n<span dir=\"auto\">U\u017e n\u00e1m nev\u011b\u0159\u00ed.<\/span><\/p>\n<p><span dir=\"auto\">Vid\u011bli, kdy Witko a Kushner naposledy p\u0159ijeli do Moskvy.<\/span><br \/>\n<span dir=\"auto\">Rusov\u00e9 byli zdvo\u0159il\u00ed \u2013 a pak si uv\u011bdomili, \u017ee jde o 200 000 akr\u016f p\u016fdy a jak BlackRock a dal\u0161\u00ed z\u00edskaj\u00ed kontrolu na Ukrajin\u011b.<\/span><\/p>\n<p><span dir=\"auto\">Tehdy se uk\u00e1zalo:<\/span><br \/>\n<span dir=\"auto\">Tito lid\u00e9 to nemysl\u00ed v\u00e1\u017en\u011b.<\/span><br \/>\n<span dir=\"auto\">Jde jim o sebeobohacov\u00e1n\u00ed.<\/span><br \/>\n<span dir=\"auto\">O sebechv\u00e1lu.<\/span><\/p>\n<p><span dir=\"auto\">Ne o tom, \u017ee je legitimn\u00edm z\u00e1stupcem americk\u00e9ho lidu.<\/span><\/p>\n<p><span dir=\"auto\">V\u011b\u0159\u00edm, \u017ee Rusov\u00e9 n\u00e1m dlouhodob\u011b p\u0159ipisuj\u00ed v\u00edce mor\u00e1ln\u00ed podstaty, ne\u017e si zaslou\u017e\u00edme.<\/span><\/p>\n<p><span dir=\"auto\">To u\u017e je konec.<\/span><\/p>\n<p><span dir=\"auto\">Mysl\u00edm, \u017ee n\u00e1s u\u017e neposlouchaj\u00ed.<\/span><br \/>\n<span dir=\"auto\">A nemysl\u00edm si, \u017ee \u010c\u00ed\u0148an\u00e9 budou v budoucnu v\u011bnovat velkou pozornost tomu, co \u0159\u00edk\u00e1me.<\/span><\/p>\n<h3 class=\"wp-block-heading\"><strong><span dir=\"auto\">Macgregor (pokra\u010dov\u00e1n\u00ed):<\/span><\/strong><\/h3>\n<p><span dir=\"auto\">Pod\u00edvejte se, co jsme ud\u011blali s t\u011bmito ropn\u00fdmi tankery.<\/span><\/p>\n<p><span dir=\"auto\">Za\u010dne kv\u016fli tomu Rusko nebo \u010c\u00edna v\u00e1lku?<\/span><br \/>\n<span dir=\"auto\">Ne.<\/span><\/p>\n<p><span dir=\"auto\">Ale te\u010f jsou p\u0159esv\u011bd\u010deni:<\/span><br \/>\n<span dir=\"auto\">U\u017e nejsme d\u016fv\u011bryhodn\u00fdm partnerem.<\/span><\/p>\n<p><span dir=\"auto\">A to extr\u00e9mn\u011b zt\u011b\u017euje budouc\u00ed jedn\u00e1n\u00ed.<\/span><\/p>\n<p><span dir=\"auto\">P\u0159ijde den, kdy budeme pot\u0159ebovat jej\u00ed dobrou v\u016fli.<\/span><br \/>\n<span dir=\"auto\">A ta tam nebude.<\/span><\/p>\n<h3 class=\"wp-block-heading\"><strong><span dir=\"auto\">Dan (moder\u00e1tor):<\/span><\/strong><\/h3>\n<p><span dir=\"auto\">A pak v\u010dera ve\u010der p\u0159i\u0161el prezident Trump a \u0159ekl:<\/span><\/p>\n<p><em><span dir=\"auto\">\u201eA co takhle obrann\u00fd rozpo\u010det ve v\u00fd\u0161i 1,5 bilionu dolar\u016f?\u201c<\/span><\/em><\/p>\n<p><span dir=\"auto\">Tucker Carlson okam\u017eit\u011b reagoval:<\/span><\/p>\n<p><em><span dir=\"auto\">\u201eToto je v\u00e1le\u010dn\u00fd rozpo\u010det. Ne m\u00edrov\u00fd rozpo\u010det. Velk\u00fd v\u00e1le\u010dn\u00fd rozpo\u010det sm\u011b\u0159uj\u00edc\u00ed ke sv\u011btov\u00e9 v\u00e1lce.\u201c<\/span><\/em><\/p>\n<p><span dir=\"auto\">P\u0159ij\u00edm\u00e1te to?<\/span><\/p>\n<h3 class=\"wp-block-heading\"><strong><span dir=\"auto\">Macgregor:<\/span><\/strong><\/h3>\n<p><span dir=\"auto\">Nem\u016f\u017eeme ani auditovat sou\u010dasn\u00fd rozpo\u010det Pentagonu.<\/span><br \/>\n<span dir=\"auto\">Nen\u00ed auditovateln\u00fd.<\/span><br \/>\n<span dir=\"auto\">Nev\u00edme, kam pen\u00edze jdou.<\/span><\/p>\n<p><span dir=\"auto\">Za norm\u00e1ln\u00edch okolnost\u00ed by Kapitol musel \u0159\u00edct:<\/span><br \/>\n<span dir=\"auto\">Dost. Ani dolar nav\u00edc.<\/span><\/p>\n<p><span dir=\"auto\">Ale to se nestane.<\/span><\/p>\n<p><span dir=\"auto\">Pro\u010d?<\/span><br \/>\n<span dir=\"auto\">Proto\u017ee tyto pen\u00edze jsou sou\u010d\u00e1st\u00ed washingtonsk\u00e9ho stroje na sebevyvy\u0161ov\u00e1n\u00ed.<\/span><\/p>\n<p><span dir=\"auto\">V\u00edce pen\u011bz znamen\u00e1:<\/span><br \/>\n<span dir=\"auto\">v\u00edce pen\u011bz pro voli\u010de,<\/span><br \/>\n<span dir=\"auto\">v\u00edce pen\u011bz pro d\u00e1rce,<\/span><br \/>\n<span dir=\"auto\">v\u00edce pen\u011bz pro politiky.<\/span><\/p>\n<p><span dir=\"auto\">Ano, je to v\u00e1le\u010dn\u00fd rozpo\u010det \u2013 co se t\u00fd\u010de jeho velikosti.<\/span><br \/>\n<span dir=\"auto\">Ale lid\u00e9 nech\u00e1pou, co v\u00e1lka znamen\u00e1.<\/span><\/p>\n<h3 class=\"wp-block-heading\"><strong><span dir=\"auto\">Dan (moder\u00e1tor):<\/span><\/strong><\/h3>\n<p><span dir=\"auto\">Co vlastn\u011b znamen\u00e1 v\u00e1lka?<\/span><\/p>\n<h3 class=\"wp-block-heading\"><strong><span dir=\"auto\">Macgregor:<\/span><\/strong><\/h3>\n<p><span dir=\"auto\">V\u00e1lka znamen\u00e1 masivn\u00ed pou\u017eit\u00ed palebn\u00e9 s\u00edly.<\/span><br \/>\n<span dir=\"auto\">Ni\u010den\u00ed \u017eivot\u016f a majetku.<\/span><\/p>\n<p><span dir=\"auto\">A co ztr\u00e1ty v m\u011b\u0159\u00edtku Ukrajiny?<\/span><\/p>\n<p><span dir=\"auto\">1,5 milionu mrtv\u00fdch ukrajinsk\u00fdch voj\u00e1k\u016f \u2013 kolik je to americk\u00fdch arm\u00e1d?<\/span><br \/>\n<span dir=\"auto\">T\u0159i? \u010cty\u0159i?<\/span><\/p>\n<p><span dir=\"auto\">To je nere\u00e1ln\u00e9.<\/span><\/p>\n<p><span dir=\"auto\">Tito lid\u00e9 nev\u011bd\u00ed, co d\u011blaj\u00ed.<\/span><\/p>\n<p><span dir=\"auto\">Jde tedy sp\u00ed\u0161e o finan\u010dn\u00ed podvod ne\u017e o cokoli jin\u00e9ho.<\/span><\/p>\n<p><span dir=\"auto\">Trump si mysl\u00ed:<\/span><br \/>\n<span dir=\"auto\">Spousta pen\u011bz = je\u0161t\u011b l\u00e9pe = v\u00edce operac\u00ed ve Venezuele.<\/span><\/p>\n<p><span dir=\"auto\">Tohle nen\u00ed v\u00e1lka.<\/span><\/p>\n<p><span dir=\"auto\">Tak\u00e9 v\u011b\u0159\u00ed, \u017ee vysok\u00e9 v\u00fddaje p\u016fsob\u00ed odstra\u0161uj\u00edc\u00edm zp\u016fsobem.<\/span><br \/>\n<span dir=\"auto\">V ur\u010dit\u00e9m okam\u017eiku se ale strach zm\u011bn\u00ed v nen\u00e1vist.<\/span><\/p>\n<p><span dir=\"auto\">A pak proti n\u00e1m lid\u00e9 bojuj\u00ed.<\/span><\/p>\n<h3 class=\"wp-block-heading\"><strong><span dir=\"auto\">Dan (moder\u00e1tor):<\/span><\/strong><\/h3>\n<p><span dir=\"auto\">Historicky bylo nadm\u011brn\u00e9 natahov\u00e1n\u00ed a nadm\u011brn\u00e9 utr\u00e1cen\u00ed za\u010d\u00e1tkem konce imp\u00e9ri\u00ed.<\/span><\/p>\n<p><span dir=\"auto\">Co to pro n\u00e1s ekonomicky znamen\u00e1?<\/span><\/p>\n<h3 class=\"wp-block-heading\"><strong><span dir=\"auto\">Macgregor:<\/span><\/strong><\/h3>\n<p><span dir=\"auto\">Poslechn\u011bte si Raye Dalia, Warrena Buffetta, Nassima Taleba, Jamese Granta.<\/span><\/p>\n<p><span dir=\"auto\">Varov\u00e1n\u00ed tu jsou u\u017e l\u00e9ta.<\/span><\/p>\n<p><span dir=\"auto\">\u201eJe\u0161t\u011b se to nestalo\u201c nen\u00ed zn\u00e1mkou toho, \u017ee se v\u011bci vr\u00e1tily do norm\u00e1lu.<\/span><\/p>\n<p><span dir=\"auto\">Je to jako rakovina v termin\u00e1ln\u00edm st\u00e1diu.<\/span><\/p>\n<p><span dir=\"auto\">Prioritou m\u011blo b\u00fdt p\u0159est\u011bhov\u00e1n\u00ed do jin\u00fdch oblast\u00ed.<\/span><br \/>\n<span dir=\"auto\">Budov\u00e1n\u00ed v\u00fdrobn\u00ed z\u00e1kladny.<\/span><\/p>\n<p><span dir=\"auto\">To se nestalo.<\/span><\/p>\n<p><span dir=\"auto\">Obrann\u00fd rozpo\u010det je dnes \u0161irok\u00fd m\u00edli a hlubok\u00fd dva a p\u016fl centimetru.<\/span><\/p>\n<p><span dir=\"auto\">3\u20134 t\u00fddny v\u00e1lky \u2013 pak je v\u0161echno spot\u0159ebov\u00e1no.<\/span><\/p>\n<p><span dir=\"auto\">Zm\u011bn\u00ed to 1,5 bilionu?<\/span><br \/>\n<span dir=\"auto\">Ne.<\/span><\/p>\n<p><span dir=\"auto\">Proto\u017ee hlavn\u00ed zam\u011b\u0159en\u00ed v Kapitolu z\u016fst\u00e1v\u00e1 stejn\u00e9:<\/span><br \/>\n<span dir=\"auto\">udr\u017eov\u00e1n\u00ed toku pen\u011bz.<\/span><\/p>\n<p><span dir=\"auto\">B\u011bhem sv\u00e9ho prvn\u00edho funk\u010dn\u00edho obdob\u00ed cht\u011bl Trump tento tok pen\u011bz naru\u0161it.<\/span><br \/>\n<span dir=\"auto\">Nyn\u00ed to s radost\u00ed p\u0159ijal.<\/span><\/p>\n<p><span dir=\"auto\">V\u011b\u0159\u00ed, \u017ee ho to d\u011bl\u00e1 popul\u00e1rn\u00edm.<\/span><\/p>\n<p><span dir=\"auto\">Mysl\u00edm, \u017ee to nebude fungovat.<\/span><\/p>\n<p><img decoding=\"async\" loading=\"lazy\" class=\"alignnone size-full wp-image-1185\" src=\"http:\/\/www.infokuryr.cz\/n\/wp-content\/uploads\/2021\/04\/kuryr-podpis.png\" alt=\"\" width=\"84\" height=\"24\" \/><\/p>\n<p>&nbsp;<\/p>\n","protected":false},"excerpt":{"rendered":"<p>V tomto rozhovoru plukovn\u00edk Douglas Macgregor nab\u00edz\u00ed neochv\u011bjnou anal\u00fdzu sou\u010dasn\u00e9 geopolitick\u00e9 situace. Vysv\u011btluje, pro\u010d Rusko&#8230;<\/p>\n","protected":false},"author":2,"featured_media":96819,"comment_status":"closed","ping_status":"closed","sticky":false,"template":"","format":"standard","meta":[],"categories":[7],"tags":[1042,1441,1052,22,37],"_links":{"self":[{"href":"https:\/\/www.infokuryr.cz\/n\/wp-json\/wp\/v2\/posts\/96818"}],"collection":[{"href":"https:\/\/www.infokuryr.cz\/n\/wp-json\/wp\/v2\/posts"}],"about":[{"href":"https:\/\/www.infokuryr.cz\/n\/wp-json\/wp\/v2\/types\/post"}],"author":[{"embeddable":true,"href":"https:\/\/www.infokuryr.cz\/n\/wp-json\/wp\/v2\/users\/2"}],"replies":[{"embeddable":true,"href":"https:\/\/www.infokuryr.cz\/n\/wp-json\/wp\/v2\/comments?post=96818"}],"version-history":[{"count":0,"href":"https:\/\/www.infokuryr.cz\/n\/wp-json\/wp\/v2\/posts\/96818\/revisions"}],"wp:featuredmedia":[{"embeddable":true,"href":"https:\/\/www.infokuryr.cz\/n\/wp-json\/wp\/v2\/media\/96819"}],"wp:attachment":[{"href":"https:\/\/www.infokuryr.cz\/n\/wp-json\/wp\/v2\/media?parent=96818"}],"wp:term":[{"taxonomy":"category","embeddable":true,"href":"https:\/\/www.infokuryr.cz\/n\/wp-json\/wp\/v2\/categories?post=96818"},{"taxonomy":"post_tag","embeddable":true,"href":"https:\/\/www.infokuryr.cz\/n\/wp-json\/wp\/v2\/tags?post=96818"}],"curies":[{"name":"wp","href":"https:\/\/api.w.org\/{rel}","templated":true}]}}