{"id":96816,"date":"2026-01-14T00:12:01","date_gmt":"2026-01-13T23:12:01","guid":{"rendered":"https:\/\/www.infokuryr.cz\/n\/?p=96816"},"modified":"2026-01-13T10:24:48","modified_gmt":"2026-01-13T09:24:48","slug":"thomas-roper-sledujte-penize-za-nepokoji-v-usa-stoji-soros-a-americti-demokrate","status":"publish","type":"post","link":"https:\/\/www.infokuryr.cz\/n\/2026\/01\/14\/thomas-roper-sledujte-penize-za-nepokoji-v-usa-stoji-soros-a-americti-demokrate\/","title":{"rendered":"Thomas R\u00f6per: Sledujte pen\u00edze &#8211; Za nepokoji v USA stoj\u00ed Soros a ameri\u010dt\u00ed demokrat\u00e9."},"content":{"rendered":"<div id=\"fb-root\"><\/div>\n<p><strong><span dir=\"auto\">V USA se opakuje sc\u00e9n\u00e1\u0159 BLM z roku 2020 a za protesty, jejich\u017e c\u00edlem je oslabit Trumpa, op\u011bt stoj\u00ed Soros a ameri\u010dt\u00ed demokrat\u00e9, jak ukazuje pohled na financov\u00e1n\u00ed organiz\u00e1tor\u016f protest\u016f.<\/span><\/strong><\/p>\n<p><a href=\"https:\/\/anti-spiegel.ru\/2025\/warum-trump-die-nationalgarde-in-die-us-bundesstaaten-schicken-will\/\"><u><span dir=\"auto\">V srpnu jsem v \u010dl\u00e1nku<\/span><\/u><\/a><span dir=\"auto\">\u00a0vysv\u011btlil,\u00a0pro\u010d se v bl\u00edzk\u00e9 budoucnosti o\u010dek\u00e1v\u00e1 o\u017eiven\u00ed hnut\u00ed Black Lives Matter a \u017ee Trumpova administrativa to v\u011bd\u011bla. To byl d\u016fvod, pro\u010d Trump v srpnu na\u0159\u00eddil N\u00e1rodn\u00ed gard\u011b, aby se p\u0159ipravila na ob\u010dansk\u00e9 nepokoje, a pro\u010d m\u011bl Pentagon \u201eokam\u017eit\u011b zajistit\u201c, aby N\u00e1rodn\u00ed garda \u201eve v\u0161ech st\u00e1tech byla vybavena, vycvi\u010dena, organizovan\u00e1 a p\u0159ipravena pom\u00e1hat feder\u00e1ln\u00edm, st\u00e1tn\u00edm a m\u00edstn\u00edm donucovac\u00edm org\u00e1n\u016fm p\u0159i potla\u010dov\u00e1n\u00ed ob\u010dansk\u00fdch nepokoj\u016f\u201c. D\u00e1le v srpnu Trump na\u0159\u00eddil vytvo\u0159en\u00ed st\u00e1l\u00fdch sil rychl\u00e9 reakce N\u00e1rodn\u00ed gardy, kter\u00e9 m\u011bly b\u00fdt \u201evybaveny, vycvi\u010deny a p\u0159ipraveny k rychl\u00e9mu nasazen\u00ed po cel\u00e9 zemi\u201c.<\/span><\/p>\n<p><span dir=\"auto\">Protesty hnut\u00ed Black Lives Matter byly ji\u017e dlouho p\u0159edem napl\u00e1nov\u00e1ny a financov\u00e1ny Sorosem a dal\u0161\u00edmi americk\u00fdmi oligarchy, kte\u0159\u00ed podporovali americk\u00e9 demokraty; v\u00edce informac\u00ed o tom naleznete na konci tohoto \u010dl\u00e1nku.<\/span><\/p>\n<p><span dir=\"auto\">U\u017e v srpnu se uk\u00e1zalo, \u017ee Soros a demokrat\u00e9 se znovu pokus\u00ed situaci v USA vyhrotit, aby oslabili Trumpa. A te\u010f se to stalo.<\/span><\/p>\n<h3 class=\"wp-block-heading\"><span dir=\"auto\">BLM 2.0<\/span><\/h3>\n<p><span dir=\"auto\">Ji\u017e v \u0159\u00edjnu 2025 se pozorn\u00ed \u010dten\u00e1\u0159i Der Spiegelu mohli dozv\u011bd\u011bt, kdo bude tentokr\u00e1t st\u00e1t za nepokoji, proto\u017ee 20. \u0159\u00edjna 2025 Der Spiegel publikoval \u010dl\u00e1nek s n\u00e1zvem\u00a0<\/span><a href=\"https:\/\/www.spiegel.de\/ausland\/donald-trump-massenproteste-gegen-us-praesidenten-seine-reaktion-zeigt-wie-begruendet-das-ist-a-07fd57be-6d34-4022-9337-8ea869da7bb7\"><u><span dir=\"auto\">\u201eMasov\u00e9 protesty v USA \u2013 Pou\u017eit\u00ed superlativ\u016f proti \u201akr\u00e1li Trumpovi\u2018\u201c<\/span><\/u><\/a><span dir=\"auto\">\u00a0, v n\u011bm\u017e byly jmenov\u00e1ny organizace, kter\u00e9 jsou v sou\u010dasn\u00e9 dob\u011b v pop\u0159ed\u00ed podn\u011bcov\u00e1n\u00ed nepokoj\u016f v USA:<\/span><\/p>\n<p><em><span dir=\"auto\">\u201eVytv\u00e1\u0159\u00ed se \u0161irok\u00e1 aliance, kter\u00e1 zahrnuje r\u016fzn\u00e9 spole\u010densk\u00e9 vrstvy a regiony. Mezi organiz\u00e1tory jsou zn\u00e1m\u00e9 progresivn\u00ed skupiny jako \u201aIndivisible\u2018 a \u201aMoveOn\u2018, ale i m\u00edstn\u00ed sdru\u017een\u00ed.\u201c<\/span><\/em><\/p>\n<p><span dir=\"auto\">Obzvl\u00e1\u0161t\u011b zaj\u00edmav\u00e1 je organizace Indivisible. Tato nevl\u00e1dn\u00ed organizace byla zalo\u017eena v roce 2016 \u201ev reakci na zvolen\u00ed Donalda Trumpa\u201c a jej\u00edmi zakladateli jsou man\u017eelsk\u00fd p\u00e1r Ezra Levin a Leah Greenbergovi, kte\u0159\u00ed d\u0159\u00edve nep\u0159itahovali velkou pozornost ve\u0159ejnosti. P\u0159esto si rychle z\u00edskali uzn\u00e1n\u00ed a v roce 2017 je Politico za\u0159adil na sv\u016fj seznam nejvlivn\u011bj\u0161\u00edch lid\u00ed, v roce 2018 je za\u0159adil na podobn\u00fd seznam GQ a v roce 2019 dokonce Time za\u0159adil Levina na seznam 100 nejvlivn\u011bj\u0161\u00edch lid\u00ed sv\u011bta.<\/span><\/p>\n<p><span dir=\"auto\">To nen\u00ed \u017e\u00e1dn\u00e9 p\u0159ekvapen\u00ed, proto\u017ee Indivisible byla od sv\u00e9ho vzniku podporov\u00e1na Sorosovou nadac\u00ed Open Society Foundation, co\u017e evidentn\u011b zahrnovalo nejen financov\u00e1n\u00ed, ale i zapojen\u00ed do s\u00edt\u011b, \u010d\u00edm\u017e se Indivisible dostalo zna\u010dn\u00e9 medi\u00e1ln\u00ed pozornosti a dar\u016f. A vyplatilo se to.<\/span><\/p>\n<p><a href=\"https:\/\/eu.usatoday.com\/story\/news\/politics\/2017\/03\/20\/george-soros-democracy-alliance-anti-trump-activists-meeting\/99417808\/\"><u><span dir=\"auto\">V b\u0159eznu 2017 den\u00edk USA Today<\/span><\/u><\/a><span dir=\"auto\">\u00a0s odvol\u00e1n\u00edm na Levina uvedl, \u017ee Indivisible od ledna 2017 obdr\u017eela prost\u0159ednictv\u00edm ActBlue p\u0159es 10 000 dar\u016f v celkov\u00e9 v\u00fd\u0161i p\u0159es 500 000 dolar\u016f.<\/span><a href=\"https:\/\/www.nytimes.com\/2017\/10\/07\/us\/politics\/democrats-resistance-fundraising.html\"><u><span dir=\"auto\">\u00a0V \u0159\u00edjnu 2017 den\u00edk The New York Times uvedl<\/span><\/u><\/a><span dir=\"auto\">\u00a0, \u017ee Indivisible od sv\u00e9ho zalo\u017een\u00ed obdr\u017eela t\u00e9m\u011b\u0159 6 milion\u016f dolar\u016f, a to p\u0159edev\u0161\u00edm prost\u0159ednictv\u00edm mal\u00fdch dar\u016f prost\u0159ednictv\u00edm sv\u00fdch webov\u00fdch str\u00e1nek, a tak\u00e9 od Reida Hoffmana a organizac\u00ed s vazbami na d\u00e1rce Democracy Alliance. Mezi jej\u00ed nejv\u011bt\u0161\u00ed d\u00e1rce v posledn\u00ed dob\u011b pat\u0159ilo n\u011bkolik v\u00fdznamn\u00fdch technologick\u00fdch spole\u010dnost\u00ed, v\u010detn\u011b Apple a Alphabet.<\/span><a href=\"https:\/\/thehill.com\/homenews\/senate\/5232282-ezra-levin-indivisible-booker-schumer\/\"><u><span dir=\"auto\">\u00a0V dubnu 2015 den\u00edk The Hill uvedl<\/span><\/u><\/a><span dir=\"auto\">\u00a0, \u017ee Indivisible od roku 2017 obdr\u017eela pouze od Nadace Open Society George Sorose p\u0159es 7,6 milionu dolar\u016f.<\/span><\/p>\n<p><span dir=\"auto\">To ukazuje, \u017ee Indivisible m\u00e1 velmi dobr\u00e9 vazby na sponzory americk\u00fdch demokrat\u016f, proto\u017ee ActBlue je nevl\u00e1dn\u00ed organizace, kter\u00e1 shroma\u017e\u010fuje a rozd\u011bluje dary na demokratick\u00e9 projekty. Takov\u00e9 nevl\u00e1dn\u00ed organizace maj\u00ed za c\u00edl zakr\u00fdt, kdo komu kolik plat\u00ed, a to sdru\u017eov\u00e1n\u00edm finan\u010dn\u00edch prost\u0159edk\u016f a jejich rozd\u011blov\u00e1n\u00edm odtud, co\u017e znemo\u017e\u0148uje vysledovat, kter\u00e1 korporace nebo miliard\u00e1\u0159 lobbuje za kter\u00e9 konkr\u00e9tn\u00ed politick\u00e9 projekty. Ve sv\u00e9 knize\u00a0<\/span><a href=\"https:\/\/www.kopp-verlag.de\/a\/inside-corona\"><u><span dir=\"auto\">\u201eInside Corona<\/span><\/u><\/a><span dir=\"auto\">\u00a0\u201c jsem uk\u00e1zal, \u017ee nap\u0159\u00edklad Rockefellerova nadace tuto metodu obzvl\u00e1\u0161t\u011b r\u00e1da pou\u017e\u00edv\u00e1 k zatajen\u00ed rozsahu sv\u00e9ho financov\u00e1n\u00ed a vlivu.<\/span><\/p>\n<p><span dir=\"auto\">Tot\u00e9\u017e plat\u00ed pro Demokratickou alianci, kterou\u00a0<\/span><a href=\"https:\/\/en.wikipedia.org\/wiki\/Democracy_Alliance\"><u><span dir=\"auto\">anglick\u00e1 Wikipedie<\/span><\/u><\/a><span dir=\"auto\">\u00a0popisuje jako \u201es\u00ed\u0165 progresivn\u00edch megad\u00e1rc\u016f\u201c demokrat\u016f. Nen\u00ed divu, \u017ee Sorosova nadace se aktivn\u011b pod\u00edl\u00ed na \u0159\u00edzen\u00ed Demokratick\u00e9 aliance. A ze stejn\u00e9ho prost\u0159ed\u00ed poch\u00e1z\u00ed i internetov\u00fd miliard\u00e1\u0159 Reid Hoffman; je jedn\u00edm ze zakladatel\u016f LinkedInu a aktivn\u00edm podporovatelem americk\u00fdch demokrat\u016f. A tak d\u00e1le a tak d\u00e1le.<\/span><\/p>\n<p><span dir=\"auto\">Je tedy naprosto z\u0159ejm\u00e9, \u017ee Indivisible je organizace financovan\u00e1 miliony demokrat\u016f a jejich sponzor\u016f. Na tom by ani nebylo nic \u0161patn\u00e9ho; koneckonc\u016f je na Z\u00e1pad\u011b naprosto norm\u00e1ln\u00ed financovat sledov\u00e1n\u00ed vlastn\u00edch c\u00edl\u016f prost\u0159ednictv\u00edm nevl\u00e1dn\u00edch organizac\u00ed, aby se u ve\u0159ejnosti vytvo\u0159il dojem, \u017ee za hnut\u00edm stoj\u00ed \u201eob\u010dansk\u00e1 spole\u010dnost\u201c, a nikoli politick\u00e1 strana a jej\u00ed finan\u010dn\u00edci, \u010di dokonce velk\u00e9 korporace.<\/span><\/p>\n<p><span dir=\"auto\">Ale Indivisible pat\u0159\u00ed mezi ty, kte\u0159\u00ed nyn\u00ed p\u0159i\u017eivuj\u00ed n\u00e1siln\u00e9 protesty proti Trumpovi, p\u0159i nich\u017e kv\u016fli v\u0161udyp\u0159\u00edtomn\u00fdm st\u0159eln\u00fdm zbran\u00edm v USA um\u00edr\u00e1 st\u00e1le v\u00edce lid\u00ed. A to v\u0161e financuj\u00ed demokrat\u00e9 a jejich p\u0159\u00edznivci, aby vytvo\u0159ili obrazy a atmosf\u00e9ru, kter\u00e9 maj\u00ed Trumpa v tomto volebn\u00edm roce po\u0161kodit a oslabit.<\/span><\/p>\n<p><span dir=\"auto\">Tot\u00e9\u017e plat\u00ed pro nevl\u00e1dn\u00ed organizaci MoveOn, o kter\u00e9 se rovn\u011b\u017e zmi\u0148uje Spiegel a kter\u00e1 je rovn\u011b\u017e financov\u00e1na nepr\u016fhlednou s\u00edt\u00ed obklopuj\u00edc\u00ed Demokraty a Sorose. Ani MoveOn, ani Indivisible samoz\u0159ejm\u011b na sv\u00fdch webov\u00fdch str\u00e1nk\u00e1ch nezve\u0159ej\u0148uj\u00ed \u017e\u00e1dn\u00e9 informace o sv\u00fdch financuj\u00edc\u00edch subjektech. Tyto \u00fadaje je nutn\u00e9 pe\u010dliv\u011b vyhled\u00e1vat online.<\/span><\/p>\n<p><span dir=\"auto\">Tak\u017ee m\u00e1me co do \u010din\u011bn\u00ed s dal\u0161\u00ed barevnou revoluc\u00ed, kter\u00e1 se odehr\u00e1v\u00e1 podle zn\u00e1m\u00e9ho vzoru, tentokr\u00e1t zorganizovanou v USA Sorosem a jeho kump\u00e1ny po \u00fasp\u011bchu hnut\u00ed Black Lives Matter v roce 2020. Pro ty, kte\u0159\u00ed o tom sly\u0161\u00ed poprv\u00e9, mi dovolte p\u0159ipomenout, co se stalo v roce 2020.<\/span><\/p>\n<h3 class=\"wp-block-heading\"><span dir=\"auto\">Barevn\u00e1 revoluce v USA<\/span><\/h3>\n<p><span dir=\"auto\">V roce 2020 ot\u0159\u00e1sly protesty hnut\u00ed Black Lives Matter Spojen\u00fdmi st\u00e1ty a prom\u011bnily cel\u00e9 \u010dtvrti, nap\u0159\u00edklad v Portlandu, v bezpr\u00e1vn\u00ed oblasti kontrolovan\u00e9 hnut\u00edm Black Lives Matter, kam se \u017e\u00e1dn\u00e1 policie nemohla dostat.<\/span><\/p>\n<p><span dir=\"auto\">Protesty byly b\u011bhem volebn\u00ed kampan\u011b zneu\u017eity proti Trumpovi demokraty a jim loaj\u00e1ln\u00edmi m\u00e9dii. Trump byl obvin\u011bn z rozd\u011blen\u00ed USA a tyto (vykreslovan\u00e9 jako opr\u00e1vn\u011bn\u00e9) protesty byly jejich v\u00fdsledkem.<\/span><\/p>\n<p><span dir=\"auto\">Kdy\u017e hnut\u00ed BLM obsadilo centrum Portlandu, Trump cht\u011bl ukon\u010dit nepokoje a nasadit proti v\u00fdtr\u017en\u00edk\u016fm N\u00e1rodn\u00ed gardu, ale tamn\u00ed demokratick\u00e1 administrativa ho zablokovala. V\u00fdsledkem byly m\u011bs\u00edce medi\u00e1ln\u00edho pokryt\u00ed BLM, proto\u017ee demokrat\u00e9 m\u011bli na protestech osobn\u00ed z\u00e1jem, jeliko\u017e jim prosp\u011bly ve volebn\u00ed kampani.<\/span><\/p>\n<p><span dir=\"auto\">Je d\u016fle\u017eit\u00e9 v\u011bd\u011bt, \u017ee\u00a0<\/span><a href=\"https:\/\/www.washingtontimes.com\/news\/2016\/aug\/16\/black-lives-matter-cashes-100-million-liberal-foun\/\"><u><span dir=\"auto\">Washington Times v roce 2016 informoval<\/span><\/u><\/a><span dir=\"auto\">\u00a0, \u017ee hnut\u00ed Black Lives Matter obdr\u017eelo p\u0159es 100 milion\u016f dolar\u016f od \u201eliber\u00e1ln\u00edch nadac\u00ed\u201c a dal\u0161\u00edch 33 milion\u016f dolar\u016f od Sorose. Soros byl tedy nejv\u011bt\u0161\u00edm d\u00e1rcem hnut\u00ed Black Lives Matter a jak se \u0159\u00edk\u00e1, kdo plat\u00ed, ten \u0159\u00edk\u00e1 melodii.<\/span><\/p>\n<p><span dir=\"auto\">Takto Soros postupoval ve v\u0161ech celosv\u011btov\u011b\u00a0<\/span><a href=\"https:\/\/web.archive.org\/web\/20240521111614\/https:\/\/anti-spiegel.com\/2020\/am-beispiel-der-rassenunruhen-wie-leicht-proteste-gesteuert-werden-koennen\/\"><u><span dir=\"auto\">zorganizovan\u00fdch \u201edemokratick\u00fdch revoluc\u00edch<\/span><\/u><\/a><span dir=\"auto\">\u00a0\u201c, tj. p\u0159evratech, a \u010dasto o tom pozd\u011bji hrd\u011b mluvil. Pravda, v\u017edy n\u011bkolik m\u011bs\u00edc\u016f po \u201edemokratick\u00fdch\u201c p\u0159evratech, ale Soros byl na sv\u016fj vliv hrd\u00fd. Po \u00fadajn\u011b spont\u00e1nn\u00edm povst\u00e1n\u00ed na Majdanu v letech 2013\/2014 Soros\u00a0<\/span><a href=\"https:\/\/web.archive.org\/web\/20140910204102\/http:\/\/edition.cnn.com\/TRANSCRIPTS\/1405\/25\/fzgps.01.html\"><u><span dir=\"auto\">25. kv\u011btna 2014 v po\u0159adu CNN<\/span><\/u><\/a><span dir=\"auto\">\u00a0prohl\u00e1sil o p\u0159evratu na Majdanu, kter\u00fd se v t\u00e9 dob\u011b odehr\u00e1l teprve o t\u0159i m\u011bs\u00edce d\u0159\u00edve:<\/span><\/p>\n<p><em><span dir=\"auto\">\u201eNo, zalo\u017eil jsem na Ukrajin\u011b nadaci je\u0161t\u011b p\u0159edt\u00edm, ne\u017e se Ukrajina osamostatnila od Ruska. A nadace od t\u00e9 doby funguje a nyn\u00ed v t\u011bchto ud\u00e1lostech hraje d\u016fle\u017eitou roli.\u201c<\/span><\/em><\/p>\n<p><span dir=\"auto\">Je to osv\u011bd\u010den\u00fd postup Sorose, USAID a dal\u0161\u00edch americk\u00fdch nadac\u00ed, kter\u00e9 plat\u00ed organizac\u00edm v jin\u00fdch zem\u00edch, je\u017e v p\u0159\u00edpad\u011b pot\u0159eby mohou p\u0159iv\u00e9st lidi do ulic na protesty, aby vyvinuly tlak na vl\u00e1du neposlu\u0161nou USA, nebo ji v p\u0159\u00edpad\u011b pot\u0159eby svrhly pu\u010dem zvan\u00fdm \u201edemokratick\u00e1 revoluce\u201c.<\/span><\/p>\n<p><span dir=\"auto\">A pr\u00e1v\u011b takovou s\u00ed\u0165 Soros vytvo\u0159il v USA od roku 2016; jeho a dal\u0161\u00ed \u201eliber\u00e1ln\u00ed nadace\u201c financovaly BLM od roku 2016. Otev\u0159en\u011b deklarovan\u00fdm \u00fa\u010delem financov\u00e1n\u00ed BLM bylo, aby BLM vybudovala celost\u00e1tn\u00ed s\u00ed\u0165, kter\u00e1 by mohla b\u00fdt v p\u0159\u00edpad\u011b pot\u0159eby pou\u017eita k mobilizaci \u010dernoch\u016f.<\/span><\/p>\n<h3 class=\"wp-block-heading\"><span dir=\"auto\">Jak za\u010d\u00edt \u2013 a ukon\u010dit \u2013 protesty<\/span><\/h3>\n<p><span dir=\"auto\">V USA policie ka\u017edoro\u010dn\u011b zabije tis\u00edce lid\u00ed, zhruba t\u0159i takov\u00e9 incidenty denn\u011b. B\u011bhem americk\u00e9 volebn\u00ed kampan\u011b v roce 2020 museli finan\u010dn\u00edci hnut\u00ed BLM jednodu\u0161e \u010dekat, a\u017e kolemjdouc\u00ed nato\u010d\u00ed a zve\u0159ejn\u00ed takov\u00e9 incidenty online \u2013 co\u017e je v USA b\u011b\u017en\u00fd jev \u2013 a pot\u00e9 vybrat p\u0159\u00edpad, kter\u00fd propagovat v m\u00e9di\u00edch a na soci\u00e1ln\u00edch s\u00edt\u00edch, \u010d\u00edm\u017e zah\u00e1jili protesty hnut\u00ed BLM. T\u00edmto zp\u016fsobem se zabit\u00ed George Floyda, recidivisty, prom\u011bnilo v m\u00fdtus pot\u0159ebn\u00fd k rozpout\u00e1n\u00ed protest\u016f hnut\u00ed BLM, kter\u00e9 m\u011bly po\u0161kodit Trumpa a zabr\u00e1nit jeho znovuzvolen\u00ed.<\/span><\/p>\n<p><span dir=\"auto\">Hnut\u00ed Black Lives Matter bylo de facto barevnou revoluc\u00ed v USA s c\u00edlem zajistit Bidenovo volebn\u00ed v\u00edt\u011bzstv\u00ed.<\/span><\/p>\n<p><span dir=\"auto\">To se jasn\u011b projevilo v tom, \u017ee bezprost\u0159edn\u011b po Bidenov\u011b volebn\u00edm v\u00edt\u011bzstv\u00ed demokrat\u00e9 ud\u011blali p\u0159esn\u011b to, co Trump p\u016fl roku po\u017eadoval a \u010demu demokrat\u00e9 p\u016fl roku br\u00e1nili: N\u00e1siln\u011b ukon\u010dili protesty hnut\u00ed Black Lives Matter.<\/span><\/p>\n<p><span dir=\"auto\">Ted Wheeler, starosta Portlandu, kter\u00fd \u0161est m\u011bs\u00edc\u016f vehementn\u011b odm\u00edtal nucen\u00e9 vyst\u011bhov\u00e1n\u00ed centra m\u011bsta okupovan\u00e9ho hnut\u00edm Black Lives Matter, vydal 3. prosince 2020\u00a0<\/span><a href=\"https:\/\/apnews.com\/article\/us-news-oregon-racial-injustice-arrests-portland-c051d4f739b9ec39b8df76dbff55369f\"><u><span dir=\"auto\">prohl\u00e1\u0161en\u00ed<\/span><\/u><\/a><span dir=\"auto\">\u00a0, v n\u011bm\u017e zmocnil portlandskou policii k \u201evyu\u017eit\u00ed v\u0161ech z\u00e1konn\u00fdch prost\u0159edk\u016f k ukon\u010den\u00ed neleg\u00e1ln\u00ed okupace\u201c. \u0158ekl, \u017ee je \u201e\u010das, aby t\u00e1bor a okupace skon\u010dily\u201c, a dodal, \u017ee \u201eexistuje mnoho zp\u016fsob\u016f, jak protestovat a pracovat na nezbytn\u00fdch reform\u00e1ch. Neleg\u00e1ln\u00ed okupace soukrom\u00e9ho majetku, otev\u0159en\u00e9 no\u0161en\u00ed zbran\u00ed, vyhro\u017eov\u00e1n\u00ed a zastra\u0161ov\u00e1n\u00ed lid\u00ed mezi n\u011b nepat\u0159\u00ed.\u201c<\/span><\/p>\n<p><span dir=\"auto\">Jen z\u0159\u00eddka kdy bylo r\u010den\u00ed \u201eMaur splnil svou povinnost, Maur m\u016f\u017ee j\u00edt\u201c tak v\u00fdsti\u017en\u00e9 jako na konci\u00a0<\/span><a href=\"https:\/\/web.archive.org\/web\/20240202220157\/https:\/\/anti-spiegel.ru\/2020\/us-demokraten-wollen-gegen-blm-vorgehen-der-mohr-hat-seine-schuldigkeit-getan\/\"><u><span dir=\"auto\">protest\u016f hnut\u00ed Black Lives Matter na konci roku 2020<\/span><\/u><\/a><span dir=\"auto\">\u00a0.<\/span><\/p>\n<p><span dir=\"auto\">A aby se zabr\u00e1nilo tomu, aby si BLM vybudovala vlastn\u00ed \u017eivot, vzdorovala ukon\u010den\u00ed protest\u016f a prost\u011b v nich pokra\u010dovala, byli zakladatel\u00e9 BLM velmi dob\u0159e placeni. Tak dob\u0159e, \u017ee Patrisse Khan-Cullorsov\u00e1, jedna ze zakladatelek BLM, kter\u00e1 se ozna\u010dovala za marxistku a zast\u00e1nkyni pr\u00e1v \u010dernoch\u016f, si mohla\u00a0ihned po skon\u010den\u00ed protest\u016f BLM koupit vilu\u00a0<\/span><a href=\"https:\/\/web.archive.org\/web\/20240204094051\/https:\/\/anti-spiegel.ru\/2021\/blm-gruenderin-kauft-millionen-teures-anwesen-und-facebook-loescht-berichte-darueber\/\"><u><span dir=\"auto\">za 1,4 milionu dolar\u016f v bohat\u00e9m, p\u0159ev\u00e1\u017en\u011b b\u00edl\u00e9m p\u0159edm\u011bst\u00ed Los Angeles.<\/span><\/u><\/a><\/p>\n<h3 class=\"wp-block-heading\"><span dir=\"auto\">Kdy bude vyd\u00e1na verze BLM 2.0?<\/span><\/h3>\n<p><span dir=\"auto\">Kdy\u017e Trump v listopadu vyhr\u00e1l volby, okam\u017eit\u011b jsem se zam\u00fd\u0161lel, kdy se v USA do\u010dk\u00e1me dal\u0161\u00edch velk\u00fdch nepokoj\u016f. Americk\u00e9 nadace jako Soros, USAID, NED a dal\u0161\u00ed zdokonalily metody zm\u011bny re\u017eim\u016f za posledn\u00edch 25 let a tyto barevn\u00e9 revoluce\u00a0<\/span><a href=\"https:\/\/web.archive.org\/web\/20240521111614\/https:\/\/anti-spiegel.com\/2020\/am-beispiel-der-rassenunruhen-wie-leicht-proteste-gesteuert-werden-koennen\/\"><u><span dir=\"auto\">v\u017edy sleduj\u00ed stejn\u00fd vzorec<\/span><\/u><\/a><span dir=\"auto\">\u00a0.<\/span><\/p>\n<p><span dir=\"auto\">Nen\u00ed proto divu, \u017ee jedn\u00edm z prvn\u00edch Trumpov\u00fdch krok\u016f po n\u00e1stupu do \u00fa\u0159adu bylo zru\u0161en\u00ed USAID. Koneckonc\u016f, p\u0159esto\u017ee se jednalo o agenturu americk\u00e9 vl\u00e1dy, USAID b\u011bhem volebn\u00ed kampan\u011b v roce 2020 pracoval proti prezidentu Trumpovi t\u00edm, \u017ee c\u00edlen\u011b financoval Trumpovo kritick\u00e9 hlasy v zahrani\u010d\u00ed (zejm\u00e9na na Ukrajin\u011b), kter\u00fdm pak prodemokratick\u00e1 americk\u00e1 m\u00e9dia, jako je CNN, poskytla platformu k tomu, aby obr\u00e1tila voli\u010de proti Trumpovi. Podrobnosti si m\u016f\u017eete p\u0159e\u010d\u00edst\u00a0<\/span><a href=\"https:\/\/web.archive.org\/web\/20250317181536\/https:\/\/anti-spiegel.ru\/2025\/warum-die-trump-regierung-so-entschieden-gegen-usaid-vorgeht\/\"><u><span dir=\"auto\">zde<\/span><\/u><\/a><span dir=\"auto\">\u00a0.<\/span><\/p>\n<p><span dir=\"auto\">P\u0159esto\u017ee z\u00e1padn\u00ed vl\u00e1dy a nevl\u00e1dn\u00ed organizace zdokonalily sv\u00e9 techniky pro zm\u011bnu re\u017eim\u016f, existuj\u00ed relativn\u011b jednoduch\u00e9 zp\u016fsoby, jak jim \u010delit. Nap\u0159\u00edklad vl\u00e1da nesm\u00ed dovolit, aby se protesty staly trval\u00fdmi obsazov\u00e1n\u00edm n\u00e1m\u011bst\u00ed a budov\u00e1n\u00edm stanov\u00fdch m\u011bst v hlavn\u00edch m\u011bstech, jak se to stalo na Majdanu, nebo obsazov\u00e1n\u00edm cel\u00e9ho centra m\u011bsta, jak se to stalo v Portlandu v roce 2020. Protesty v Georgii na podzim roku 2024 uk\u00e1zaly, \u017ee protesty maj\u00ed tendenci \u010dasem vyprchat, pokud je nutn\u00e9 demonstranty ka\u017ed\u00fd den znovu mobilizovat, proto\u017ee je to obt\u00ed\u017en\u011bj\u0161\u00ed, ne\u017e kdyby protestuj\u00edc\u00ed mohli z\u016fstat na m\u00edst\u011b, sp\u00e1t ve stanech a snadno se dostat k j\u00eddlu z pol\u00e9vkov\u00fdch kuchyn\u00ed.<\/span><\/p>\n<p><span dir=\"auto\">Vl\u00e1da, kter\u00e1 chce zabr\u00e1nit barevn\u00e9 revoluci, se mus\u00ed protest\u016fm rozhodn\u011b postavit a nedovolit, aby se staly trval\u00fdm stavem v\u011bc\u00ed, kter\u00fd pak mohou m\u00e9dia, kter\u00e1 je podporuj\u00ed, d\u00e1le zesilovat. A jeliko\u017e si Trump, jak uk\u00e1zala agentura BLM, nem\u016f\u017ee b\u00fdt jist\u00fd loajalitou policie v jednotliv\u00fdch st\u00e1tech, za\u010dal v srpnu 2025 s t\u00edm, aby si pod kontrolu dostal N\u00e1rodn\u00ed gardu, kterou m\u016f\u017ee v p\u0159\u00edpad\u011b pot\u0159eby ve st\u00e1tech nasadit k potla\u010den\u00ed protest\u016f.<\/span><\/p>\n<p><a href=\"https:\/\/anti-spiegel.ru\/2026\/folge-dem-geld-soros-und-die-us-demokraten-stehen-hinter-den-unruhen-in-den-usa\/\">Thomas R\u00f6per<\/a><\/p>\n<p><img decoding=\"async\" loading=\"lazy\" class=\"alignnone  wp-image-22016\" src=\"http:\/\/www.infokuryr.cz\/n\/wp-content\/uploads\/2023\/01\/Thomas-Roper-298x300.jpg\" alt=\"\" width=\"151\" height=\"152\" srcset=\"https:\/\/www.infokuryr.cz\/n\/wp-content\/uploads\/2023\/01\/Thomas-Roper-298x300.jpg 298w, https:\/\/www.infokuryr.cz\/n\/wp-content\/uploads\/2023\/01\/Thomas-Roper-150x150.jpg 150w, https:\/\/www.infokuryr.cz\/n\/wp-content\/uploads\/2023\/01\/Thomas-Roper.jpg 596w\" sizes=\"(max-width: 151px) 100vw, 151px\" \/><\/p>\n<p>&nbsp;<\/p>\n","protected":false},"excerpt":{"rendered":"<p>V USA se opakuje sc\u00e9n\u00e1\u0159 BLM z roku 2020 a za protesty, jejich\u017e c\u00edlem je&#8230;<\/p>\n","protected":false},"author":2,"featured_media":96817,"comment_status":"closed","ping_status":"closed","sticky":false,"template":"","format":"standard","meta":[],"categories":[7],"tags":[1310,3227,90,151,37],"_links":{"self":[{"href":"https:\/\/www.infokuryr.cz\/n\/wp-json\/wp\/v2\/posts\/96816"}],"collection":[{"href":"https:\/\/www.infokuryr.cz\/n\/wp-json\/wp\/v2\/posts"}],"about":[{"href":"https:\/\/www.infokuryr.cz\/n\/wp-json\/wp\/v2\/types\/post"}],"author":[{"embeddable":true,"href":"https:\/\/www.infokuryr.cz\/n\/wp-json\/wp\/v2\/users\/2"}],"replies":[{"embeddable":true,"href":"https:\/\/www.infokuryr.cz\/n\/wp-json\/wp\/v2\/comments?post=96816"}],"version-history":[{"count":0,"href":"https:\/\/www.infokuryr.cz\/n\/wp-json\/wp\/v2\/posts\/96816\/revisions"}],"wp:featuredmedia":[{"embeddable":true,"href":"https:\/\/www.infokuryr.cz\/n\/wp-json\/wp\/v2\/media\/96817"}],"wp:attachment":[{"href":"https:\/\/www.infokuryr.cz\/n\/wp-json\/wp\/v2\/media?parent=96816"}],"wp:term":[{"taxonomy":"category","embeddable":true,"href":"https:\/\/www.infokuryr.cz\/n\/wp-json\/wp\/v2\/categories?post=96816"},{"taxonomy":"post_tag","embeddable":true,"href":"https:\/\/www.infokuryr.cz\/n\/wp-json\/wp\/v2\/tags?post=96816"}],"curies":[{"name":"wp","href":"https:\/\/api.w.org\/{rel}","templated":true}]}}