{"id":9679,"date":"2022-04-16T02:00:12","date_gmt":"2022-04-16T00:00:12","guid":{"rendered":"http:\/\/www.infokuryr.cz\/n\/?p=9679"},"modified":"2022-04-15T19:47:53","modified_gmt":"2022-04-15T17:47:53","slug":"novinky-z-ukrajinskeho-protektoratu-drive-cr","status":"publish","type":"post","link":"https:\/\/www.infokuryr.cz\/n\/2022\/04\/16\/novinky-z-ukrajinskeho-protektoratu-drive-cr\/","title":{"rendered":"Novinky z ukrajinsk\u00e9ho protektor\u00e1tu, d\u0159\u00edve \u010cR"},"content":{"rendered":"<div id=\"fb-root\"><\/div>\n<p><span style=\"font-size: 14pt;\"><strong>Aktu\u00e1ln\u00ed koment\u00e1\u0159e ANS \/ 14. 4. 2022<\/strong><\/span><\/p>\n<p><strong>Program:<\/strong><\/p>\n<p>1) J\u00edzda za svobodu za \u0161ikanovan\u00e9 u\u010ditele dne 23. 4. 2022<\/p>\n<p>2) Historie genocidy rusky mluv\u00edc\u00edch na Donbasu<\/p>\n<p>3) Velikonoce<\/p>\n<p>4) Aktuality<\/p>\n<p><span style=\"font-size: 14pt;\"><strong>Host\u00e9:<\/strong><\/span><\/p>\n<p>Vladim\u00edra V\u00edtov\u00e1 \/ ANS<\/p>\n<p>Marek Adam \/ ANS<\/p>\n<p>Dana Schejbalov\u00e1 \/ J\u00edzdy za svobodu<\/p>\n<p><span style=\"font-size: 14pt;\"><strong>Z\u00e1znam po\u0159adu zde:<\/strong><\/span><\/p>\n<!--[if lt IE 9]><script>document.createElement('audio');<\/script><![endif]-->\n<audio class=\"wp-audio-shortcode\" id=\"audio-9679-1\" preload=\"none\" style=\"width: 100%;\" controls=\"controls\"><source type=\"audio\/mpeg\" src=\"http:\/\/www.infokuryr.cz\/n\/wp-content\/uploads\/2022\/04\/2022-04-14-Vladimira-Vitova_Marek-Adam_Dana-Schejbalova_Komentare-ANS-k-aktualnimu-deni_129-min.mp3?_=1\" \/><a href=\"http:\/\/www.infokuryr.cz\/n\/wp-content\/uploads\/2022\/04\/2022-04-14-Vladimira-Vitova_Marek-Adam_Dana-Schejbalova_Komentare-ANS-k-aktualnimu-deni_129-min.mp3\">http:\/\/www.infokuryr.cz\/n\/wp-content\/uploads\/2022\/04\/2022-04-14-Vladimira-Vitova_Marek-Adam_Dana-Schejbalova_Komentare-ANS-k-aktualnimu-deni_129-min.mp3<\/a><\/audio>\n<p><img decoding=\"async\" loading=\"lazy\" class=\"alignnone size-full wp-image-1185\" src=\"http:\/\/www.infokuryr.cz\/n\/wp-content\/uploads\/2021\/04\/kuryr-podpis.png\" alt=\"\" width=\"84\" height=\"24\" \/><\/p>\n<p>&nbsp;<\/p>\n<p>&nbsp;<\/p>\n<p>&nbsp;<\/p>\n<p>&nbsp;<\/p>\n","protected":false},"excerpt":{"rendered":"<p>Aktu\u00e1ln\u00ed koment\u00e1\u0159e ANS \/ 14. 4. 2022 Program: 1) J\u00edzda za svobodu za \u0161ikanovan\u00e9 u\u010ditele&#8230;<\/p>\n","protected":false},"author":2,"featured_media":9003,"comment_status":"closed","ping_status":"closed","sticky":false,"template":"","format":"standard","meta":[],"categories":[6],"tags":[2198,506,29,26],"_links":{"self":[{"href":"https:\/\/www.infokuryr.cz\/n\/wp-json\/wp\/v2\/posts\/9679"}],"collection":[{"href":"https:\/\/www.infokuryr.cz\/n\/wp-json\/wp\/v2\/posts"}],"about":[{"href":"https:\/\/www.infokuryr.cz\/n\/wp-json\/wp\/v2\/types\/post"}],"author":[{"embeddable":true,"href":"https:\/\/www.infokuryr.cz\/n\/wp-json\/wp\/v2\/users\/2"}],"replies":[{"embeddable":true,"href":"https:\/\/www.infokuryr.cz\/n\/wp-json\/wp\/v2\/comments?post=9679"}],"version-history":[{"count":0,"href":"https:\/\/www.infokuryr.cz\/n\/wp-json\/wp\/v2\/posts\/9679\/revisions"}],"wp:featuredmedia":[{"embeddable":true,"href":"https:\/\/www.infokuryr.cz\/n\/wp-json\/wp\/v2\/media\/9003"}],"wp:attachment":[{"href":"https:\/\/www.infokuryr.cz\/n\/wp-json\/wp\/v2\/media?parent=9679"}],"wp:term":[{"taxonomy":"category","embeddable":true,"href":"https:\/\/www.infokuryr.cz\/n\/wp-json\/wp\/v2\/categories?post=9679"},{"taxonomy":"post_tag","embeddable":true,"href":"https:\/\/www.infokuryr.cz\/n\/wp-json\/wp\/v2\/tags?post=9679"}],"curies":[{"name":"wp","href":"https:\/\/api.w.org\/{rel}","templated":true}]}}