{"id":96782,"date":"2026-01-13T00:30:25","date_gmt":"2026-01-12T23:30:25","guid":{"rendered":"https:\/\/www.infokuryr.cz\/n\/?p=96782"},"modified":"2026-01-12T19:53:09","modified_gmt":"2026-01-12T18:53:09","slug":"operace-cia-mossadu-jejimz-cilem-bylo-vyvolat-barevnou-revoluci-v-iranu-selhala","status":"publish","type":"post","link":"https:\/\/www.infokuryr.cz\/n\/2026\/01\/13\/operace-cia-mossadu-jejimz-cilem-bylo-vyvolat-barevnou-revoluci-v-iranu-selhala\/","title":{"rendered":"Operace CIA\/Mossadu, jej\u00edm\u017e c\u00edlem bylo vyvolat barevnou revoluci v \u00cdr\u00e1nu, selhala"},"content":{"rendered":"<div id=\"fb-root\"><\/div>\n<div class=\"elementor-element elementor-element-1fb4c2c elementor-widget elementor-widget-theme-post-content\" data-id=\"1fb4c2c\" data-element_type=\"widget\" data-widget_type=\"theme-post-content.default\">\n<div class=\"elementor-widget-container\">\n<p><strong><span dir=\"auto\">Pl\u00e1n CIA\/Mossadu na spu\u0161t\u011bn\u00ed barevn\u00e9 revoluce v \u00cdr\u00e1nu, kter\u00fd p\u0159it\u00e1hl celosv\u011btovou pozornost a z\u00e1plavu propagandistick\u00fdch zpr\u00e1v vykresluj\u00edc\u00edch \u00edr\u00e1nsk\u00e9 protesty jako masivn\u00ed a nezastaviteln\u00e9 lidov\u00e9 hnut\u00ed, selhal.<\/span><\/strong><\/p>\n<p><span dir=\"auto\">P\u0159esto\u017ee protesty v n\u011bkter\u00fdch \u010d\u00e1stech zem\u011b pokra\u010duj\u00ed, \u00edr\u00e1nsk\u00e9 bezpe\u010dnostn\u00ed s\u00edly odlo\u017eily d\u011btsk\u00e9 rukavice a \u00fato\u010d\u00ed zp\u011bt. Odhady po\u010dtu ob\u011bt\u00ed se zna\u010dn\u011b li\u0161\u00ed a pohybuj\u00ed se od stovek do tis\u00edc\u016f. \u00cdr\u00e1n\u0161t\u00ed p\u0159edstavitel\u00e9 ozn\u00e1mili, \u017ee \u00fadajn\u00ed v\u016fdci n\u00e1siln\u00fdch protest\u016f budou od st\u0159edy ve\u0159ejn\u011b popraveni.<\/span><\/p>\n<p><span dir=\"auto\">A\u010dkoli Trump sl\u00edbil, \u017ee protestuj\u00edc\u00edm pom\u016f\u017ee, jeho slib se zd\u00e1 b\u00fdt sp\u00ed\u0161e r\u00e9torick\u00fd ne\u017e v\u011bcn\u00fd. Podle zpr\u00e1vy v Jerusalem Post:<\/span><\/p>\n<p><span dir=\"auto\">O\u010dek\u00e1v\u00e1 se, \u017ee americk\u00fd prezident Donald Trump pom\u016f\u017ee \u00cdr\u00e1nc\u016fm protestuj\u00edc\u00edm po cel\u00e9 zemi proti re\u017eimu Isl\u00e1msk\u00e9 republiky, uvedlo v ned\u011bli listu Jerusalem Post n\u011bkolik zdroj\u016f obezn\u00e1men\u00fdch s podrobnostmi jedn\u00e1n\u00ed z posledn\u00edch n\u011bkolika dn\u016f.<\/span><\/p>\n<p><span dir=\"auto\">\u201eTrump se v podstat\u011b rozhodl pomoci protestuj\u00edc\u00edm v \u00cdr\u00e1nu. Co ale je\u0161t\u011b nerozhodl, je \u201ajak\u2018 a \u201akdy\u2018,\u201c uvedli.<\/span><\/p>\n<p><span dir=\"auto\">\u201eSpektrum sah\u00e1 od vojensk\u00e9 mo\u017enosti, konkr\u00e9tn\u011b \u00fatok\u016f na c\u00edle re\u017eimu, p\u0159es kybernetickou podporu re\u017eimu a\u017e po poskytov\u00e1n\u00ed syst\u00e9m\u016f Starlink na pomoc protestuj\u00edc\u00edm,\u201c \u0159ekl zdroj listu Post.<\/span><\/p>\n<p><span dir=\"auto\">\u201eA\u010dkoli Trumpova administrativa nev\u011b\u0159\u00ed, \u017ee se \u00edr\u00e1nsk\u00fd re\u017eim zhrout\u00ed, rozhodn\u011b vid\u00ed probl\u00e9my a trhliny, kter\u00e9 p\u0159ed t\u00fddnem neexistovaly,\u201c dodal zdroj.<\/span><\/p>\n<p><span dir=\"auto\">Britsk\u00e9 noviny The Telegraph v\u0161ak tlum\u00ed o\u010dek\u00e1v\u00e1n\u00ed, \u017ee na programu je okam\u017eit\u00e1 vojensk\u00e1 akce:<\/span><\/p>\n<p><span dir=\"auto\">Americk\u00e1 m\u00e9dia informovala, \u017ee \u00fa\u0159edn\u00edci v \u00fater\u00fd p\u0159edlo\u017e\u00ed Trumpovi mo\u017enosti \u0159ady nelet\u00e1ln\u00edch opat\u0159en\u00ed, v\u010detn\u011b zintenzivn\u011bn\u00ed kritiky vl\u00e1dy online a pou\u017eit\u00ed tajn\u00fdch kybernetick\u00fdch zbran\u00ed proti \u00edr\u00e1nsk\u00fdm vojensk\u00fdm a civiln\u00edm objekt\u016fm.<\/span><\/p>\n<p><span dir=\"auto\">O\u010dek\u00e1v\u00e1 se, \u017ee se sch\u016fzky z\u00fa\u010dastn\u00ed Marco Rubio, ministr zahrani\u010d\u00ed Pete Hegseth a gener\u00e1l Dan Caine, p\u0159edseda sboru n\u00e1\u010deln\u00edk\u016f \u0161t\u00e1b\u016f.<\/span><\/p>\n<p><span dir=\"auto\">Velitel\u00e9 v regionu uvedli, \u017ee p\u0159ed zah\u00e1jen\u00edm vojensk\u00fdch \u00fader\u016f proti bezpe\u010dnostn\u00edm slo\u017ek\u00e1m zodpov\u011bdn\u00fdm za krvav\u00fd z\u00e1sah proti demonstrac\u00edm je t\u0159eba \u201eupevnit pozice americk\u00e9 arm\u00e1dy a p\u0159ipravit obrann\u00e1 opat\u0159en\u00ed\u201c.<\/span><\/p>\n<p><span dir=\"auto\">Zpr\u00e1va ve Washington Post potvrzuje zpr\u00e1vu Telegraphu, \u017ee Trumpova administrativa teprve za\u010d\u00edn\u00e1 zva\u017eovat r\u016fzn\u00e9 postupy:<\/span><\/p>\n<p><span dir=\"auto\">Podle den\u00edku by mezi zva\u017eovan\u00fdmi mo\u017enostmi mohlo b\u00fdt pou\u017eit\u00ed kybernetick\u00fdch zbran\u00ed proti \u00edr\u00e1nsk\u00fdm vojensk\u00fdm a civiln\u00edm c\u00edl\u016fm, uvalen\u00ed dal\u0161\u00edch ekonomick\u00fdch sankc\u00ed na \u00edr\u00e1nskou vl\u00e1du a proveden\u00ed vojensk\u00fdch \u00fatok\u016f.<\/span><\/p>\n<p><span dir=\"auto\">Zat\u00edmco kryc\u00ed skupiny CIA nad\u00e1le z\u00e1sobuj\u00ed z\u00e1padn\u00ed m\u00e9dia zpr\u00e1vami o velk\u00fdch protestech ve m\u011bstech, jako je Ma\u0161d\u00e1d, realita je jin\u00e1. Zde je video z Ma\u0161d\u00e1du, nato\u010den\u00e9 brzy dnes r\u00e1no (v \u00cdr\u00e1nu byla noc), kter\u00e9 ukazuje, jak re\u017eimn\u00ed s\u00edly zapl\u0148uj\u00ed n\u00e1m\u011bst\u00ed:<\/span><\/p>\n<p><span dir=\"auto\">Zd\u00e1 se, \u017ee CIA a Mossad zapomn\u011bly, \u017ee pro \u00fasp\u011b\u0161nou zm\u011bnu re\u017eimu pot\u0159ebuj\u00ed kontrolu nad arm\u00e1dou a bezpe\u010dnostn\u00edmi slo\u017ekami. P\u0159edpokl\u00e1dejme, \u017ee v \u00edr\u00e1nsk\u00fdch m\u011bstech je celkem milion protestuj\u00edc\u00edch. To je st\u00e1le jen o n\u011bco v\u00edce ne\u017e 1 % celkov\u00e9 populace \u00cdr\u00e1nu. I kdy\u017e je mnoho \u00cdr\u00e1nc\u016f rozzlobeno nebo zklam\u00e1no \u0161patn\u00fdm \u0159\u00edzen\u00edm vl\u00e1dy prezidenta Pezeshkiana, neznamen\u00e1 to, \u017ee v\u011bt\u0161ina \u00cdr\u00e1nc\u016f je p\u0159ipravena vinit ajatoll\u00e1ha Chamene\u00edho.<\/span><\/p>\n<p><span dir=\"auto\">Jak\u00e9 jsou zn\u00e1mky toho, \u017ee USA za\u00fato\u010d\u00ed na \u00cdr\u00e1n? USA by pot\u0159ebovaly m\u00edt v regionu alespo\u0148 jednu opera\u010dn\u00ed skupinu letadlov\u00fdch lod\u00ed, alespo\u0148 n\u011bkolik letek st\u00edha\u010dek\/bombard\u00e9r\u016f a americk\u00e9 vojensk\u00e9 z\u00e1kladny v regionu by musely b\u00fdt pos\u00edleny nebo evakuov\u00e1ny. Zat\u00edm neexistuj\u00ed \u017e\u00e1dn\u00e9 zn\u00e1mky takov\u00e9 aktivity.<\/span><br \/>\n<span dir=\"auto\">Zde je m\u016fj ned\u00e1vn\u00fd rozhovor s Kim Iversonovou:<\/span><\/p>\n<figure class=\"wp-block-embed is-type-video is-provider-youtube wp-block-embed-youtube wp-embed-aspect-16-9 wp-has-aspect-ratio\">\n<div class=\"wp-block-embed__wrapper\"><iframe loading=\"lazy\" title=\"Izrael za\u00fato\u010d\u00ed na \u00cdr\u00e1n b\u011bhem n\u011bkolika t\u00fddn\u016f \u2013 zat\u00e1hne USA do v\u00e1lky\" src=\"https:\/\/www.youtube.com\/embed\/NOlezEX6tLQ?start=51&amp;feature=oembed\" width=\"800\" height=\"450\" frameborder=\"0\" allowfullscreen=\"allowfullscreen\" data-mce-fragment=\"1\"><\/iframe><\/div>\n<\/figure>\n<\/div>\n<\/div>\n<div class=\"elementor-element elementor-element-8c57238 quelle dc-has-condition dc-condition-empty elementor-widget elementor-widget-heading\" data-id=\"8c57238\" data-element_type=\"widget\" data-widget_type=\"heading.default\">\n<div class=\"elementor-widget-container\">\n<p><em><span dir=\"auto\">Larry C. Johnson<\/span><\/em><\/p>\n<h3 class=\"elementor-heading-title elementor-size-default\"><span style=\"font-size: 10pt;\"><a href=\"https:\/\/sonar21.com\/the-cia-mossad-operation-to-spark-a-color-revolution-in-iran-has-failed\/\" target=\"_blank\" rel=\"nofollow noopener\"><span dir=\"auto\">Zdroj<\/span><\/a><\/span><\/h3>\n<p>&nbsp;<\/p>\n<\/div>\n<\/div>\n","protected":false},"excerpt":{"rendered":"<p>Pl\u00e1n CIA\/Mossadu na spu\u0161t\u011bn\u00ed barevn\u00e9 revoluce v \u00cdr\u00e1nu, kter\u00fd p\u0159it\u00e1hl celosv\u011btovou pozornost a z\u00e1plavu propagandistick\u00fdch&#8230;<\/p>\n","protected":false},"author":2,"featured_media":96783,"comment_status":"closed","ping_status":"closed","sticky":false,"template":"","format":"standard","meta":[],"categories":[7],"tags":[4665,109,38,3269],"_links":{"self":[{"href":"https:\/\/www.infokuryr.cz\/n\/wp-json\/wp\/v2\/posts\/96782"}],"collection":[{"href":"https:\/\/www.infokuryr.cz\/n\/wp-json\/wp\/v2\/posts"}],"about":[{"href":"https:\/\/www.infokuryr.cz\/n\/wp-json\/wp\/v2\/types\/post"}],"author":[{"embeddable":true,"href":"https:\/\/www.infokuryr.cz\/n\/wp-json\/wp\/v2\/users\/2"}],"replies":[{"embeddable":true,"href":"https:\/\/www.infokuryr.cz\/n\/wp-json\/wp\/v2\/comments?post=96782"}],"version-history":[{"count":0,"href":"https:\/\/www.infokuryr.cz\/n\/wp-json\/wp\/v2\/posts\/96782\/revisions"}],"wp:featuredmedia":[{"embeddable":true,"href":"https:\/\/www.infokuryr.cz\/n\/wp-json\/wp\/v2\/media\/96783"}],"wp:attachment":[{"href":"https:\/\/www.infokuryr.cz\/n\/wp-json\/wp\/v2\/media?parent=96782"}],"wp:term":[{"taxonomy":"category","embeddable":true,"href":"https:\/\/www.infokuryr.cz\/n\/wp-json\/wp\/v2\/categories?post=96782"},{"taxonomy":"post_tag","embeddable":true,"href":"https:\/\/www.infokuryr.cz\/n\/wp-json\/wp\/v2\/tags?post=96782"}],"curies":[{"name":"wp","href":"https:\/\/api.w.org\/{rel}","templated":true}]}}