{"id":9678,"date":"2022-04-16T02:35:26","date_gmt":"2022-04-16T00:35:26","guid":{"rendered":"http:\/\/www.infokuryr.cz\/n\/?p=9678"},"modified":"2022-04-15T19:38:03","modified_gmt":"2022-04-15T17:38:03","slug":"svatopluk-otava-placka-fasounovi-je-proste-fasisticka-placka","status":"publish","type":"post","link":"https:\/\/www.infokuryr.cz\/n\/2022\/04\/16\/svatopluk-otava-placka-fasounovi-je-proste-fasisticka-placka\/","title":{"rendered":"Svatopluk Otava: Placka fa\u0161ounovi je prost\u011b fa\u0161istick\u00e1 placka."},"content":{"rendered":"<div id=\"fb-root\"><\/div>\n<p><strong>Inflace n\u00e1rodn\u00ed m\u011bny je pekeln\u00e1 j\u00edzda. Ov\u0161em inflace, do nich\u017e se propadla hodnota \u010desk\u00fdch vyznamen\u00e1n\u00ed (a n\u011bkter\u00fdch hned v\u00a0dob\u011b jejich zrodu) \u2013 no, v\u00a0to jsme asi zase sv\u011btov\u00ed\u2026<\/strong><\/p>\n<p><span style=\"font-size: 18pt;\"><strong>Vyznamen\u00e1n\u00ed pro jakoukoli p\u0159\u00edle\u017eitost, osobnost i postavi\u010dku.<\/strong><\/span><\/p>\n<p>P\u0159\u00edkladem \u00fapln\u011b znehodnocen\u00e9ho \u201eocen\u011bn\u00ed\u201c je St\u0159\u00edbrn\u00e1 medaile p\u0159edsedy Sen\u00e1tu. U\u017e vznik certifikovan\u00e9ho pl\u00e1c\u00e1n\u00ed po ramenou by vydal za humoristicky lad\u011bn\u00fd\u00a0 fejeton. N\u011bjak\u00fd sen\u00e1tor navrhne, p\u0159edseda Sen\u00e1tu pak schv\u00e1l\u00ed a ud\u011bl\u00ed.<\/p>\n<p>Autorem n\u00e1vrhu i procedury je ODS milovn\u00edk fangli\u010dek P\u0159emysl Sobotka. Napadlo jej to v\u00a0roce 2007, aby se na \u010d\u00edsi n\u00e1vrh sv\u00fdm vlastn\u00edm vyn\u00e1lezem nechal \u201ena odchodnou\u201c z\u00a0politik\u00e1\u0159sk\u00e9 trafiky i odekorovat.<\/p>\n<p>V\u00a0roce 2012 p\u0159i\u0161el docela prohnan\u00fd, le\u010d jinak pologramotn\u00fd \u0161\u00e9ftrafikant Milan \u0160t\u011bch s\u00a0n\u00e1padem ud\u011blovat sen\u00e1tn\u00ed placku 28.\u0159\u00edjma, tedy v\u00a0ofici\u00e1ln\u00ed Den \u010desk\u00e9 st\u00e1tnosti. S p\u0159ihl\u00e9dnut\u00edm k\u00a0tomu, jak\u00e9 konotace se k\u00a028. \u0159\u00edjnu v\u00e1\u017e\u00ed, je docela zmate\u010dn\u00e9, co se vlastn\u011b slav\u00ed. Sv\u00e1tek Svat\u00e9ho V\u00e1clava, jen\u017e byl pr\u00fd kolem roku 935 v\u00a0tento den (?) zavra\u017ed\u011bn, vyvra\u017ed\u011bn\u00ed Slavn\u00edkovc\u016f o 60 let pozd\u011bji nebo dokonce na po\u010dest Sv. V\u00e1clava K.H. Frankem zalo\u017een\u00fd \u0160t\u00edt protektor\u00e1tu B\u00f6hmen und M\u00e4hren v\u00a0roce 1944?<\/p>\n<p>Vzhledem k\u00a0v\u00fd\u0161e nazna\u010den\u00e9 intelektu\u00e1ln\u00ed kapacit\u011b Milana \u0160t\u011bcha si lze t\u011b\u017eko p\u0159edstavit, \u017ee by ten 28. \u0159\u00edjen, kter\u00fd tehdy je\u0161t\u011b byst\u0159e uva\u017euj\u00edc\u00ed Milo\u0161 Zeman nazval \u201eDnem servility a kolaborace\u201c, byl opravdu jen jeho n\u00e1pad. Rozhodn\u011b v\u0161ak i prototyp nemysl\u00edc\u00edho funkcion\u00e1\u0159e do ka\u017ed\u00e9ho re\u017eimu Milan \u0160t\u011bch se od roku 2019 honos\u00ed svou vlastn\u00ed st\u0159\u00edbrnou hv\u011bzdi\u010dkou.<\/p>\n<p><span style=\"font-size: 18pt;\"><strong>Vyznamen\u00e1n\u00ed za vra\u017edy se taky po\u010d\u00edt\u00e1\u2026<\/strong><\/span><\/p>\n<p>V\u00a0posledn\u00edch dnech m\u00f3dn\u00edch v\u00fdjezd\u016f politik\u00e1\u0159sk\u00fdch nicek za self\u00ed\u010dky\u00a0 s\u00a0airsoftov\u00fdmi p\u0159ilbami a nepr\u016fst\u0159eln\u00fdmi vestami do (pr\u00fd) Kyjeva, odjechali i \u010de\u0161t\u00ed a pol\u0161t\u00ed rusobijci na kr\u00e1tkou dovolenku, mezi nimi i \u0161\u00e9f \u010desk\u00e9ho Sen\u00e1tu Milo\u0161 Vystr\u010dil. A aby jaksi trumfnul dal\u0161\u00ed p\u0159eochotn\u00e9 rusofoby a vlastn\u011b \u010dir\u00e9 rasisty V\u00fdchodn\u00ed Evropy, vzal si na cestu i sen\u00e1tn\u00ed placku pro nejzn\u00e1m\u011bj\u0161\u00edho nacistu a fa\u0161istu sou\u010dasn\u00e9ho sv\u011bta Zelensk\u00e9ho.<\/p>\n<p>Pravda, nejpikantn\u011bj\u0161\u00ed na cel\u00e9 situaci je, \u017ee medaile je ud\u011blena dle slov samotn\u00e9ho Vystr\u010dila \u201eukrajinsk\u00e9mu lidu\u201c. Tento lid v\u0161ak na venek reprezentuje pu\u010distick\u00e1 loutka Ihora Kolomojsk\u00e9ho Volodymyr Zelenskyj, jen\u017e \u0159\u00edd\u00ed vyvra\u017e\u010fov\u00e1n\u00ed \u201esv\u00e9ho lidu\u201c na Donbase a ne\u0161t\u00edt\u00ed se jej ani vyvra\u017e\u010fovat v\u0161ude tam, odkud odch\u00e1z\u00ed Rusk\u00e1 arm\u00e1da s\u00a0primitivn\u00edm \u00famyslem na tuto arm\u00e1du vyvra\u017e\u010fov\u00e1n\u00ed svalit.<\/p>\n<p>Vystr\u010dilem vyznamenan\u00fd \u201eukrajinsk\u00fd lid\u201c se r\u00e1zem ocit\u00e1 ve velmi dobr\u00e9 spole\u010dnosti podobn\u00fdch nen\u00e1vistn\u00edk\u016f ke v\u0161emu rusk\u00e9mu jako t\u0159eba jsou: \u201ebalk\u00e1nsk\u00e1 \u0159eznice\u201c Madeleine Albrightov\u00e1,\u00a0 profesion\u00e1ln\u00ed pomlouva\u010d Jefim Fi\u0161tejn, \u201erud\u00e1 fena\u201c Ji\u0159ina \u0160iklov\u00e1 a dal\u0161\u00ed. U n\u011bkter\u00fdch stoj\u00ed za zm\u00ednku \u201ez\u00e1sluhy\u201c pro kter\u00e9 byli na\u0161imi odlo\u017een\u00fdmi hoch\u0161taplery vlastn\u011b vyznamen\u00e1ni.<\/p>\n<p><span style=\"font-size: 18pt;\"><strong>Nora a ti druz\u00ed..<\/strong><\/span><\/p>\n<p>Tak t\u0159eba Nora Fridrichov\u00e1, autocenzurou vycepovan\u00e1 deklam\u00e1torka \u201ejedin\u00e9 pravdy\u201c dostala Vystr\u010dil\u016fv st\u0159\u00edbrn\u00fd odzn\u00e1\u010dek za \u201emimo\u0159\u00e1dnou nezdolnost a odvahu, za pomoc pot\u0159ebn\u00fdm\u201c. \u017de by korpor\u00e1tn\u00ed fa\u0161ist\u00e9 sn\u00edc\u00ed o ovl\u00e1dnut\u00ed sv\u011bta byli ti pot\u0159ebn\u00ed? A tlampa\u010dka jejich tez\u00ed u n\u00e1s mus\u00ed snad projevovat jakousi odvahu?<\/p>\n<p>Nebo plukovn\u00edk Michal Koudelka, \u0159editel BIS byl Vystr\u010dilem dekorov\u00e1n za \u201evytrvalou slu\u017ebu vlasti za v\u0161ech okolnost\u00ed\u201c. Jeliko\u017e Koudelka u\u017e byl vyznamen\u00e1n i jinou vlast\u00ed tzv. Tenetovou cenou a \u201ev\u0161echny okolnosti\u201c mohou zahrnovat i takov\u00e9, za kter\u00e9 by ve funguj\u00edc\u00edm st\u00e1t\u011b dostal kulku, je zde jist\u011b Vystr\u010dilovo \u010destn\u00e9, hv\u011bzdn\u00e9 a st\u0159\u00edbrn\u00e9 uzn\u00e1n\u00ed na m\u00edst\u011b.<\/p>\n<p>A co\u017e teprve \u0160imon P\u00e1nek! Ano ten zn\u00e1m\u00fd velitel barevnorevolu\u010dn\u00edch tr\u00e9n\u016f, jen\u017e kup\u0159\u00edkladu dle vlastn\u00edch slov \u201evzd\u011bl\u00e1val\u201c a \u201erozd\u011bloval tuny mouky\u201c v\u00a0S\u00fdrii v\u0161ude tam, kde potom kraloval Isl\u00e1msk\u00fd st\u00e1t. Taky za to dostal i Vystr\u010dilovu plaketu. Jen to zd\u016fvodn\u011bn\u00ed p\u0159inut\u00ed ka\u017ed\u00e9ho bu\u010f k\u00a0sm\u00edchu nebo pl\u00e1\u010di. Pr\u00fd za \u201eodvahu, pokoru a humanismus\u201c. Jist\u011b, o d\u011bti a har\u00e9my terorist\u016f mus\u00ed b\u00fdt tak\u00e9 postar\u00e1no, jestli\u017ee samopaly jejich mu\u017e\u016fm obstar\u00e1val i v\u011b\u010dn\u011b vykulen\u00fd ministr Zaor\u00e1lek, nic zl\u00e9ho ov\u0161em netu\u0161e, proto\u017ee tak\u00e9 nevidouc a nesly\u0161e.<\/p>\n<p><span style=\"font-size: 18pt;\"><strong>Vypad\u00e1 to, \u017ee t\u011bch 54\u00a0000\u00a0000\u00a0000 na \u201epomoc\u201c Ukrajin\u011b nemus\u00ed ani sta\u010dit.<\/strong><\/span><\/p>\n<p>A proto\u017ee tedy \u201eukrajinsk\u00fd lid\u201c jsou i tis\u00edce mafi\u00e1n\u016f v\u00a0siln\u00fdch vozech, jimi\u017e se val\u00ed do \u010cesk\u00e9 republiky jsou tito v\u0161ichni rovn\u011b\u017e vyznamen\u00e1ni, zaslou\u017e\u00ed \u00factu a nekone\u010dn\u00fd vd\u011bk od lidu \u010desk\u00e9ho. Aspo\u0148 do doby, ne\u017e se staneme tak\u00e9 \u201eukrajinsk\u00fdm lidem\u201c, nicht wahr?<\/p>\n<p>A jak to pan Vystr\u010dil chce je\u0161t\u011b fyzicky ud\u011blat to vyznamen\u00e1v\u00e1n\u00ed? Ne\u017e v\u0161em 40\u00a0000\u00a0000 dekorovan\u00fdm Ukrajinc\u016fm a pozd\u011bji i na\u0161im 10\u00a0000\u00a0000 Novoukrajinc\u016f pot\u0159ese rukou, to se asi namak\u00e1. A v\u016fbec, ne\u017e to v\u0161echno obejde, \u017ee\u2026?<\/p>\n<p>A taky jak nech\u00e1 vyrazit v\u0161echny ty medaile. Je to po 40 gramech a p\u0159i dne\u0161n\u00edch cen\u00e1ch 925 K\u010d za gram je to n\u011bjak\u00fdch 38\u00a0850 K\u010d. To v\u0161echno jen pro za\u010d\u00e1tek kr\u00e1t t\u011bch 40\u00a0000\u00a0000, to m\u00e1me hnedle 1\u00a0554\u00a0000\u00a0000\u00a0000\u00a0000 K\u010d. Je\u0161t\u011b \u017ee je premi\u00e9r vystudovan\u00fdm matematikem, tak snad to n\u011bjak nepodcenil\u2026.<\/p>\n<p><strong>Svatopluk Otava<\/strong><\/p>\n<p>&nbsp;<\/p>\n","protected":false},"excerpt":{"rendered":"<p>Inflace n\u00e1rodn\u00ed m\u011bny je pekeln\u00e1 j\u00edzda. Ov\u0161em inflace, do nich\u017e se propadla hodnota \u010desk\u00fdch vyznamen\u00e1n\u00ed&#8230;<\/p>\n","protected":false},"author":2,"featured_media":7277,"comment_status":"closed","ping_status":"closed","sticky":false,"template":"","format":"standard","meta":[],"categories":[6],"tags":[29,164,26,1255],"_links":{"self":[{"href":"https:\/\/www.infokuryr.cz\/n\/wp-json\/wp\/v2\/posts\/9678"}],"collection":[{"href":"https:\/\/www.infokuryr.cz\/n\/wp-json\/wp\/v2\/posts"}],"about":[{"href":"https:\/\/www.infokuryr.cz\/n\/wp-json\/wp\/v2\/types\/post"}],"author":[{"embeddable":true,"href":"https:\/\/www.infokuryr.cz\/n\/wp-json\/wp\/v2\/users\/2"}],"replies":[{"embeddable":true,"href":"https:\/\/www.infokuryr.cz\/n\/wp-json\/wp\/v2\/comments?post=9678"}],"version-history":[{"count":0,"href":"https:\/\/www.infokuryr.cz\/n\/wp-json\/wp\/v2\/posts\/9678\/revisions"}],"wp:featuredmedia":[{"embeddable":true,"href":"https:\/\/www.infokuryr.cz\/n\/wp-json\/wp\/v2\/media\/7277"}],"wp:attachment":[{"href":"https:\/\/www.infokuryr.cz\/n\/wp-json\/wp\/v2\/media?parent=9678"}],"wp:term":[{"taxonomy":"category","embeddable":true,"href":"https:\/\/www.infokuryr.cz\/n\/wp-json\/wp\/v2\/categories?post=9678"},{"taxonomy":"post_tag","embeddable":true,"href":"https:\/\/www.infokuryr.cz\/n\/wp-json\/wp\/v2\/tags?post=9678"}],"curies":[{"name":"wp","href":"https:\/\/api.w.org\/{rel}","templated":true}]}}