{"id":96761,"date":"2026-01-13T00:22:43","date_gmt":"2026-01-12T23:22:43","guid":{"rendered":"https:\/\/www.infokuryr.cz\/n\/?p=96761"},"modified":"2026-01-12T11:55:02","modified_gmt":"2026-01-12T10:55:02","slug":"zatimco-nemecti-obcane-pocitaji-kazdou-korunu-komisarka-pro-lesby-a-lgbt-vydelava-15-000-eur-mesicne","status":"publish","type":"post","link":"https:\/\/www.infokuryr.cz\/n\/2026\/01\/13\/zatimco-nemecti-obcane-pocitaji-kazdou-korunu-komisarka-pro-lesby-a-lgbt-vydelava-15-000-eur-mesicne\/","title":{"rendered":"Zat\u00edmco n\u011bme\u010dt\u00ed ob\u010dan\u00e9 po\u010d\u00edtaj\u00ed ka\u017edou korunu: Komisa\u0159ka pro lesby a LGBT vyd\u011bl\u00e1v\u00e1 15 000 eur m\u011bs\u00ed\u010dn\u011b"},"content":{"rendered":"<div id=\"fb-root\"><\/div>\n<p><strong><span dir=\"auto\">Nov\u00fd rok, rostouc\u00ed n\u00e1klady: Op\u011btovn\u011b nafouknut\u00e9 ceny CO2 v sou\u010dasn\u00e9 dob\u011b prodra\u017euj\u00ed \u017eivot v N\u011bmecku ve v\u0161ech oblastech, a to pot\u00e9, co se od politicky vyvolan\u00e9ho n\u00e1r\u016fstu cen energi\u00ed \u017e\u00e1dn\u00e1 \u00faleva nevid\u011bla. Jak lze tento probl\u00e9m kompenzovat? M\u00e1me pro v\u00e1s tip na kari\u00e9ru, kter\u00e1 nevy\u017eaduje \u017e\u00e1dnou kvalifikaci, ale je velmi \u0161t\u011bd\u0159e placen\u00e1: politik. P\u0159esn\u011bji \u0159e\u010deno: LGBTQ+ komisa\u0159!<\/span><\/strong><\/p>\n<p><span dir=\"auto\">Sophie Koch nen\u00ed zn\u00e1m\u00e1 \u017e\u00e1dn\u00fdmi smyslupln\u00fdmi \u00fasp\u011bchy ani reformami prosp\u011b\u0161n\u00fdmi pro ob\u010dany. Ve skute\u010dnosti ji v\u011bt\u0161ina ob\u010dan\u016f pravd\u011bpodobn\u011b v\u016fbec nezn\u00e1 \u2013 jej\u00ed pronikav\u00e9 projevy a obrazov\u00e9 dla\u017edice z jej\u00edch ran\u00fdch dn\u016f v Mlad\u00fdch socialistech spo\u010d\u00edvaly nap\u0159\u00edklad v tom, \u017ee politiky AfD ozna\u010dovala za \u201ezatracen\u00e9 nacisty\u201c nebo na soci\u00e1ln\u00edch s\u00edt\u00edch \u0161\u00ed\u0159ila slogan n\u00e1siln\u00fdch levicov\u00fdch extremist\u016f \u201eAntifa\u0161ismus je manu\u00e1ln\u00ed pr\u00e1ce\u201c,\u00a0<\/span><a href=\"https:\/\/www.nzz.ch\/international\/zwischen-cdu-kritik-und-antifa-die-queer-beauftragte-sophie-koch-polarisiert-ld.1886812\" target=\"_blank\" rel=\"noreferrer noopener\"><span dir=\"auto\">jak shrnula NZZ<\/span><\/a><span dir=\"auto\">\u00a0.<\/span><\/p>\n<p><span dir=\"auto\">Nicm\u00e9n\u011b toto jmenov\u00e1n\u00ed ka\u017ed\u00fd m\u011bs\u00edc sp\u00e1l\u00ed t\u00e9m\u011b\u0159 15 000 eur z pen\u011bz da\u0148ov\u00fdch poplatn\u00edk\u016f \u2013 za m\u00e1v\u00e1n\u00ed duhov\u00fdmi vlajkami nebo jin\u00e9 \u201equeer\u201c nesmysly. Ve skute\u010dnosti je \u201equeer komisa\u0159kou\u201c \u2013\u00a0<\/span><a href=\"https:\/\/www.bmbfsfj.bund.de\/bmbfsfj\/ministerium\/behoerden-beauftragte-beiraete-gremien\/beauftragte-der-bundesregierung-fuer-die-akzeptanz-sexueller-und-geschlechtlicher-vielfalt\" target=\"_blank\" rel=\"noreferrer noopener\"><span dir=\"auto\">tedy<\/span><\/a><span dir=\"auto\">\u00a0\u201ekomisa\u0159kou feder\u00e1ln\u00ed vl\u00e1dy pro akceptaci sexu\u00e1ln\u00ed a genderov\u00e9 rozmanitosti\u201c.<\/span><\/p>\n<figure class=\"wp-block-embed is-type-rich is-provider-twitter wp-block-embed-twitter\">\n<div class=\"wp-block-embed__wrapper\">\n<div class=\"twitter-tweet twitter-tweet-rendered\"><iframe id=\"twitter-widget-0\" class=\"\" title=\"X P\u0159\u00edsp\u011bvek\" src=\"https:\/\/platform.twitter.com\/embed\/Tweet.html?dnt=true&amp;embedId=twitter-widget-0&amp;features=eyJ0ZndfdGltZWxpbmVfbGlzdCI6eyJidWNrZXQiOltdLCJ2ZXJzaW9uIjpudWxsfSwidGZ3X2ZvbGxvd2VyX2NvdW50X3N1bnNldCI6eyJidWNrZXQiOnRydWUsInZlcnNpb24iOm51bGx9LCJ0ZndfdHdlZXRfZWRpdF9iYWNrZW5kIjp7ImJ1Y2tldCI6Im9uIiwidmVyc2lvbiI6bnVsbH0sInRmd19yZWZzcmNfc2Vzc2lvbiI6eyJidWNrZXQiOiJvbiIsInZlcnNpb24iOm51bGx9LCJ0ZndfZm9zbnJfc29mdF9pbnRlcnZlbnRpb25zX2VuYWJsZWQiOnsiYnVja2V0Ijoib24iLCJ2ZXJzaW9uIjpudWxsfSwidGZ3X21peGVkX21lZGlhXzE1ODk3Ijp7ImJ1Y2tldCI6InRyZWF0bWVudCIsInZlcnNpb24iOm51bGx9LCJ0ZndfZXhwZXJpbWVudHNfY29va2llX2V4cGlyYXRpb24iOnsiYnVja2V0IjoxMjA5NjAwLCJ2ZXJzaW9uIjpudWxsfSwidGZ3X3Nob3dfYmlyZHdhdGNoX3Bpdm90c19lbmFibGVkIjp7ImJ1Y2tldCI6Im9uIiwidmVyc2lvbiI6bnVsbH0sInRmd19kdXBsaWNhdGVfc2NyaWJlc190b19zZXR0aW5ncyI6eyJidWNrZXQiOiJvbiIsInZlcnNpb24iOm51bGx9LCJ0ZndfdXNlX3Byb2ZpbGVfaW1hZ2Vfc2hhcGVfZW5hYmxlZCI6eyJidWNrZXQiOiJvbiIsInZlcnNpb24iOm51bGx9LCJ0ZndfdmlkZW9faGxzX2R5bmFtaWNfbWFuaWZlc3RzXzE1MDgyIjp7ImJ1Y2tldCI6InRydWVfYml0cmF0ZSIsInZlcnNpb24iOm51bGx9LCJ0ZndfbGVnYWN5X3RpbWVsaW5lX3N1bnNldCI6eyJidWNrZXQiOnRydWUsInZlcnNpb24iOm51bGx9LCJ0ZndfdHdlZXRfZWRpdF9mcm9udGVuZCI6eyJidWNrZXQiOiJvbiIsInZlcnNpb24iOm51bGx9fQ%3D%3D&amp;frame=false&amp;hideCard=false&amp;hideThread=false&amp;id=2009253933642813862&amp;lang=cs&amp;origin=https%3A%2F%2Freport24.news%2Fwaehrend-buerger-jeden-cent-umdrehen-queer-beauftragte-streicht-15-000-e-im-monat-ein%2F&amp;sessionId=47acc522b667488a86be297f620156593e96bddb&amp;theme=light&amp;widgetsVersion=2615f7e52b7e0%3A1702314776716&amp;width=550px\" frameborder=\"0\" scrolling=\"no\" allowfullscreen=\"allowfullscreen\" data-tweet-id=\"2009253933642813862\" data-mce-fragment=\"1\"><\/iframe><\/div>\n<\/div>\n<\/figure>\n<ul>\n<li><a href=\"https:\/\/www.zeit.de\/news\/2025-11\/28\/diaeten-der-abgeordneten-koennten-2026-erneut-steigen\" target=\"_blank\" rel=\"noreferrer noopener\"><span dir=\"auto\">P\u0159\u00edsp\u011bvek<\/span><\/a><span dir=\"auto\">\u00a0jako poslanec sask\u00e9ho zemsk\u00e9ho sn\u011bmu: 7 315,70 eur m\u011bs\u00ed\u010dn\u011b<\/span><\/li>\n<li><span dir=\"auto\">Dodate\u010dn\u00e1 nezdaniteln\u00e1\u00a0<\/span><a href=\"https:\/\/www.landtag.sachsen.de\/de\/abgeordnete\/aufgaben-und-entschaedigung\/status-aufgaben-und-entschaedigung-9186.cshtml\" target=\"_blank\" rel=\"noreferrer noopener\"><span dir=\"auto\">\u010d\u00e1stka<\/span><\/a><span dir=\"auto\">\u00a0: nejm\u00e9n\u011b 4 054,93 EUR m\u011bs\u00ed\u010dn\u011b (v z\u00e1vislosti na m\u00edst\u011b bydli\u0161t\u011b \/ vzd\u00e1lenosti od Dr\u00e1\u017e\u010fan)<\/span><\/li>\n<li><span dir=\"auto\">Odm\u011bna pro \u00fa\u0159edn\u00edka pro z\u00e1le\u017eitosti queer:\u00a0<\/span><a href=\"https:\/\/www.queer.de\/detail.php?article_id=55972\" target=\"_blank\" rel=\"noreferrer noopener\"><span dir=\"auto\">43 000 eur<\/span><\/a><span dir=\"auto\">\u00a0ro\u010dn\u011b, tj. p\u0159ibli\u017en\u011b 3 580 eur m\u011bs\u00ed\u010dn\u011b.<\/span><\/li>\n<\/ul>\n<p><span dir=\"auto\">No, m\u00e1vali byste p\u00e1r barevn\u00fdmi vlajkami a roz\u010dilovali se nad 50, 500, 5 000 gendery za takov\u00e9 pen\u00edze? Podle rozpo\u010dtov\u00e9ho pl\u00e1nu na rok 2026 je krom\u011b tu\u010dn\u00e9 odm\u011bny pro komisa\u0159e pro queer problematiku tak\u00e9 700 000 eur na \u201eadministrativn\u00ed v\u00fddaje\u201c \u2013 nap\u0159\u00edklad \u201ena vyd\u00e1v\u00e1n\u00ed bro\u017eur\u201c. Dok\u00e1\u017eeme si p\u0159edstavit, jak\u00fd p\u0159\u00ednos tyto \u201ebro\u017eury\u201c da\u0148ov\u00fdm poplatn\u00edk\u016fm nab\u00edzej\u00ed.<\/span><\/p>\n<p><span dir=\"auto\">Takov\u00e9 bezv\u00fdznamn\u00e9 postoje jsou typick\u00e9 pro republiku, kter\u00e1 nec\u00edt\u00ed \u017e\u00e1dnou povinnost v\u016f\u010di sv\u00fdm ob\u010dan\u016fm, ale u\u017e d\u00e1vno zvrhla v samoobsluhu. Osoby jako Koch vyd\u011bl\u00e1vaj\u00ed tis\u00edce eur m\u011bs\u00ed\u010dn\u011b na pochybn\u00fdch \u00fa\u0159adech na \u00fakor da\u0148ov\u00fdch poplatn\u00edk\u016f, kte\u0159\u00ed st\u00e9naj\u00ed pod p\u0159emr\u0161t\u011bn\u00fdmi dan\u011bmi a krv\u00e1cej\u00ed za tento ideologick\u00fd nesmysl, zat\u00edmco skute\u010dn\u00e9 probl\u00e9my jsou ignorov\u00e1ny. To je socialistick\u00e1 \u201espravedlnost\u201c!<\/span><\/p>\n<p><span dir=\"auto\">To (op\u011bt) ukazuje bezprecedentn\u00ed ztr\u00e1tu kontaktu s realitou politick\u00e9 kasty, kter\u00e1 se izoluje ve sv\u00fdch duhov\u00fdch bublin\u00e1ch, obecn\u011b vn\u00edm\u00e1 dom\u00e1cnosti a da\u0148ov\u00e9 pen\u00edze jako bufet a vyko\u0159is\u0165uje pracuj\u00edc\u00ed populaci jako dojnou kr\u00e1vu, ani\u017e by kdy dok\u00e1zala vysv\u011btlit nebo ospravedlnit v\u00fdznam a p\u0159\u00ednos takov\u00fdch \u00fa\u0159ad\u016f.<\/span><\/p>\n<p><em><span dir=\"auto\">Koment\u00e1\u0159 od <a href=\"https:\/\/report24.news\/waehrend-buerger-jeden-cent-umdrehen-queer-beauftragte-streicht-15-000-e-im-monat-ein\/\">Vanessy Rennerov\u00e9<\/a><\/span><\/em><\/p>\n<p>&nbsp;<\/p>\n","protected":false},"excerpt":{"rendered":"<p>Nov\u00fd rok, rostouc\u00ed n\u00e1klady: Op\u011btovn\u011b nafouknut\u00e9 ceny CO2 v sou\u010dasn\u00e9 dob\u011b prodra\u017euj\u00ed \u017eivot v N\u011bmecku&#8230;<\/p>\n","protected":false},"author":2,"featured_media":96762,"comment_status":"closed","ping_status":"closed","sticky":false,"template":"","format":"standard","meta":[],"categories":[7],"tags":[772,71,84,5471],"_links":{"self":[{"href":"https:\/\/www.infokuryr.cz\/n\/wp-json\/wp\/v2\/posts\/96761"}],"collection":[{"href":"https:\/\/www.infokuryr.cz\/n\/wp-json\/wp\/v2\/posts"}],"about":[{"href":"https:\/\/www.infokuryr.cz\/n\/wp-json\/wp\/v2\/types\/post"}],"author":[{"embeddable":true,"href":"https:\/\/www.infokuryr.cz\/n\/wp-json\/wp\/v2\/users\/2"}],"replies":[{"embeddable":true,"href":"https:\/\/www.infokuryr.cz\/n\/wp-json\/wp\/v2\/comments?post=96761"}],"version-history":[{"count":0,"href":"https:\/\/www.infokuryr.cz\/n\/wp-json\/wp\/v2\/posts\/96761\/revisions"}],"wp:featuredmedia":[{"embeddable":true,"href":"https:\/\/www.infokuryr.cz\/n\/wp-json\/wp\/v2\/media\/96762"}],"wp:attachment":[{"href":"https:\/\/www.infokuryr.cz\/n\/wp-json\/wp\/v2\/media?parent=96761"}],"wp:term":[{"taxonomy":"category","embeddable":true,"href":"https:\/\/www.infokuryr.cz\/n\/wp-json\/wp\/v2\/categories?post=96761"},{"taxonomy":"post_tag","embeddable":true,"href":"https:\/\/www.infokuryr.cz\/n\/wp-json\/wp\/v2\/tags?post=96761"}],"curies":[{"name":"wp","href":"https:\/\/api.w.org\/{rel}","templated":true}]}}