{"id":96755,"date":"2026-01-13T00:18:24","date_gmt":"2026-01-12T23:18:24","guid":{"rendered":"https:\/\/www.infokuryr.cz\/n\/?p=96755"},"modified":"2026-01-12T11:09:09","modified_gmt":"2026-01-12T10:09:09","slug":"robert-c-koehler-trump-nam-ukazuje-kdo-jsme","status":"publish","type":"post","link":"https:\/\/www.infokuryr.cz\/n\/2026\/01\/13\/robert-c-koehler-trump-nam-ukazuje-kdo-jsme\/","title":{"rendered":"Robert C. Koehler: Trump n\u00e1m ukazuje, kdo jsme"},"content":{"rendered":"<div id=\"fb-root\"><\/div>\n<div class=\"elementor-element elementor-element-1fb4c2c elementor-widget elementor-widget-theme-post-content\" data-id=\"1fb4c2c\" data-element_type=\"widget\" data-widget_type=\"theme-post-content.default\">\n<div class=\"elementor-widget-container\">\n<p><span dir=\"auto\">V \u00e9\u0159e Donalda Trumpa \u2013 d\u00edky Bohu! \u2013 je mo\u017en\u00fdch tolik v\u011bc\u00ed, kter\u00e9 si nikdo d\u0159\u00edve nedok\u00e1zal p\u0159edstavit. Nap\u0159\u00edklad nejen\u017ee byl vzk\u0159\u00ed\u0161en \u201evelk\u00fd Hannibal Lecter\u201c, ale mohl by se dokonce st\u00e1t sou\u010d\u00e1st\u00ed Trumpova kabinetu.<\/span><\/p>\n<p><span dir=\"auto\">No, to je jen spekulace, ale pro\u010d ne? Mysl\u00edm, \u017ee by se sem perfektn\u011b hodil. Sna\u017e\u00edm se \u0159\u00edct: \u201eN\u011bco se tu d\u011bje. Co p\u0159esn\u011b, to st\u00e1le nen\u00ed jasn\u00e9&#8230;\u201c Nejde jen o to, \u017ee Trump je jedine\u010dn\u00fd (\u010dti: jedine\u010dn\u011b \u0161\u00edlen\u00fd). Rozhodn\u011b je, ale je tak\u00e9 skrz naskrz Ameri\u010dan. Pod jeho veden\u00edm le\u017e\u00ed na\u0161e politick\u00e1 struktura nah\u00e1 a odhalen\u00e1, zbaven\u00e1 politick\u00e9 korektnosti. C\u00edsa\u0159 je nah\u00fd! Najednou ji u\u017e nem\u016f\u017eeme ignorovat.<\/span><\/p>\n<p><span dir=\"auto\">Ve skute\u010dnosti u\u017e nem\u016f\u017eeme ignorovat sami sebe. Jak poznamenal psycholog John Gartner, Trump nen\u00ed jen zhoubn\u00fd narcista, ale \u2013 jak jasn\u011b uk\u00e1zalo jeho druh\u00e9 funk\u010dn\u00ed obdob\u00ed \u2013 st\u00e1le hloub\u011bji propad\u00e1 do demence. P\u0159esto ho lid\u00e9 nad\u00e1le podporuj\u00ed \u2013 natolik, aby mu umo\u017enili vyhr\u00e1t volby. Pro\u010d?<\/span><\/p>\n<p><span dir=\"auto\">Proto\u017ee podle Gartnera \u201e\u00fato\u010d\u00ed na jejich spole\u010dn\u00e9 nep\u0159\u00e1tele. Postava jako Hitler vyv\u00edj\u00ed psychologickou p\u0159ita\u017elivost. Ti, kte\u0159\u00ed se c\u00edt\u00ed bezmocn\u00ed, se c\u00edt\u00ed pos\u00edleni n\u011bk\u00fdm, kdo \u00fato\u010d\u00ed na jejich vn\u00edman\u00e9 nep\u0159\u00e1tele trestaj\u00edc\u00edm zp\u016fsobem a d\u00e1v\u00e1 jim pocit moci a opr\u00e1vn\u011bn\u00ed dominovat.\u201c<\/span><\/p>\n<p><span dir=\"auto\">Dodal bych, \u017ee tito \u201enep\u0159\u00e1tel\u00e9\u201c mohli b\u00fdt jednodu\u0161e vykouzleni z ni\u010deho nic \u2013 skupina, o kter\u00e9 jeho n\u00e1sledovn\u00edci nic nev\u011bd\u011bli. P\u0159esto je vl\u00e1dce prohl\u00e1sil za nep\u0159\u00e1tele, \u010d\u00edm\u017e je fakticky stvo\u0159il. Kl\u00ed\u010dov\u00e9 nen\u00ed to, \u017ee dlouho opovrhovan\u00e1 skupina dostane, co si \u201ezaslou\u017e\u00ed\u201c, ale to, \u017ee jej\u00ed bezmocn\u00ed n\u00e1sledovn\u00edci nyn\u00ed maj\u00ed n\u011bkoho, o kom v\u011b\u0159\u00ed, \u017ee ho mohou ovl\u00e1dnout.<\/span><\/p>\n<p><span dir=\"auto\">A ano, Trump v podstat\u011b \u00fapln\u011b sch\u00e1z\u00ed z cesty a \u00fato\u010d\u00ed na r\u016fzn\u00e9 nep\u0159\u00e1tele. Jak p\u00ed\u0161e Brett Wilkins na Common Dreams:<\/span><\/p>\n<p><span dir=\"auto\">Prezident Donald Trump \u2013 kter\u00fd se ozna\u010dil za \u201enejv\u00edce protiv\u00e1le\u010dn\u00e9ho prezidenta v historii\u201c \u2013 nyn\u00ed na\u0159\u00eddil bombardov\u00e1n\u00ed v\u00edce zem\u00ed ne\u017e kter\u00fdkoli jin\u00fd prezident p\u0159ed n\u00edm. Americk\u00e9 s\u00edly provedly na Bo\u017e\u00ed hod v\u00e1no\u010dn\u00ed \u00fatoky proti \u00fadajn\u00fdm bojovn\u00edk\u016fm IS, kte\u0159\u00ed podle B\u00edl\u00e9ho domu zab\u00edjeli k\u0159es\u0165any v Nig\u00e9rii. \u2026<\/span><\/p>\n<p><span dir=\"auto\">Krom\u011b Nig\u00e9rie Trump \u2013 kter\u00fd tvrd\u00ed, \u017ee si zaslou\u017e\u00ed Nobelovu cenu m\u00edru \u2013 na\u0159\u00eddil od roku 2017 tak\u00e9 bombardov\u00e1n\u00ed Afgh\u00e1nist\u00e1nu, \u00cdr\u00e1nu, Ir\u00e1ku, Libye, P\u00e1kist\u00e1nu, Som\u00e1lska, S\u00fdrie a Jemenu, stejn\u011b jako bombardov\u00e1n\u00ed lod\u00ed \u00fadajn\u011b p\u0159epravuj\u00edc\u00edch drogy v Karibiku a Tichomo\u0159\u00ed. Trump tak\u00e9 rozm\u00edstil v\u00e1le\u010dn\u00e9 lod\u011b a tis\u00edce americk\u00fdch voj\u00e1k\u016f pobl\u00ed\u017e Venezuely, kter\u00e1 by mohla b\u00fdt dal\u0161\u00ed zem\u00ed napadenou prezidentem, kter\u00fd ve sv\u00e9 kampani sliboval \u201em\u00edr skrze s\u00edlu\u201c.<\/span><\/p>\n<p><span dir=\"auto\">Ale toto \u201eveden\u00ed\u201c je v\u0161\u00edm, jen ne bezprecedentn\u00ed. Jak se pt\u00e1 palestinsko-americk\u00fd komik Sammy Obeid v komedi\u00e1ln\u00edm vystoupen\u00ed, kter\u00e9 je podstatn\u011b fakti\u010dt\u011bj\u0161\u00ed ne\u017e zpr\u00e1vy v ofici\u00e1ln\u00edch m\u00e9di\u00edch: Co p\u0159esn\u011b je terorismus, ta v\u011bc, proti kter\u00e9 se tak usilovn\u011b sna\u017e\u00edme bojovat po cel\u00e1 desetilet\u00ed? Aby to zjistil, vyhledal si definici: Terorismus je \u201epou\u017eit\u00ed n\u00e1sil\u00ed k dosa\u017een\u00ed politick\u00e9ho c\u00edle\u201c.<\/span><\/p>\n<p><span dir=\"auto\">Ehm\u2026 Amerika sama je z\u0159ejm\u011b nejv\u011bt\u0161\u00edm teroristou v\u0161ech dob! Nebo alespo\u0148 velmi vysoko na seznamu. Krom\u011b vietnamsk\u00e9 v\u00e1lky \u2013 s miliony mrtv\u00fdch \u2013 je tu \u00fadajn\u00e1 v\u00e1lka proti terorismu, kterou zah\u00e1jil George W. Bush, pokra\u010doval Barack Obama a nakonec ukon\u010dil Joe Biden.<\/span><\/p>\n<p><span dir=\"auto\">Podle projektu \u201eCosts of War Project\u201c Brownovy univerzity: \u201eOdhaduje se, \u017ee v letech 2001 a\u017e 2023 bylo v Ir\u00e1ku, Afgh\u00e1nist\u00e1nu, S\u00fdrii, Jemenu a P\u00e1kist\u00e1nu zabito v d\u016fsledku p\u0159\u00edm\u00e9ho v\u00e1le\u010dn\u00e9ho n\u00e1sil\u00ed 940 000 lid\u00ed. Z nich bylo v\u00edce ne\u017e 412 000 civilist\u016f. Po\u010det zran\u011bn\u00fdch a nemocn\u00fdch v d\u016fsledku konflikt\u016f je mnohem vy\u0161\u0161\u00ed, stejn\u011b jako po\u010det civilist\u016f, kte\u0159\u00ed zem\u0159eli \u201enep\u0159\u00edmo\u201c v d\u016fsledku ni\u010den\u00ed ekonomik, zdravotnick\u00fdch syst\u00e9m\u016f, infrastruktury a \u017eivotn\u00edho prost\u0159ed\u00ed v\u00e1lkami.\u201c Odhaduje se, \u017ee po 11. z\u00e1\u0159\u00ed zem\u0159elo ve v\u00e1le\u010dn\u00fdch z\u00f3n\u00e1ch nep\u0159\u00edmo 3,6 a\u017e 3,8 milionu lid\u00ed, \u010d\u00edm\u017e se celkov\u00fd po\u010det ob\u011bt\u00ed zv\u00fd\u0161il na nejm\u00e9n\u011b 4,5 a\u017e 4,7 milionu \u2013 a tento po\u010det st\u00e1le roste.<\/span><\/p>\n<p><span dir=\"auto\">Dalo by se \u0159\u00edci, \u017ee Trump vyn\u00e1\u0161\u00ed temnotu toho v\u0161eho na sv\u011btlo. Nepat\u0159\u00ed v\u00e1lka pr\u00e1v\u011b tam \u2013 do neochv\u011bjn\u00e9 ve\u0159ejn\u00e9 debaty? Snad nejv\u011bt\u0161\u00edm nep\u0159\u00edtelem m\u00edru je kolektivn\u00ed ospravedl\u0148ov\u00e1n\u00ed a abstrakce v\u00e1lky politick\u00fdm a medi\u00e1ln\u00edm komplexem, spolu s finan\u010dn\u00edmi toky, kter\u00e9 ji umo\u017e\u0148uj\u00ed. To je na\u0161e n\u00e1rodn\u00ed infrastruktura. Trump ji odhaluje, ne \u00famysln\u011b, ale s kousavou, d\u011btskou up\u0159\u00edmnost\u00ed, spojenou s jistou demenc\u00ed.<\/span><\/p>\n<p><span dir=\"auto\">\u201eTerorismus je pou\u017eit\u00ed n\u00e1sil\u00ed k dosa\u017een\u00ed politick\u00e9ho c\u00edle.\u201c \u201eV\u00e1lka\u201c proti teroru, p\u0159ekon\u00e1n\u00ed teroru \u2013 transformace lidstva, planety Zem\u011b \u2013 za\u010d\u00edn\u00e1 sebereflex\u00ed a z\u00e1vazkem k pokroku. Pokud odm\u00edtneme, skon\u010d\u00edme s Donaldem Trumpem.<\/span><\/p>\n<\/div>\n<\/div>\n<div class=\"elementor-element elementor-element-8c57238 quelle dc-has-condition dc-condition-empty elementor-widget elementor-widget-heading\" data-id=\"8c57238\" data-element_type=\"widget\" data-widget_type=\"heading.default\">\n<div class=\"elementor-widget-container\">\n<h3 class=\"elementor-heading-title elementor-size-default\"><span style=\"font-size: 10pt;\"><a href=\"http:\/\/trump%20lets%20us%20see%20who%20we%20are\/\" target=\"_blank\" rel=\"nofollow noopener\"><span dir=\"auto\">Zdroj<\/span><\/a><\/span><\/h3>\n<p>&nbsp;<\/p>\n<\/div>\n<\/div>\n","protected":false},"excerpt":{"rendered":"<p>V \u00e9\u0159e Donalda Trumpa \u2013 d\u00edky Bohu! \u2013 je mo\u017en\u00fdch tolik v\u011bc\u00ed, kter\u00e9 si nikdo&#8230;<\/p>\n","protected":false},"author":2,"featured_media":91717,"comment_status":"closed","ping_status":"closed","sticky":false,"template":"","format":"standard","meta":[],"categories":[7],"tags":[1503,276,452,2024],"_links":{"self":[{"href":"https:\/\/www.infokuryr.cz\/n\/wp-json\/wp\/v2\/posts\/96755"}],"collection":[{"href":"https:\/\/www.infokuryr.cz\/n\/wp-json\/wp\/v2\/posts"}],"about":[{"href":"https:\/\/www.infokuryr.cz\/n\/wp-json\/wp\/v2\/types\/post"}],"author":[{"embeddable":true,"href":"https:\/\/www.infokuryr.cz\/n\/wp-json\/wp\/v2\/users\/2"}],"replies":[{"embeddable":true,"href":"https:\/\/www.infokuryr.cz\/n\/wp-json\/wp\/v2\/comments?post=96755"}],"version-history":[{"count":0,"href":"https:\/\/www.infokuryr.cz\/n\/wp-json\/wp\/v2\/posts\/96755\/revisions"}],"wp:featuredmedia":[{"embeddable":true,"href":"https:\/\/www.infokuryr.cz\/n\/wp-json\/wp\/v2\/media\/91717"}],"wp:attachment":[{"href":"https:\/\/www.infokuryr.cz\/n\/wp-json\/wp\/v2\/media?parent=96755"}],"wp:term":[{"taxonomy":"category","embeddable":true,"href":"https:\/\/www.infokuryr.cz\/n\/wp-json\/wp\/v2\/categories?post=96755"},{"taxonomy":"post_tag","embeddable":true,"href":"https:\/\/www.infokuryr.cz\/n\/wp-json\/wp\/v2\/tags?post=96755"}],"curies":[{"name":"wp","href":"https:\/\/api.w.org\/{rel}","templated":true}]}}