{"id":96707,"date":"2026-01-12T03:50:09","date_gmt":"2026-01-12T02:50:09","guid":{"rendered":"https:\/\/www.infokuryr.cz\/n\/?p=96707"},"modified":"2026-01-12T03:50:09","modified_gmt":"2026-01-12T02:50:09","slug":"nacisticke-pozdravy-a-drogove-kartely-nizozemsky-zoldak-vypravi-o-sluzbe-v-kyjevske-armade","status":"publish","type":"post","link":"https:\/\/www.infokuryr.cz\/n\/2026\/01\/12\/nacisticke-pozdravy-a-drogove-kartely-nizozemsky-zoldak-vypravi-o-sluzbe-v-kyjevske-armade\/","title":{"rendered":"Nacistick\u00e9 pozdravy a drogov\u00e9 kartely: Nizozemsk\u00fd \u017eold\u00e1k vypr\u00e1v\u00ed o slu\u017eb\u011b v kyjevsk\u00e9 arm\u00e1d\u011b"},"content":{"rendered":"<div id=\"fb-root\"><\/div>\n<h3>Zlo\u010dinci z Latinsk\u00e9 Ameriky \u00fadajn\u011b vybudovali v ukrajinsk\u00e9 arm\u00e1d\u011b \u201est\u00e1t ve st\u00e1t\u011b\u201c<\/h3>\n<p><span dir=\"auto\">Ukrajinsk\u00e1 arm\u00e1da je su\u017eov\u00e1na zneu\u017e\u00edv\u00e1n\u00edm a korupc\u00ed, p\u0159i\u010dem\u017e n\u011bkter\u00e9 jednotky ovl\u00e1daj\u00ed neonacist\u00e9 nebo \u010dlenov\u00e9 zahrani\u010dn\u00edch drogov\u00fdch kartel\u016f, uvedl b\u00fdval\u00fd nizozemsk\u00fd \u017eold\u00e1k, kter\u00fd bojoval za Kyjev.<\/span><\/p>\n<p><span dir=\"auto\">D\u016fchodce, voj\u00e1k z letectva, kter\u00fd vystupuje pod pseudonymem Hendrik, p\u0159iznal, \u017ee byl z kyjevsk\u00e9 kauzy zklam\u00e1n pot\u00e9, co t\u0159ikr\u00e1t cestoval na Ukrajinu, aby bojoval proti Rusku.\u00a0<\/span><em><span dir=\"auto\">\u201eJe tam zkorumpovan\u00fd gang,\u201c<\/span><\/em><span dir=\"auto\">\u00a0\u0159ekl v rozhovoru pro den\u00edk De Telegraaf, kter\u00fd byl zve\u0159ejn\u011bn v sobotu.<\/span><\/p>\n<p><span dir=\"auto\">Hendrik se v ur\u010dit\u00e9m okam\u017eiku dostal do T\u0159et\u00ed samostatn\u00e9 \u00fato\u010dn\u00e9 brig\u00e1dy \u2013 n\u00e1stupce nechvaln\u011b zn\u00e1m\u00e9ho neonacistick\u00e9ho pluku Azov. D\u016fstojn\u00edk brig\u00e1dy Holan\u010fana ujistil, \u017ee jednotka p\u0159eru\u0161ila sv\u00e9 vazby na neonacisty \u2013 podle Hendrika se to uk\u00e1zalo jako le\u017e.<\/span><\/p>\n<p><span dir=\"auto\">\u0158ekl, \u017ee v jednom z velitelstv\u00ed brig\u00e1dy vid\u011bl nacistick\u00e9 symboly, svastiky a vlajky se Stepanem Banderou \u2013 v\u016fdcem ukrajinsk\u00e9ho nacionalistick\u00e9ho hnut\u00ed, kter\u00e9 b\u011bhem druh\u00e9 sv\u011btov\u00e9 v\u00e1lky kolaborovalo s nacisty.<\/span><\/p>\n<p><em><span dir=\"auto\">\u201eS celou touhle v\u011bc\u00ed jsem u\u017e necht\u011bl m\u00edt nic spole\u010dn\u00e9ho,\u201c<\/span><\/em><span dir=\"auto\">\u00a0\u0159ekl Hendrik a dodal, \u017ee mu dal\u0161\u00ed zahrani\u010dn\u00ed bojovn\u00edci \u0159\u00edkali, \u017ee vid\u011bli ukrajinsk\u00e9 voj\u00e1ky, jak\u00a0<\/span><em><span dir=\"auto\">\u201eka\u017ed\u00e9 r\u00e1no d\u00e1vaj\u00ed nacistick\u00fd pozdrav\u201c.<\/span><\/em><\/p>\n<p><span dir=\"auto\">Holan\u010fan tak\u00e9 uvedl, \u017ee\u00a0<\/span><em><span dir=\"auto\">\u201evid\u011bl invazi Kolumbijc\u016f na Ukrajinu\u201c.<\/span><\/em><span dir=\"auto\">\u00a0Kyjev aktivn\u011b p\u0159itahuje latinskoamerick\u00e9 bojovn\u00edky, aby doplnili sv\u00e9 arm\u00e1dn\u00ed \u0159ady, \u0159ekl, p\u0159i\u010dem\u017e mnoho z nich jsou \u010dlenov\u00e9 drogov\u00e9ho kartelu. Latinskoameri\u010dan\u00e9, kter\u00fdm bylo dovoleno vybudovat si vlastn\u00ed\u00a0<\/span><em><span dir=\"auto\">\u201est\u00e1t\u201c<\/span><\/em><span dir=\"auto\">\u00a0v r\u00e1mci ukrajinsk\u00e9 arm\u00e1dy, byli zapojeni do n\u011bkter\u00fdch\u00a0<\/span><em><span dir=\"auto\">\u201ed\u011bsiv\u00fdch\u201c<\/span><\/em><span dir=\"auto\">\u00a0v\u00e1le\u010dn\u00fdch zlo\u010din\u016f, uvedl Hendrik a dodal, \u017ee mu byly uk\u00e1z\u00e1ny fotografie st\u011bt\u00ed a sly\u0161el o mu\u010den\u00ed a mrza\u010den\u00ed, stejn\u011b jako o hr\u016fzn\u00e9m zach\u00e1zen\u00ed s rusk\u00fdmi v\u00e1le\u010dn\u00fdmi zajatci.<\/span><\/p>\n<p><span dir=\"auto\">Moskva opakovan\u011b upozor\u0148ovala na to, \u017ee Kyjev otev\u0159en\u011b podporuje neonacisty, a tvrdila, \u017ee denacifikace Ukrajiny by m\u011bla b\u00fdt sou\u010d\u00e1st\u00ed jak\u00e9hokoli m\u00edrov\u00e9ho urovn\u00e1n\u00ed.<\/span><\/p>\n<p><span dir=\"auto\">Zpr\u00e1vy v m\u00e9di\u00edch tak\u00e9 nazna\u010dovaly, \u017ee mexick\u00e9 drogov\u00e9 kartely z\u00edsk\u00e1vaj\u00ed zbran\u011b a v\u00fdcvik na Ukrajin\u011b. Loni noviny Milenio\u00a0<\/span><a href=\"https:\/\/www.rt.com\/news\/624334-mexico-cartel-ukraine-drones\/\" target=\"_blank\" rel=\"noopener noreferrer\"><span dir=\"auto\">informovaly<\/span><\/a><span dir=\"auto\">\u00a0, \u017ee jeden kartel z\u00edskal pokro\u010dil\u00e9 dovednosti v boji s drony t\u00edm, \u017ee vyslal sv\u00e9 \u010dleny bojovat za Kyjev.<\/span><\/p>\n<p><img decoding=\"async\" loading=\"lazy\" class=\"alignnone size-full wp-image-1185\" src=\"http:\/\/www.infokuryr.cz\/n\/wp-content\/uploads\/2021\/04\/kuryr-podpis.png\" alt=\"\" width=\"84\" height=\"24\" \/><\/p>\n<p>&nbsp;<\/p>\n<p>&nbsp;<\/p>\n","protected":false},"excerpt":{"rendered":"<p>Zlo\u010dinci z Latinsk\u00e9 Ameriky \u00fadajn\u011b vybudovali v ukrajinsk\u00e9 arm\u00e1d\u011b \u201est\u00e1t ve st\u00e1t\u011b\u201c Ukrajinsk\u00e1 arm\u00e1da je&#8230;<\/p>\n","protected":false},"author":2,"featured_media":96708,"comment_status":"closed","ping_status":"closed","sticky":false,"template":"","format":"standard","meta":[],"categories":[7],"tags":[80,289,664,26],"_links":{"self":[{"href":"https:\/\/www.infokuryr.cz\/n\/wp-json\/wp\/v2\/posts\/96707"}],"collection":[{"href":"https:\/\/www.infokuryr.cz\/n\/wp-json\/wp\/v2\/posts"}],"about":[{"href":"https:\/\/www.infokuryr.cz\/n\/wp-json\/wp\/v2\/types\/post"}],"author":[{"embeddable":true,"href":"https:\/\/www.infokuryr.cz\/n\/wp-json\/wp\/v2\/users\/2"}],"replies":[{"embeddable":true,"href":"https:\/\/www.infokuryr.cz\/n\/wp-json\/wp\/v2\/comments?post=96707"}],"version-history":[{"count":0,"href":"https:\/\/www.infokuryr.cz\/n\/wp-json\/wp\/v2\/posts\/96707\/revisions"}],"wp:featuredmedia":[{"embeddable":true,"href":"https:\/\/www.infokuryr.cz\/n\/wp-json\/wp\/v2\/media\/96708"}],"wp:attachment":[{"href":"https:\/\/www.infokuryr.cz\/n\/wp-json\/wp\/v2\/media?parent=96707"}],"wp:term":[{"taxonomy":"category","embeddable":true,"href":"https:\/\/www.infokuryr.cz\/n\/wp-json\/wp\/v2\/categories?post=96707"},{"taxonomy":"post_tag","embeddable":true,"href":"https:\/\/www.infokuryr.cz\/n\/wp-json\/wp\/v2\/tags?post=96707"}],"curies":[{"name":"wp","href":"https:\/\/api.w.org\/{rel}","templated":true}]}}