{"id":96696,"date":"2026-01-12T00:22:02","date_gmt":"2026-01-11T23:22:02","guid":{"rendered":"https:\/\/www.infokuryr.cz\/n\/?p=96696"},"modified":"2026-01-11T12:54:59","modified_gmt":"2026-01-11T11:54:59","slug":"zprava-ladislava-vetvicky-z-cesty-do-ruska","status":"publish","type":"post","link":"https:\/\/www.infokuryr.cz\/n\/2026\/01\/12\/zprava-ladislava-vetvicky-z-cesty-do-ruska\/","title":{"rendered":"Zpr\u00e1va Ladislava V\u011btvi\u010dky z cesty do Ruska"},"content":{"rendered":"<div id=\"fb-root\"><\/div>\n<h4>Byl jsem m\u011bs\u00edc v Mordoru (Rusko). Poprv\u00e9 od zah\u00e1jen\u00ed speci\u00e1ln\u00ed vojensk\u00e9 operace. Vr\u00e1til jsem se p\u0159ed dv\u011bma dny.<\/h4>\n<h4>Z\u00e1v\u011bry:<\/h4>\n<p>1) Ve spole\u010dnosti nen\u00ed t\u00e9m\u011b\u0159 \u017e\u00e1dn\u00e9 vnit\u0159n\u00ed nap\u011bt\u00ed vznikaj\u00edc\u00ed d\u00edky speci\u00e1ln\u00ed vojensk\u00e9 operaci na Ukrajin\u011b. Mus\u00edm \u0159\u00edci, \u017ee jsem byl a\u017e p\u0159ekvapen\u00fd.<\/p>\n<p>V centru Moskvy, Petrohradu, Minsku, Kazan\u011b, jsem vid\u011bl ka\u017ed\u00fd den p\u00e1rty, nacpan\u00e9 kluby a\u00a0kav\u00e1rny. A\u00a0to nehled\u011b na zna\u010dn\u00e9 (zna\u010dn\u00e9!) zv\u00fd\u0161en\u00ed cen v\u00a0posledn\u00edch letech.<\/p>\n<p>2) Speci\u00e1ln\u00ed vojensk\u00e1 operace celou ruskou spole\u010dnost v\u00fdznamn\u011b disciplinovala, i\u00a0\u201croztekl\u00fd moskevsk\u00fd a\u00a0petrohradsk\u00fd libtardi a\u00a0sliz\u201d se m\u011bn\u00ed na svaly, nebo emigruj\u00ed.<\/p>\n<p>3) Nedostatek \u010dehokoli kv\u016fli sankc\u00edm neexistuje. Naopak, s\u00ed\u0165ov\u00e9 obchody s\u00a0potravinami vy\u0161\u0161\u00ed \u2013 st\u0159edn\u00ed t\u0159\u00eddy (my tu takov\u00e9 ani nem\u00e1me) nab\u00edz\u00ed v\u00fdrazn\u011b \u0161ir\u0161\u00ed sortiment, ne\u017e co je u\u00a0n\u00e1s k\u00a0dost\u00e1n\u00ed.<\/p>\n<p>Zaj\u00edmav\u00e9 je, \u017ee podobn\u00e1 situace panuje i\u00a0v\u00a0Minsku, kde je koup\u011bschopnost oproti velk\u00fdm rusk\u00fdm m\u011bst\u016fm celkov\u011b ni\u017e\u0161\u00ed.<\/p>\n<p>V b\u011b\u017en\u00fdch supermarketech typu Tesco \/ Albert \/ Lidl je k\u00a0dost\u00e1n\u00ed naprosto v\u0161echno. Plze\u0148sk\u00fd Prazdroj je \u201cmejd in Moskovskaja oblas\u0165\u201d.<\/p>\n<p>4) Nep\u0159\u00edtomnost z\u00e1padn\u00edch vozidel na rusk\u00e9m trhu se \u0159e\u0161\u00ed n\u00e1kupem \u010d\u00ednsk\u00fdch. Za m\u011bs\u00edc jsem napo\u010d\u00edtal minim\u00e1ln\u011b sedm r\u016fzn\u00fdch zna\u010dek \u010d\u00ednsk\u00fdch vozidel, kter\u00e9 jsou b\u011b\u017en\u011b k\u00a0vid\u011bn\u00ed. Vesm\u011bs se jedn\u00e1 o\u00a0vozy typu \u0160koda Kodiaq a\u00a0Karoq (m\u011bstsk\u00e9 \u201eter\u00e9\u0148\u00e1ky\u201c).<\/p>\n<p>Ml\u00e1de\u017e aktivn\u011b \u0159e\u0161\u00ed p\u0159ednosti jednotliv\u00fdch \u010d\u00ednsk\u00fdch zna\u010dek, evropsk\u00fd automobilov\u00fd pr\u016fmysl je z\u00a0v\u011bt\u0161\u00ed \u010d\u00e1sti opom\u00edjen a\u00a0zapom\u00edn\u00e1n.<\/p>\n<p>5) Lid\u00e9 do 40 let s\u00a0norm\u00e1ln\u00edm zam\u011bstn\u00e1n\u00edm pou\u017e\u00edvaj\u00ed t\u00e9m\u011b\u0159 v\u00fdhradn\u011b iPhony posledn\u00edch generac\u00ed.<\/p>\n<p>6) Co se d\u011bje za Uralem v\u00a0detailech nev\u00edm, ale v\u00a0evropsk\u00e9 \u010d\u00e1sti zem\u011b je tot\u00e1ln\u00ed zam\u011bstnanost. Nab\u00edraj\u00ed prakticky v\u0161ichni. Nejsou lidi, chyb\u011bj\u00edc\u00ed person\u00e1l m\u00e1 m\u00edsty a\u017e katastrof\u00e1ln\u00ed rozm\u011bry. Obrovsk\u00e9 mno\u017estv\u00ed lid\u00ed nas\u00e1la speci\u00e1ln\u00ed vojensk\u00e1 operace. Dal\u0161\u00ed obrovsk\u00e9 mno\u017estv\u00ed lid\u00ed nas\u00e1l vojensk\u00fd pr\u016fmysl, kde jsou vysok\u00e9, m\u00edsty velmi vysok\u00e9 platy.<\/p>\n<p>7) \u00darove\u0148 bankovn\u00edch slu\u017eeb, mobiln\u00edch slu\u017eeb, \u00farove\u0148 restaura\u010dn\u00edch slu\u017eeb, celkov\u011b \u00farove\u0148 slu\u017eeb a\u00a0m\u011bstsk\u00e9 ob\u010dansk\u00e9 infrastruktury je nesrovnateln\u011b v\u00fd\u0161e ne\u017e u\u00a0n\u00e1s. To bylo v\u00a0posledn\u00edch deseti \u2013 patn\u00e1cti letech v\u017edy. Postupem \u010dasu se ale n\u016f\u017eky nad\u00e1le rozev\u00edraj\u00ed v\u00a0n\u00e1\u0161 neprosp\u011bch. A\u00a0to citeln\u011b!<\/p>\n<p>8) Moskva prask\u00e1 ve \u0161vech. M\u011bsto posledn\u00edch mnoho let za\u017e\u00edv\u00e1 developerskou explozi. Metro se rozr\u016fst\u00e1 jako rakovina plic celo\u017eivotn\u00edho ku\u0159\u00e1ka v posledn\u00edm st\u00e1diu. Nov\u00e9 stanice jsou n\u00e1dhern\u00e9. M\u011bsto se m\u011bn\u00ed p\u0159ed o\u010dima.<\/p>\n<p>Investuje se mimo\u0159\u00e1dn\u011b agresivn\u00edm zp\u016fsobem. Moskevsk\u00e1 perla \u010das\u016f SSSR \u2013 park VDNch \u2013 je t\u00e9m\u011b\u0159 cel\u00fd zrekonstruovan\u00fd, a\u00a0je n\u00e1dhern\u00fd.<\/p>\n<p>9) Velk\u00e1 rusk\u00e1 m\u00e9dia o\u00a0n\u00e1s \u2013 z\u00e1padn\u00ed a\u00a0st\u0159edn\u00ed Evropu \u2013 nemaj\u00ed t\u00e9m\u011b\u0159 \u017e\u00e1dn\u00fd z\u00e1jem. Akcentuj\u00ed a\u00a0orientuj\u00ed se na BRICS, St\u0159edn\u00ed Asii, USA, Ar\u00e1bii. Z\u00e1padn\u00ed Evropa (Evropa obecn\u011b) se pro n\u011b m\u011bn\u00ed na \u201csmradlav\u00e9 t\u00e9ma\u201d, kter\u00e9 d\u00edky objektivn\u00edm historick\u00fdm proces\u016fm musej\u00ed vn\u00edmat. Ale nic v\u00edc.<\/p>\n<p>Perspektivy jsou jinde. N\u00e1m ujel a\u00a0d\u00e1le uj\u00ed\u017ed\u00ed vlak. A\u00a0to je trag\u00e9die. Jej\u00ed ni\u010divou s\u00edlu uc\u00edt\u00edme u\u017e v\u00a0kr\u00e1tkodob\u00e9 perspektiv\u011b.<\/p>\n<p>10) Jsem druh\u00fd den doma. Po\u00a0n\u00e1vratu do \u010desk\u00e9ho medi\u00e1ln\u00edho a\u00a0politicko-spole\u010densk\u00e9ho prost\u0159ed\u00ed m\u00e1m pocit, \u017ee jsem se z\u00a0Ruska vr\u00e1til do bohnick\u00e9 psychiatrick\u00e9 l\u00e9\u010debny nafoukl\u00e9 do \u201cm\u00e1lo rozm\u011br\u016f cel\u00e9 \u010cesk\u00e9 republiky\u201d. Um\u011ble vyvolan\u00e1 a\u00a0\u0159\u00edzen\u00e1 protirusk\u00e1 propaganda je neskute\u010dn\u011b nen\u00e1vistn\u00e1 a\u017e ne\u00fanosn\u00e1. Pokud to mezi evropskou \u010d\u00e1st\u00ed NATO a\u00a0Ruskem skute\u010dn\u011b za\u010dne \u201eve velk\u00e9m stylu\u201c, prohrajeme.<\/p>\n<p>A Rusov\u00e9 ani nemrknou brvou. Rozd\u00edly v\u00a0potenci\u00e1lech jsou hroziv\u00e9, propastn\u00e9.<\/p>\n<p>Rusov\u00e9 p\u0159itom o\u00a0tenhle konflikt a\u00a0v\u00e1lku nemaj\u00ed z\u00e1jem.<\/p>\n<p>To jen z\u00e1padn\u00ed Evrop\u011b po\u00a0sto letech zase p\u0159esko\u010dilo a\u00a0sna\u017e\u00ed se testovat p\u0159ipravenost Ruska\u2026<\/p>\n<p><strong><em>Ladislav V\u011btvi\u010dka<\/em><br \/>\n<\/strong><em>Autor je spisovatel a n\u011bkolikan\u00e1sobn\u00fd bloger roku<\/em><\/p>\n<p><img decoding=\"async\" loading=\"lazy\" class=\"alignnone size-full wp-image-96697\" src=\"http:\/\/www.infokuryr.cz\/n\/wp-content\/uploads\/2026\/01\/vetvicka-ladislav.jpg\" alt=\"\" width=\"196\" height=\"183\" \/><\/p>\n<p>&nbsp;<\/p>\n","protected":false},"excerpt":{"rendered":"<p>Byl jsem m\u011bs\u00edc v Mordoru (Rusko). Poprv\u00e9 od zah\u00e1jen\u00ed speci\u00e1ln\u00ed vojensk\u00e9 operace. Vr\u00e1til jsem se&#8230;<\/p>\n","protected":false},"author":2,"featured_media":73148,"comment_status":"closed","ping_status":"closed","sticky":false,"template":"","format":"standard","meta":[],"categories":[6],"tags":[1503,4097,22],"_links":{"self":[{"href":"https:\/\/www.infokuryr.cz\/n\/wp-json\/wp\/v2\/posts\/96696"}],"collection":[{"href":"https:\/\/www.infokuryr.cz\/n\/wp-json\/wp\/v2\/posts"}],"about":[{"href":"https:\/\/www.infokuryr.cz\/n\/wp-json\/wp\/v2\/types\/post"}],"author":[{"embeddable":true,"href":"https:\/\/www.infokuryr.cz\/n\/wp-json\/wp\/v2\/users\/2"}],"replies":[{"embeddable":true,"href":"https:\/\/www.infokuryr.cz\/n\/wp-json\/wp\/v2\/comments?post=96696"}],"version-history":[{"count":0,"href":"https:\/\/www.infokuryr.cz\/n\/wp-json\/wp\/v2\/posts\/96696\/revisions"}],"wp:featuredmedia":[{"embeddable":true,"href":"https:\/\/www.infokuryr.cz\/n\/wp-json\/wp\/v2\/media\/73148"}],"wp:attachment":[{"href":"https:\/\/www.infokuryr.cz\/n\/wp-json\/wp\/v2\/media?parent=96696"}],"wp:term":[{"taxonomy":"category","embeddable":true,"href":"https:\/\/www.infokuryr.cz\/n\/wp-json\/wp\/v2\/categories?post=96696"},{"taxonomy":"post_tag","embeddable":true,"href":"https:\/\/www.infokuryr.cz\/n\/wp-json\/wp\/v2\/tags?post=96696"}],"curies":[{"name":"wp","href":"https:\/\/api.w.org\/{rel}","templated":true}]}}