{"id":96695,"date":"2026-01-12T00:19:30","date_gmt":"2026-01-11T23:19:30","guid":{"rendered":"https:\/\/www.infokuryr.cz\/n\/?p=96695"},"modified":"2026-01-11T12:50:27","modified_gmt":"2026-01-11T11:50:27","slug":"jiri-jaros-nickelli-proc-je-pan-posselt-persona-non-grata-v-ceske-republice","status":"publish","type":"post","link":"https:\/\/www.infokuryr.cz\/n\/2026\/01\/12\/jiri-jaros-nickelli-proc-je-pan-posselt-persona-non-grata-v-ceske-republice\/","title":{"rendered":"Ji\u0159\u00ed Jaro\u0161 Nickelli: Pro\u010d je pan Posselt persona non grata v \u010cesk\u00e9 republice?"},"content":{"rendered":"<div id=\"fb-root\"><\/div>\n<p>Kdy\u017e pokl\u00e1d\u00e1m tuto ot\u00e1zku, vych\u00e1z\u00edm z fakt\u016f p\u016fsoben\u00ed pana Bernda Posselta desetilet\u00ed jak v\u0161eobecn\u011b na p\u016fd\u011b Spolkov\u00e9 republiky N\u011bmecka, tak zvl\u00e1\u0161t\u011b na tzv. sudetosjezdech organizace zvan\u00e9 Landsmannschaft.<\/p>\n<p>On s\u00e1m, jak je notoricky zn\u00e1mo, zalo\u017eil svou kari\u00e9ru na soustavn\u00e9 kampani proti dekret\u00e1ln\u00edmu pr\u00e1vu \u010cesk\u00e9 republiky. Dekrety\u00a0 spr\u00e1vn\u011b zvan\u00e9 presidentsk\u00e9, nikoli Bene\u0161ovy! &#8211; podepisovali je mnoz\u00ed \u010dlenov\u00e9 exilov\u00e9 i pov\u00e1le\u010dn\u00e9 vl\u00e1dy \u010ceskoslovenska, v\u010detn\u011b Msgre \u0160r\u00e1mka, jednoho z otc\u016f dne\u0161n\u00ed KDU-\u010cSL! &#8211; jsou v\u00fdrazem pr\u00e1vn\u00ed kontinuity osvobozen\u00e9 \u010cSR se zni\u010denou I.\u010cSR, kter\u00e9\u017eto zni\u010den\u00ed provedl n\u011bmeck\u00fd agresor, kter\u00fd podle pr\u00e1vn\u00ed anal\u00fdzy prof. JUDr. Schelleho z MU Brno &#8222;rozvr\u00e1til a zni\u010dil republik\u00e1nsko demokratickou formu st\u00e1tu \u010cSR&#8220;! D\u00e1le tyto dekrety podle \u00fastavn\u00edho pr\u00e1vn\u00edka prof. JUDr. Pavl\u00ed\u010dka emeritn\u00edho vedouc\u00edho Katedry st\u00e1tu a pr\u00e1va KU Praha, znamenaj\u00ed &#8222;pr\u00e1vn\u00ed kontinutu st\u00e1tu \u010cSR&#8220;. Zru\u0161en\u00edm dekret\u016f &#8211; nemo\u017en\u00e9m i podle Soudn\u00edho dvora Luxemburg &#8211; by nastal pr\u00e1vn\u00ed stav protektor\u00e1tu \u010cechy a Morava &#8211; a tud\u00ed\u017e by do\u0161lo ke znemo\u017en\u011bn\u00ed existence st\u00e1tu \u010cesk\u00e9 republiky ve st\u00e1topr\u00e1vn\u00ed kontinuit\u011b. Tento stav by ru\u0161il v\u00fdsledky II. sv\u011btov\u00e9 v\u00e1lky a antifa\u0161istick\u00e9 koalice Spojenc\u016f, a proto jej velmoci nikdy nep\u0159ijaly. Byl by to stav protikladn\u00fd jak protokolu Postupimsk\u00e9 dohody, tak i Pa\u0159\u00ed\u017esk\u00e9 repara\u010dn\u00ed dohody z roku 1945.<\/p>\n<p>P\u0159esto pan Posselt nikdy nep\u0159estal ve\u0159ejn\u011b \u00fato\u010dit na tento pr\u00e1vn\u00ed po\u0159\u00e1dek \u010cR, zaru\u010den\u00fd \u00fastavou jej\u00ed\u017e ned\u00edlnou sou\u010d\u00e1st\u00ed je \u00fastavn\u00ed dekret \u010d.33\/1945 Sb. a t\u00edm i dekrety dal\u0161\u00ed. Z hlediska ochrany st\u00e1tu \u010cesk\u00e1 republika je nep\u0159\u00edpustn\u00e9 a protiz\u00e1konn\u00e9 \u00fato\u010dit na presidentsk\u00e9 dekrety tak, jak to po cel\u00e1 desetilet\u00ed \u010din\u00ed pan Bernd Posselt, kter\u00fd na tomto zvl\u00e1\u0161t\u011b zalo\u017eil svou kari\u00e9ru a popularitu u \u010dlen\u016f tzv. Sudeton\u011bmeck\u00e9ho landsmannschaftu. jeho\u017e sou\u010d\u00e1st\u00ed je i nacistick\u00fd Witikobund, kde byli zakl\u00e1daj\u00edc\u00ed \u010dlenov\u00e9 i kut\u00ed nacist\u00e9 typu pana Zoglmanna, b\u00fdval\u00e9ho vedouc\u00edho HJ v Praze (Ve sv\u00fdch knih\u00e1ch to\u00a0 nap\u0159\u00edklad dolo\u017eil badatel St. Motl\u00a0 &#8211; &#8222;Nacist\u00e9 pod ochranou&#8220;, &#8222;Ob\u011bti a jejich vrazi&#8220;).<\/p>\n<p>Je na v\u00fdkonn\u00fdch org\u00e1nech republiky, aby zv\u00e1\u017eily \u010dinnost pana Posselta jako ne\u017e\u00e1douc\u00ed osoby na \u00fazem\u00ed st\u00e1tu, proti jeho\u017e z\u00e1kon\u016fm pan Posselt neust\u00e1le \u0161tve a nab\u00e1d\u00e1 k jejich nez\u00e1konn\u00e9mu ru\u0161en\u00ed. Nehled\u011b k tomu, \u017ee v\u00fdroky pana Posselta v tomto sm\u011bru ur\u00e1\u017eej\u00ed poz\u016fstal\u00e9 po ob\u011btech nacismu a sudeton\u011bmeck\u00e9ho \u0159\u00e1d\u011bn\u00ed v\u016f\u010di nim. Jestli se sna\u017e\u00ed pan Posselt vl\u00e1mat se do republiky pod z\u00e1minkou &#8222;sm\u00ed\u0159en\u00ed&#8220;, je nutno p\u0159istoupit na anal\u00fdzu jeho \u010dinnosti v\u016f\u010di z\u00e1kon\u016fm republiky. Stejn\u011b tak je nutno postupovat v p\u0159\u00edpad\u011b kon\u00e1n\u00ed tzv. sudetosjezdu pl\u00e1novan\u00e9ho v Brn\u011b v kv\u011btnu roku 2026. Nelze ani p\u0159ipustit pozv\u00e1n\u00ed na sjezd od sdru\u017een\u00ed Meeting Brno, a org\u00e1ny maj\u00ed prov\u011b\u0159it z\u00e1konnost nebo\u00a0 \u00fastavn\u00ed nez\u00e1konnost takov\u00e9ho jedn\u00e1n\u00ed \u010di jeho p\u0159\u00edpravy. My poz\u016fstal\u00ed po ob\u011btech sudeton\u011bmeck\u00e9ho a nacistick\u00e9ho \u0159\u00e1d\u011bn\u00ed v republice z\u00e1sadn\u011b takov\u00fd sjezd &#8211; nato\u017e jeho opakov\u00e1n\u00ed &#8211; v Brn\u011b i v republice odm\u00edt\u00e1me!<\/p>\n<p><em><strong><a href=\"https:\/\/ceske-narodni-listy.estranky.cz\/clanky\/prispevky\/proc-je-pan-posselt-persona-non-grata-v-ceske-republice-.html\">Ji\u0159\u00ed Jaro\u0161 Nickelli<\/a>, \u010cSPB Mor. T\u0159ebov\u00e1<\/strong><\/em><\/p>\n<p>&nbsp;<\/p>\n","protected":false},"excerpt":{"rendered":"<p>Kdy\u017e pokl\u00e1d\u00e1m tuto ot\u00e1zku, vych\u00e1z\u00edm z fakt\u016f p\u016fsoben\u00ed pana Bernda Posselta desetilet\u00ed jak v\u0161eobecn\u011b na&#8230;<\/p>\n","protected":false},"author":2,"featured_media":90346,"comment_status":"closed","ping_status":"closed","sticky":false,"template":"","format":"standard","meta":[],"categories":[6],"tags":[1503,6654,7378],"_links":{"self":[{"href":"https:\/\/www.infokuryr.cz\/n\/wp-json\/wp\/v2\/posts\/96695"}],"collection":[{"href":"https:\/\/www.infokuryr.cz\/n\/wp-json\/wp\/v2\/posts"}],"about":[{"href":"https:\/\/www.infokuryr.cz\/n\/wp-json\/wp\/v2\/types\/post"}],"author":[{"embeddable":true,"href":"https:\/\/www.infokuryr.cz\/n\/wp-json\/wp\/v2\/users\/2"}],"replies":[{"embeddable":true,"href":"https:\/\/www.infokuryr.cz\/n\/wp-json\/wp\/v2\/comments?post=96695"}],"version-history":[{"count":0,"href":"https:\/\/www.infokuryr.cz\/n\/wp-json\/wp\/v2\/posts\/96695\/revisions"}],"wp:featuredmedia":[{"embeddable":true,"href":"https:\/\/www.infokuryr.cz\/n\/wp-json\/wp\/v2\/media\/90346"}],"wp:attachment":[{"href":"https:\/\/www.infokuryr.cz\/n\/wp-json\/wp\/v2\/media?parent=96695"}],"wp:term":[{"taxonomy":"category","embeddable":true,"href":"https:\/\/www.infokuryr.cz\/n\/wp-json\/wp\/v2\/categories?post=96695"},{"taxonomy":"post_tag","embeddable":true,"href":"https:\/\/www.infokuryr.cz\/n\/wp-json\/wp\/v2\/tags?post=96695"}],"curies":[{"name":"wp","href":"https:\/\/api.w.org\/{rel}","templated":true}]}}