{"id":96693,"date":"2026-01-12T00:16:46","date_gmt":"2026-01-11T23:16:46","guid":{"rendered":"https:\/\/www.infokuryr.cz\/n\/?p=96693"},"modified":"2026-01-11T12:47:09","modified_gmt":"2026-01-11T11:47:09","slug":"jindrich-kulhavy-porad-je-jeste-leden","status":"publish","type":"post","link":"https:\/\/www.infokuryr.cz\/n\/2026\/01\/12\/jindrich-kulhavy-porad-je-jeste-leden\/","title":{"rendered":"Jind\u0159ich Kulhav\u00fd: Po\u0159\u00e1d je je\u0161t\u011b leden"},"content":{"rendered":"<div id=\"fb-root\"><\/div>\n<p><span class=\"anotation\">Venkovn\u00ed teploty n\u00e1m p\u0159ipom\u00ednaj\u00ed, \u017ee je leden. Nad\u00edlka sn\u011bhu tomu odpov\u00edd\u00e1 a pouze hlup\u00e1k se podivuje nad t\u00edm, \u017ee je tu v\u00a0zim\u011b zima. Ostatn\u011b klimatoalarmist\u00e9 u\u017e nev\u011bd\u00ed, \u010d\u00edm maj\u00ed stra\u0161it. Chvilku se tu va\u0159\u00edme, jindy mrzneme, v\u0161e je pro n\u011b \u0161patn\u011b. Jedin\u00fdmi, kdo v\u00a0tom m\u00e1 chaos, jsou sol\u00e1rn\u00ed panely schovan\u00e9 pod sn\u011bhem. P\u0159esto\u017ee jsou za slune\u010dn\u00fdch zimn\u00edch dn\u00ed nej\u00fa\u010dinn\u011bj\u0161\u00edmi, pod 15 cm sn\u011bhu neprodukuj\u00ed v\u016fbec nic. No a namrzl\u00e9 rotory v\u011btrn\u00fdch elektr\u00e1ren maj\u00ed probl\u00e9m tak\u00e9, tak\u017ee vzh\u016fru k\u00a0n\u00e1vratu uhl\u00ed a j\u00e1dra. A pozor na elektroauta, dojezdy se kr\u00e1t\u00ed a u nab\u00edje\u010dek je plno.<\/span><\/p>\n<div id=\"pagetext\">\n<p>O v\u00fd\u0161e zm\u00edn\u011bn\u00e9m v\u0161ak dne\u0161n\u00ed \u010dl\u00e1nek nen\u00ed. Dokonce ani o tom ne, \u017ee p\u0159es ukrajinsk\u00e9 sv\u00e1tky byla Praha polopr\u00e1zdn\u00e1 a doprava \u00fanosn\u00e1. P\u0159eci jenom 300 000 nov\u00fdch obyvatel metropole opustiv\u0161\u00edch ji \u010d\u00e1ste\u010dn\u011b p\u0159i n\u00e1v\u0161t\u011bv\u011b rodn\u00e9 ukrajinsk\u00e9 hroudy muselo n\u011bkde chyb\u011bt. Bohu\u017eel, u\u017e se vr\u00e1tili a bude zase dost plno. Zvl\u00e1\u0161t\u011b, kdy\u017e Pir\u00e1ti nad\u00e1le dr\u017e\u00ed odbor dopravy na pra\u017esk\u00e9m magistr\u00e1tu. Te\u010f vymysleli, \u017ee v\u0161echny pra\u017esk\u00e9 tax\u00edky budou elektrick\u00e9. Nemohl by n\u011bkdo u\u017e rad\u0161i \u0159e\u0161it skute\u010dn\u00e9 probl\u00e9my ne\u017e ty sekt\u00e1\u0159sk\u00e9 p\u0159edstavovan\u00e9 pr\u00e1v\u011b Pir\u00e1ty a spol\u010den\u00fdmi ekoteroristy, paradoxn\u011b za \u00fa\u010dasti ODS?<\/p>\n<p>Nyn\u00ed k t\u00e9matu. U\u017e p\u0159ed volbami jsme varovali, \u017ee Motorist\u00e9 jsou po\u0159\u00e1d je\u0161t\u011b jist\u00fdmi eurohujery. Bojuj\u00ed sice proti Green Dealu a za spalovac\u00ed motory, jinak ale p\u0159edes\u00edlali, \u017ee si \u017eivot v \u010cesk\u00e9 republice bez EU a NATO neum\u00ed p\u0159edstavit. P\u0159itom Turek byl n\u011bjakou nedlouhou dobu europoslancem a musel vid\u011bt, jak drah\u00fdm a nefunk\u010dn\u00edm molochem Evropsk\u00fd parlament je. P\u0159esto byli Motorist\u00e9 podporov\u00e1ni i b\u00fdval\u00fdm panem prezidentem V\u00e1clavem Klausem, o \u010dem\u017e v sou\u010dasnosti u\u017e lze pochybovat. Po n\u00e1stupu Macinky na Ministerstvo zahrani\u010d\u00ed se chvilku zd\u00e1lo, \u017ee by to mohlo fungovat (\u010dekali bychom tam sp\u00ed\u0161e Zahradila), ale slabou reakc\u00ed na arogantn\u00ed chov\u00e1n\u00ed ukrajinsk\u00e9ho velvyslance t\u00fdkaj\u00edc\u00ed se novoro\u010dn\u00edho projevu p\u0159edsedy Sn\u011bmovny Okamury a n\u00e1slednou cestou do Kyjeva v doprovodu Filipa Turka se optimistick\u00fd n\u00e1hled na pozitiva Motorist\u016f jaksi vr\u00e1til do reality.<\/p>\n<p>Macinka p\u0159i n\u00e1v\u0161t\u011bv\u011b Kyjeva, kter\u00fd, sv\u011bte div se, byl v tu dobu pod ruskou palbou, co\u017e bylo dop\u0159edu avizov\u00e1no a v pr\u016fb\u011bhu v\u00e1lky to lze asi o\u010dek\u00e1vat, op\u011bt vyd\u00e1val sign\u00e1ly (to u\u017e jsme tu m\u011bli) a vyslovoval d\u016fv\u011bru a podporu kyjevsk\u00e9mu a ukronacistick\u00e9mu re\u017eimu, p\u0159i\u010dem\u017e t\u00edm nav\u00e1zal na svou minulou my\u0161lenku, dle kter\u00e9 \u010desk\u00fd n\u00e1rod a\u017e na p\u00e1r po\u0161uk\u016f podporuje ukrajinsk\u00fd lid. Cht\u011blo by se \u0159\u00edct velk\u00e9 ho.no, proto\u017ee velk\u00e1 \u010d\u00e1st \u010cech\u016f a Morav\u00e1k\u016f u\u017e m\u00e1 cel\u00e9 Ukrajiny pln\u00e9 zuby a v\u0161eobecn\u011b se t\u011b\u0161\u00ed, a\u017e Rusov\u00e9 dot\u00e1hnou SVO ke konci, p\u0159i\u010dem\u017e velk\u00e1 \u010d\u00e1st Ukrajinc\u016f u n\u00e1s p\u0159ijde o v\u0161echny soci\u00e1ln\u00ed nadr\u017eov\u00e1n\u00ed a v\u00fdhody a t\u0159eba se i vr\u00e1t\u00ed dom\u016f. A n\u00e1s \u00fadajn\u00fdch po\u0161uk\u016f tu je opravdu st\u00e1le v\u00edce.<\/p>\n<p>Macinka tak v podstat\u011b nav\u00e1zal na pr\u00e1ci babyministra Lipavsk\u00e9ho a Klaus se mus\u00ed zamyslet nad t\u00edm, jak to vlastn\u011b s podporou motorist\u016f myslel. Kdyby se tak zachoval n\u011bkdo z ANO, vn\u00edmali bychom to jako jistou konzistentn\u00ed linii, kterou Babi\u0161 dlouhodob\u011b dr\u017eel, by\u0165 by to bylo smutn\u00e9. Ale u \u201ehrdinn\u00fdch\u201c Motorist\u016f je vys\u00edl\u00e1n\u00ed sign\u00e1l\u016f potupnou ud\u00e1lost\u00ed. V tu chv\u00edli zapadaj\u00ed i slova Turka o tom, \u017ee si za sou\u010dasn\u00fd stav mohou Ukrajinci sami t\u00edm, \u017ee se spojili s evropsk\u00fdmi liber\u00e1ly a s pl\u00e1ny NATO roz\u0161\u00ed\u0159it tento \u00fato\u010dn\u00fd pakt bl\u00ed\u017ee k Moskv\u011b. P\u0159esto\u017ee za to dostal Turek \u201ekart\u00e1\u010d\u201c od liber\u00e1ln\u00edho mainstreamu i P\u011btikoali\u010dn\u00edk\u016f, v podstat\u011b zopakoval slova pan\u00ed u\u010ditelky Bedn\u00e1\u0159ov\u00e9, celkov\u011b cesta motoristick\u00fdch p\u0159ed\u00e1k\u016f div\u00edc\u00edch se, \u017ee rakety bouchaj\u00ed, vyzn\u011bla zna\u010dn\u011b negativn\u011b. Aspo\u0148 minim\u00e1ln\u011b pro dezol\u00e1ty ch\u00e1paj\u00edc\u00ed rusk\u00fd postup v ot\u00e1zce ukrajinsk\u00e9ho nacismu. Naopak slova chv\u00e1ly Nerudov\u00e9 a Lipavsk\u00e9ho sm\u011brem k postoji Macinky vn\u00edm\u00e1me jako ur\u00e1\u017eku.<\/p>\n<p>Bude zaj\u00edmav\u00e9 sledovat dal\u0161\u00ed koexistenci vl\u00e1dn\u00ed koalice, v n\u00ed\u017e maj\u00ed vedle sebe b\u00fdt ANO, Motorist\u00e9 a SPD, tedy strany s n\u00e1hledem na Ukrajinu a Rusko zna\u010dn\u011b kontrastn\u00edm. Jedinou mo\u017enost\u00ed, jak n\u011bjak sladit chov\u00e1n\u00ed, je d\u00e1t jednozna\u010dnou prioritu \u0159e\u0161en\u00ed mizern\u00e9 situaci v \u010cesk\u00e9 republice a zahrani\u010dn\u011b-politickou agendu zna\u010dn\u011b otupit tak, aby z\u016fstala co nejv\u00edce neutr\u00e1ln\u00ed. To by znamenalo okle\u0161tit mo\u017enosti v\u00fdjezd\u016f Petra Pavla a vys\u00edl\u00e1n\u00ed sign\u00e1l\u016f Motoristy Macinky. Bohu\u017eel, ani obj\u00edm\u00e1n\u00ed se Babi\u0161e s Macronem a oto\u010dka v ot\u00e1zce proukrajinsk\u00e9 muni\u010dn\u00ed iniciativy nevn\u00edm\u00e1 hrd\u00fd \u010desk\u00fd ob\u010dan pozitivn\u011b, tak\u017ee jedin\u00e9, co m\u016f\u017ee p\u0159ibrzdit ukrajinizaci v\u0161eho kolem n\u00e1s, je ukon\u010den\u00ed SVO. Rusov\u00e9 \u0161lapou do ped\u00e1l\u016f, tak snad u\u017e to nebude trvat tak dlouho. Leto\u0161n\u00ed rok bude zlomov\u00fd. Tedy asi\u2026. Ot\u00e1zkou toti\u017e je\u0161t\u011b je, jak\u00fd dal\u0161\u00ed loping budou p\u0159edv\u00e1d\u011bt v USA. M\u00e1me se na co t\u011b\u0161it, i kdy\u017e\u2026.na t\u011b\u0161en\u00ed to zrovna nen\u00ed.<\/p>\n<p><a href=\"https:\/\/www.inadhled.live\/uvaha-dne\/porad-je-jeste-leden\/\">Jind\u0159ich Kulhav\u00fd<\/a><\/p>\n<p><img decoding=\"async\" loading=\"lazy\" class=\"alignnone size-full wp-image-48136\" src=\"http:\/\/www.infokuryr.cz\/n\/wp-content\/uploads\/2024\/02\/kulhavy-jindrich.jpg\" alt=\"\" width=\"219\" height=\"221\" srcset=\"https:\/\/www.infokuryr.cz\/n\/wp-content\/uploads\/2024\/02\/kulhavy-jindrich.jpg 219w, https:\/\/www.infokuryr.cz\/n\/wp-content\/uploads\/2024\/02\/kulhavy-jindrich-150x150.jpg 150w\" sizes=\"(max-width: 219px) 100vw, 219px\" \/><\/p>\n<p>&nbsp;<\/p>\n<\/div>\n","protected":false},"excerpt":{"rendered":"<p>Venkovn\u00ed teploty n\u00e1m p\u0159ipom\u00ednaj\u00ed, \u017ee je leden. Nad\u00edlka sn\u011bhu tomu odpov\u00edd\u00e1 a pouze hlup\u00e1k se&#8230;<\/p>\n","protected":false},"author":2,"featured_media":96694,"comment_status":"closed","ping_status":"closed","sticky":false,"template":"","format":"standard","meta":[],"categories":[6],"tags":[1503,10377,35,122],"_links":{"self":[{"href":"https:\/\/www.infokuryr.cz\/n\/wp-json\/wp\/v2\/posts\/96693"}],"collection":[{"href":"https:\/\/www.infokuryr.cz\/n\/wp-json\/wp\/v2\/posts"}],"about":[{"href":"https:\/\/www.infokuryr.cz\/n\/wp-json\/wp\/v2\/types\/post"}],"author":[{"embeddable":true,"href":"https:\/\/www.infokuryr.cz\/n\/wp-json\/wp\/v2\/users\/2"}],"replies":[{"embeddable":true,"href":"https:\/\/www.infokuryr.cz\/n\/wp-json\/wp\/v2\/comments?post=96693"}],"version-history":[{"count":0,"href":"https:\/\/www.infokuryr.cz\/n\/wp-json\/wp\/v2\/posts\/96693\/revisions"}],"wp:featuredmedia":[{"embeddable":true,"href":"https:\/\/www.infokuryr.cz\/n\/wp-json\/wp\/v2\/media\/96694"}],"wp:attachment":[{"href":"https:\/\/www.infokuryr.cz\/n\/wp-json\/wp\/v2\/media?parent=96693"}],"wp:term":[{"taxonomy":"category","embeddable":true,"href":"https:\/\/www.infokuryr.cz\/n\/wp-json\/wp\/v2\/categories?post=96693"},{"taxonomy":"post_tag","embeddable":true,"href":"https:\/\/www.infokuryr.cz\/n\/wp-json\/wp\/v2\/tags?post=96693"}],"curies":[{"name":"wp","href":"https:\/\/api.w.org\/{rel}","templated":true}]}}