{"id":96671,"date":"2026-01-12T00:20:16","date_gmt":"2026-01-11T23:20:16","guid":{"rendered":"https:\/\/www.infokuryr.cz\/n\/?p=96671"},"modified":"2026-01-11T12:16:03","modified_gmt":"2026-01-11T11:16:03","slug":"v-jihoafricke-republice-zacala-namorni-cviceni-brics-za-ucasti-ruska","status":"publish","type":"post","link":"https:\/\/www.infokuryr.cz\/n\/2026\/01\/12\/v-jihoafricke-republice-zacala-namorni-cviceni-brics-za-ucasti-ruska\/","title":{"rendered":"V Jihoafrick\u00e9 republice za\u010dala n\u00e1mo\u0159n\u00ed cvi\u010den\u00ed BRICS+ za \u00fa\u010dasti Ruska"},"content":{"rendered":"<div id=\"fb-root\"><\/div>\n<p><span dir=\"auto\">Spole\u010dn\u00e1 n\u00e1mo\u0159n\u00ed cvi\u010den\u00ed zem\u00ed BRICS+ s n\u00e1zvem \u201eV\u016fle k m\u00edru\u201c za \u00fa\u010dasti Ruska, \u010c\u00edny a \u00cdr\u00e1nu za\u010dala 9. ledna v Jihoafrick\u00e9 republice. Informoval o tom\u00a0<\/span><a title=\"\" href=\"https:\/\/iol.co.za\/\" target=\"_blank\" rel=\"noopener\"><span dir=\"auto\">m\u00edstn\u00ed<\/span><\/a><span dir=\"auto\">\u00a0zpravodajsk\u00fd port\u00e1l\u00a0\u00a0<\/span><em><span dir=\"auto\">IOL<\/span><\/em><span dir=\"auto\">\u00a0.<\/span><\/p>\n<p><span dir=\"auto\">Up\u0159es\u0148uje se, \u017ee se man\u00e9vr\u016f \u00fa\u010dastn\u00ed nejv\u011bt\u0161\u00ed \u00edr\u00e1nsk\u00e1 v\u00e1le\u010dn\u00e1 lo\u010f, stejn\u011b jako \u010d\u00ednsk\u00e9 a rusk\u00e9 vojensk\u00e9 plavidla.<\/span><\/p>\n<p><span dir=\"auto\">Za\u010d\u00e1tkem ledna dorazily do Jihoafrick\u00e9 republiky korveta Stojki a st\u0159edn\u00ed tanker Jelnja Baltsk\u00e9 flotily rusk\u00e9ho n\u00e1mo\u0159nictva, aby se z\u00fa\u010dastnily spole\u010dn\u00fdch cvi\u010den\u00ed zem\u00ed BRICS+.<\/span><\/p>\n<p><span dir=\"auto\">Spole\u010dn\u00e1 n\u00e1mo\u0159n\u00ed cvi\u010den\u00ed zem\u00ed BRICS+ v Jihoafrick\u00e9 republice prob\u011bhnou do 16. ledna pod \u010d\u00ednsk\u00fdm velen\u00edm. Cvi\u010den\u00ed\u00a0<\/span><a title=\"\" href=\"https:\/\/afrinz.ru\/fr\/2025\/12\/des-exercices-navals-conjoints-des-pays-des-brics-en-afrique-du-sud-auront-lieu-en-janvier-2026\/\" target=\"_blank\" rel=\"noopener\"><span dir=\"auto\">se zam\u011b\u0159uj\u00ed<\/span><\/a><span dir=\"auto\">\u00a0na n\u00e1cvik spole\u010dn\u00fdch operac\u00ed zam\u011b\u0159en\u00fdch na zaji\u0161t\u011bn\u00ed bezpe\u010dnosti n\u00e1mo\u0159n\u00ed plavby a ekonomick\u00fdch aktivit a tak\u00e9 na prohlouben\u00ed spolupr\u00e1ce BRICS+ v t\u00e9to oblasti.<\/span><\/p>\n<p><span dir=\"auto\">P\u016fvodn\u011b byla n\u00e1mo\u0159n\u00ed cvi\u010den\u00ed BRICS napl\u00e1nov\u00e1na na listopad 2025 ve vod\u00e1ch u provincie Z\u00e1padn\u00ed Kapsko. Jihoafrick\u00e1 republika se je v\u0161ak v z\u00e1\u0159\u00ed rozhodla odlo\u017eit kv\u016fli summitu G20 v Johannesburgu. V listopadu rusk\u00fd velvyslanec v Jihoafrick\u00e9 republice nazna\u010dil, \u017ee man\u00e9vry se uskute\u010dn\u00ed za\u010d\u00e1tkem roku 2026.<\/span><\/p>\n<p><span dir=\"auto\">D\u0159\u00edve se cvi\u010den\u00ed konala za \u00fa\u010dasti \u010dlensk\u00fdch zem\u00ed \u201ep\u016fvodn\u00ed BRICS\u201c (Braz\u00edlie, Rusko, Indie, \u010c\u00edna a Jihoafrick\u00e1 republika): prvn\u00ed man\u00e9vry se konaly v listopadu 2019, druh\u00e9 v \u00fanoru\u2013b\u0159eznu 2023 u pob\u0159e\u017e\u00ed provincie KwaZulu-Natal.<\/span><\/p>\n<p><em><span dir=\"auto\">od\u00a0<\/span><a href=\"https:\/\/afrinz.ru\/fr\/2026\/01\/des-exercices-navals-des-brics-avec-la-participation-de-la-russie-ont-debute-en-afrique-du-sud\/\"><strong><span dir=\"auto\">Marie Safonov\u00e9<\/span><\/strong><\/a><\/em><\/p>\n<p>&nbsp;<\/p>\n","protected":false},"excerpt":{"rendered":"<p>Spole\u010dn\u00e1 n\u00e1mo\u0159n\u00ed cvi\u010den\u00ed zem\u00ed BRICS+ s n\u00e1zvem \u201eV\u016fle k m\u00edru\u201c za \u00fa\u010dasti Ruska, \u010c\u00edny a&#8230;<\/p>\n","protected":false},"author":2,"featured_media":96672,"comment_status":"closed","ping_status":"closed","sticky":false,"template":"","format":"standard","meta":[],"categories":[7],"tags":[1161,304,900],"_links":{"self":[{"href":"https:\/\/www.infokuryr.cz\/n\/wp-json\/wp\/v2\/posts\/96671"}],"collection":[{"href":"https:\/\/www.infokuryr.cz\/n\/wp-json\/wp\/v2\/posts"}],"about":[{"href":"https:\/\/www.infokuryr.cz\/n\/wp-json\/wp\/v2\/types\/post"}],"author":[{"embeddable":true,"href":"https:\/\/www.infokuryr.cz\/n\/wp-json\/wp\/v2\/users\/2"}],"replies":[{"embeddable":true,"href":"https:\/\/www.infokuryr.cz\/n\/wp-json\/wp\/v2\/comments?post=96671"}],"version-history":[{"count":0,"href":"https:\/\/www.infokuryr.cz\/n\/wp-json\/wp\/v2\/posts\/96671\/revisions"}],"wp:featuredmedia":[{"embeddable":true,"href":"https:\/\/www.infokuryr.cz\/n\/wp-json\/wp\/v2\/media\/96672"}],"wp:attachment":[{"href":"https:\/\/www.infokuryr.cz\/n\/wp-json\/wp\/v2\/media?parent=96671"}],"wp:term":[{"taxonomy":"category","embeddable":true,"href":"https:\/\/www.infokuryr.cz\/n\/wp-json\/wp\/v2\/categories?post=96671"},{"taxonomy":"post_tag","embeddable":true,"href":"https:\/\/www.infokuryr.cz\/n\/wp-json\/wp\/v2\/tags?post=96671"}],"curies":[{"name":"wp","href":"https:\/\/api.w.org\/{rel}","templated":true}]}}