{"id":96665,"date":"2026-01-12T00:17:28","date_gmt":"2026-01-11T23:17:28","guid":{"rendered":"https:\/\/www.infokuryr.cz\/n\/?p=96665"},"modified":"2026-01-11T12:06:58","modified_gmt":"2026-01-11T11:06:58","slug":"venezuela-kancler-ivan-gil-a-maduruv-syn-poskytli-podrobnosti-o-americkem-utoku","status":"publish","type":"post","link":"https:\/\/www.infokuryr.cz\/n\/2026\/01\/12\/venezuela-kancler-ivan-gil-a-maduruv-syn-poskytli-podrobnosti-o-americkem-utoku\/","title":{"rendered":"Venezuela: Kancl\u00e9\u0159 Iv\u00e1n Gil a Madur\u016fv syn poskytli podrobnosti o americk\u00e9m \u00fatoku"},"content":{"rendered":"<div id=\"fb-root\"><\/div>\n<p><span dir=\"auto\">Ti z n\u00e1s, kte\u0159\u00ed se mohli z\u00fa\u010dastnit sch\u016fze svolan\u00e9 na tento \u010dtvrtek Antifa\u0161istickou internacion\u00e1lou, se dozv\u011bd\u011bli informace, kter\u00e9 dosud nebyly zve\u0159ejn\u011bny. Venezuelsk\u00fd ministr zahrani\u010d\u00ed a syn prezidenta Nicol\u00e1se Madura odhalil podrobnosti o vojensk\u00e9m \u00fatoku, pou\u017eit\u00ed elektromagnetick\u00e9 technologie, \u00fanosu hlavy st\u00e1tu a rozsahu poru\u0161en\u00ed mezin\u00e1rodn\u00edho pr\u00e1va.<\/span><\/p>\n<p><span dir=\"auto\">B\u011bhem videokonference poskytli kancl\u00e9\u0159 Bol\u00edvari\u00e1nsk\u00e9 republiky Venezuela Iv\u00e1n Gil a Nicol\u00e1s Maduro Guerra, syn prezidenta Nicol\u00e1se Madura, d\u016fle\u017eit\u00e9 podrobnosti o situaci, kterou zem\u011b proch\u00e1z\u00ed, a odsoudili prob\u00edhaj\u00edc\u00ed vojenskou agresi, \u00fanos hlavy st\u00e1tu a otev\u0159en\u00e9 poru\u0161ov\u00e1n\u00ed mezin\u00e1rodn\u00edho pr\u00e1va.<\/span><\/p>\n<p><span dir=\"auto\">Podle Nicol\u00e1se Madura Guerry ofenz\u00edva za\u010dala elektromagnetick\u00fdm \u00fatokem z americk\u00e9ho letadla, kter\u00fd zcela paralyzoval opera\u010dn\u00ed kapacitu venezuelsk\u00e9ho obrann\u00e9ho syst\u00e9mu: \u201e\u00a0<\/span><em><span dir=\"auto\">Z\u016fstali jsme slep\u00ed, bez komunikace, neschopn\u00ed odp\u00e1lit jedin\u00e9 letadlo<\/span><\/em><span dir=\"auto\">\u00a0,\u201c uvedl a popsal sc\u00e9n\u00e1\u0159 tot\u00e1ln\u00ed paral\u00fdzy strategick\u00fdch syst\u00e9m\u016f zem\u011b v prvn\u00edch hodin\u00e1ch \u00fatoku. Vysv\u011btlil tak to, co je od 3. ledna neust\u00e1l\u00fdm t\u00e9matem f\u00e1m a dezinforma\u010dn\u00ed kampan\u011b: konkr\u00e9tn\u011b pro\u010d protivzdu\u0161n\u00e1 obrana selhala a pro\u010d letadla nevzl\u00e9tla k proti\u00fatoku. \u201e\u00a0<\/span><em><span dir=\"auto\">I kdyby to ud\u011blala, dnes bychom jist\u011b na\u0159\u00edkali, \u017ee na\u0161e letadla byla sest\u0159elena<\/span><\/em><span dir=\"auto\">\u00a0,\u201c prohl\u00e1sili \u00fa\u010dastn\u00edci videokonference.<\/span><\/p>\n<p><span dir=\"auto\">V t\u00e9to souvislosti potvrdili, \u017ee 3. ledna zem\u0159elo v p\u0159\u00edm\u00e9m d\u016fsledku t\u00e9to agrese v\u00edce ne\u017e 100 lid\u00ed, v\u010detn\u011b civilist\u016f a vojensk\u00e9ho person\u00e1lu. Mezi mrtv\u00fdmi byli i kub\u00e1n\u0161t\u00ed bojovn\u00edci, kte\u0159\u00ed plnili koopera\u010dn\u00ed mise, jak vypl\u00fdv\u00e1 z prvn\u00edch ofici\u00e1ln\u00edch prohl\u00e1\u0161en\u00ed venezuelsk\u00e9ho ministerstva vnitra.<\/span><\/p>\n<p><span dir=\"auto\">Ministr zahrani\u010d\u00ed Iv\u00e1n Gil kategoricky odm\u00edtl jak\u00e9koli n\u00e1znaky mocensk\u00e9ho vakua. Prohl\u00e1sil, \u017ee prezident nechyb\u00ed, \u017ee Nicol\u00e1s Maduro \u017eije, \u017ee z\u016fst\u00e1v\u00e1 legitimn\u00edm prezidentem Venezuely a \u017ee byl unesen. Tvrdil, \u017ee tyto ud\u00e1losti p\u0159edstavuj\u00ed zahrani\u010dn\u00ed invazi, kter\u00e1 poru\u0161uje ve\u0161ker\u00e1 pravidla mezin\u00e1rodn\u00edho pr\u00e1va a multilater\u00e1ln\u00ed dohody, jejich\u017e c\u00edlem je zabr\u00e1nit glob\u00e1ln\u00ed v\u00e1lce.<\/span><\/p>\n<p><span dir=\"auto\">Maduro Guerra poskytl dal\u0161\u00ed podrobnosti o na\u010dasov\u00e1n\u00ed \u00fanosu. Vypr\u00e1v\u011bl, \u017ee prezident a jeho man\u017eelka Cilia Floresov\u00e1 odpo\u010d\u00edvali ve sv\u00e9 rezidenci (Maduro nespal, ale sed\u011bl v k\u0159esle a pil ovocnou \u0161\u0165\u00e1vu), kdy\u017e americk\u00e9 s\u00edly vyhodily do vzduchu d\u0159ev\u011bn\u00e9 dve\u0159e lo\u017enice. Tato exploze \u00fadajn\u011b zp\u016fsobila zran\u011bn\u00ed prvn\u00ed d\u00e1my. A\u010dkoli Floresov\u00e1 nebyla sou\u010d\u00e1st\u00ed p\u016fvodn\u00edho c\u00edle operace, trvala na tom, \u017ee prezidenta doprovod\u00ed.<\/span><\/p>\n<p><span dir=\"auto\">Madur\u016fv syn tak\u00e9 uvedl, \u017ee jeho otec a Cilia byli se dv\u011bma bl\u00edzk\u00fdmi spolupracovn\u00edky, co\u017e umo\u017enilo z\u00edskat v\u00edce podrobnost\u00ed.<\/span><\/p>\n<p><span dir=\"auto\">Podle jejich sv\u011bdectv\u00ed byl Nicol\u00e1s Maduro odveden, ani\u017e by dal najevo, \u017ee se vzd\u00e1v\u00e1, a k\u0159i\u010del: \u201e\u00a0<\/span><em><span dir=\"auto\">Poj\u010fme do boje, poj\u010fme do boje<\/span><\/em><span dir=\"auto\">\u00a0.\u201c Pro venezuelsk\u00e9 \u00fa\u0159ady je tato sc\u00e9na v rozporu s mezin\u00e1rodn\u00edm narativem, kter\u00fd se sna\u017e\u00ed prezentovat situaci jako vnit\u0159n\u00ed krizi, zat\u00edmco ve skute\u010dnosti jde o \u00fanos prezidenta po zahrani\u010dn\u00ed vojensk\u00e9 operaci.<\/span><\/p>\n<p><span dir=\"auto\">Pokud jde o spr\u00e1vu zem\u011b, bylo uvedeno, \u017ee v\u0161echna opat\u0159en\u00ed, kter\u00e1 se dnes zav\u00e1d\u011bj\u00ed, jsou v souladu s ak\u010dn\u00edmi pl\u00e1ny, kter\u00e9 zanechal s\u00e1m prezident Nicol\u00e1s Maduro, a \u017ee Delcy Rodr\u00edguezov\u00e1 vede jejich implementaci. V t\u00e9to souvislosti bylo vysv\u011btleno, \u017ee rozhodnut\u00ed, jako je prodej nashrom\u00e1\u017ed\u011bn\u00fdch ropn\u00fdch z\u00e1sob spole\u010dnosti Chevron, prezident p\u0159ijal je\u0161t\u011b p\u0159ed sv\u00fdm \u00fanosem, \u010d\u00edm\u017e vyvr\u00e1til tvrzen\u00ed o improvizaci nebo zahrani\u010dn\u00edm vm\u011b\u0161ov\u00e1n\u00ed. \u201e\u00a0<\/span><em><span dir=\"auto\">Pokra\u010dujeme v pln\u011bn\u00ed pokyn\u016f m\u00e9ho otce<\/span><\/em><span dir=\"auto\">\u00a0,\u201c \u0159ekl prezident\u016fv syn a dodal, \u017ee je p\u0159esv\u011bd\u010den, \u017ee se Maduro a Cilia velmi brzy vr\u00e1t\u00ed do zem\u011b. N\u011bkolikr\u00e1t tak\u00e9 zopakoval, \u017ee on a cel\u00fd vedouc\u00ed t\u00fdm \u201e\u00a0<\/span><em><span dir=\"auto\">jsou s prezidentkou Delcy Rodr\u00edguezovou v naprost\u00e9m souladu; nejen\u017ee ji podporujeme, ale jsme v naprost\u00e9 shod\u011b, jsme jedno<\/span><\/em><span dir=\"auto\">\u00a0.\u201c<\/span><\/p>\n<p><span dir=\"auto\">Venezuelsk\u00e9 \u00fa\u0159ady nakonec vyzvaly k ukon\u010den\u00ed v\u00e1le\u010dn\u00e9 propagandy agresora a nal\u00e9haly na ve\u0159ejnost, aby naslouchala v\u00fdhradn\u011b legitimn\u00edm org\u00e1n\u016fm zem\u011b. Souhlasily s t\u00edm, \u017ee Venezuela se stala ter\u010dem p\u0159\u00edm\u00e9ho vojensk\u00e9ho \u00fatoku, a varovaly, \u017ee z\u00e1va\u017enost situace stav\u00ed tento konflikt do dimenze, kter\u00e1 p\u0159esahuje st\u00e1tn\u00ed hranice.<\/span><\/p>\n<p><span dir=\"auto\">\u00da\u010dastn\u00edci setk\u00e1n\u00ed Antifa\u0161istick\u00e9 internacion\u00e1ly odsoudili poru\u0161ov\u00e1n\u00ed mezin\u00e1rodn\u00edho pr\u00e1va, obh\u00e1jili \u00fastavn\u00ed po\u0159\u00e1dek a potvrdili svou podporu prezidentu Madurovi.<\/span><\/p>\n<p><span dir=\"auto\">Venezuelsk\u00e9 \u00fa\u0159ady odsoudily uplat\u0148ov\u00e1n\u00ed principu \u201e\u00a0<\/span><em><span dir=\"auto\">mocn\u011bj\u0161\u00ed d\u011bl\u00e1 pr\u00e1vo<\/span><\/em><span dir=\"auto\">\u00a0\u201c a varovaly p\u0159ed situac\u00ed ve sv\u011bt\u011b, kdy neexistuje pr\u00e1vn\u00ed obrana proti Spojen\u00fdm st\u00e1t\u016fm.<\/span><\/p>\n<p><span dir=\"auto\">Venezuelsk\u00fd kancl\u00e9\u0159 Iv\u00e1n Gil b\u011bhem sv\u00e9ho projevu uvedl, \u017ee zem\u011b je povinna z\u00e1kon br\u00e1nit a dodr\u017eovat, a varoval, \u017ee jeho poru\u0161ov\u00e1n\u00ed se net\u00fdk\u00e1 pouze Venezuely, ale m\u016f\u017ee se roz\u0161\u00ed\u0159it na jak\u00fdkoli n\u00e1rod.<\/span><\/p>\n<p><span dir=\"auto\">Gilles argumentoval, \u017ee nem\u016f\u017eeme dopustit, aby sv\u011bt z\u016fstal bez pr\u00e1vn\u00ed obrany, ani nem\u016f\u017eeme dovolit, aby byl vnucov\u00e1n z\u00e1kon nejsiln\u011bj\u0161\u00edho. Prohl\u00e1sil, \u017ee prezident Nicolas Maduro a soudruh Cilia Flores \u201e\u00a0<\/span><em><span dir=\"auto\">budou symbolem tohoto v\u00edt\u011bzstv\u00ed<\/span><\/em><span dir=\"auto\">\u00a0\u201c.<\/span><\/p>\n<p><span dir=\"auto\">Zd\u016fraznil, \u017ee venezuelsk\u00e1 \u00fastava, Bol\u00edvari\u00e1nsk\u00e9 n\u00e1rodn\u00ed ozbrojen\u00e9 s\u00edly a mobilizovan\u00fd lid budou schopni d\u016fstojn\u011b br\u00e1nit principy pr\u00e1vn\u00edho st\u00e1tu v souladu s t\u00edm, co vyj\u00e1d\u0159ila prozat\u00edmn\u00ed prezidentka Delcy Rodriguezov\u00e1.<\/span><\/p>\n<p><span dir=\"auto\">Kancl\u00e9\u0159 poznamenal, \u017ee v\u0161echny sektory ve\u0159ejn\u00e9 moci zem\u011b se shoduj\u00ed ve sv\u00e9 politick\u00e9 jednot\u011b a pokra\u010duj\u00edc\u00ed mobilizaci s venezuelsk\u00fdm lidem. Tato koordinace se neomezuje pouze na pr\u00e1vn\u00ed \u010di administrativn\u00ed sf\u00e9ru, ale projevuje se i v ulic\u00edch, kde se po\u017eaduje dodr\u017eov\u00e1n\u00ed mezin\u00e1rodn\u00edho pr\u00e1va a \u00fastavy.<\/span><\/p>\n<p><span dir=\"auto\">Gil informuje, \u017ee Nejvy\u0161\u0161\u00ed soud vydal z\u00e1vazn\u00e9 rozhodnut\u00ed, kter\u00e9 fakticky zakotvil soci\u00e1ln\u00ed st\u00e1t pr\u00e1va a spravedlnosti zakotven\u00fd v \u00fastav\u011b. Toto rozhodnut\u00ed uzn\u00e1v\u00e1 Nicol\u00e1se Madura Morose za jedin\u00e9ho \u00fastavn\u00edho prezidenta Bol\u00edvari\u00e1nsk\u00e9 republiky Venezuela.<\/span><\/p>\n<p><span dir=\"auto\">B\u011bhem tohoto setk\u00e1n\u00ed z\u00e1stupce ministra Latinsk\u00e9 Ameriky, tajemn\u00edk a v\u00fdkonn\u00fd tajemn\u00edk Alba-TCP Rander Pe\u00f1a Ram\u00edrez potvrdil, \u017ee obrana Bol\u00edvari\u00e1nsk\u00e9 revoluce je obranou cel\u00e9ho lidstva.<\/span><\/p>\n<p><span dir=\"auto\">\u0158ekl, \u017ee ot\u00e1zkou do budoucna bude, co ud\u011blaj\u00ed latinskoameri\u010dt\u00ed l\u00edd\u0159i po ud\u00e1lostech z r\u00e1na 3. ledna. Krom\u011b pochopen\u00ed fakt\u016f je nezbytn\u00e9 definovat kroky, kter\u00e9 je t\u0159eba podniknout v nadch\u00e1zej\u00edc\u00edch dnech, zd\u016fraznil.<\/span><\/p>\n<p><span dir=\"auto\">Na mezin\u00e1rodn\u00edm antifa\u0161istick\u00e9m setk\u00e1n\u00ed odsoudil poslanec Venezuelsk\u00e9ho n\u00e1rodn\u00edho shrom\u00e1\u017ed\u011bn\u00ed Nicol\u00e1s Maduro Guerra \u201e\u00a0<\/span><em><span dir=\"auto\">hrub\u00e9<\/span><\/em><span dir=\"auto\">\u00a0\u201c poru\u0161en\u00ed n\u00e1rodn\u00ed suverenity a imunity venezuelsk\u00e9ho st\u00e1tu.<\/span><\/p>\n<p><span dir=\"auto\">Kongresman tvrdil, \u017ee b\u011bhem americk\u00e9 agrese za \u00fasvitu 3. ledna bylo pou\u017eito v\u00edce ne\u017e 150 letadel a byly neutralizov\u00e1ny radary, \u010d\u00edm\u017e zem\u011b z\u016fstala bez detek\u010dn\u00edch schopnost\u00ed.<\/span><\/p>\n<p><span dir=\"auto\">Podle n\u011bj tento \u00fatok zahrnoval pou\u017eit\u00ed letadla schopn\u00e9ho vyza\u0159ovat elektromagnetickou vlnu, kter\u00e1 ovlivnila obrann\u00fd syst\u00e9m.<\/span><\/p>\n<p><span dir=\"auto\">Maduro Guerra nazna\u010dil, \u017ee za t\u011bchto podm\u00ednek nebylo mo\u017en\u00e9 p\u0159im\u011bt letadla ke vzletu, ale pokud by se tak stalo, byla by sest\u0159elena.<\/span><\/p>\n<p><span dir=\"auto\">Dodal, \u017ee \u00fatok si vy\u017e\u00e1dal v\u00edce ne\u017e 100 ob\u011bt\u00ed mezi civilisty a voj\u00e1ky.<\/span><\/p>\n<p><span dir=\"auto\">Tak\u00e9 vzdal hold 32 kub\u00e1nsk\u00fdm bojovn\u00edk\u016fm a p\u0159\u00edslu\u0161n\u00edk\u016fm Bol\u00edvari\u00e1nsk\u00fdch n\u00e1rodn\u00edch ozbrojen\u00fdch sil, kte\u0159\u00ed podle n\u011bj zem\u0159eli v boji \u201e\u00a0<\/span><em><span dir=\"auto\">a\u017e do posledn\u00ed vte\u0159iny<\/span><\/em><span dir=\"auto\">\u00a0\u201c p\u0159i obran\u011b prezidenta Nicol\u00e1se Madura.<\/span><\/p>\n<p><span dir=\"auto\">Maduro Guerra vyzval k podpo\u0159e mezin\u00e1rodn\u00edho spole\u010denstv\u00ed a zd\u016fraznil pot\u0159ebu vyhr\u00e1t bitvu o ve\u0159ejn\u00e9 m\u00edn\u011bn\u00ed: \u201e\u00a0<\/span><em><span dir=\"auto\">\u017d\u00e1d\u00e1m o pomoc sv\u011bt, tento sv\u011bt, kter\u00fd n\u00e1m naslouch\u00e1<\/span><\/em><span dir=\"auto\">\u00a0,\u201c \u0159ekl a trval na d\u016fle\u017eitosti zviditeln\u011bn\u00ed toho, co se stalo, a budov\u00e1n\u00ed mezin\u00e1rodn\u00ed podpory.<\/span><\/p>\n<p><span dir=\"auto\">Poslanec vykreslil osobn\u00ed profil prezidenta Nicol\u00e1se Madura, kter\u00e9ho popsal jako \u201e\u00a0<\/span><em><span dir=\"auto\">dobr\u00e9ho a pokorn\u00e9ho mu\u017ee<\/span><\/em><span dir=\"auto\">\u00a0\u201c, syna ekonoma a \u017eeny v dom\u00e1cnosti, bratra t\u0159\u00ed pracuj\u00edc\u00edch \u017een, otce a d\u011bde\u010dka 17 vnou\u010dat.<\/span><\/p>\n<p><span dir=\"auto\">Poslanec se tak\u00e9 vyj\u00e1d\u0159il jm\u00e9nem rodin t\u011bch, kte\u0159\u00ed ho dnes v t\u00e9to situaci, jak \u0159\u00edk\u00e1, podporuj\u00ed.<\/span><\/p>\n<p><span dir=\"auto\">Maduro Guerra vypr\u00e1v\u011bl, \u017ee v dob\u011b ud\u00e1lost\u00ed prezident odpo\u010d\u00edval ve sv\u00e9 rezidenci a neukr\u00fdval se v bezpe\u010dnostn\u00edm za\u0159\u00edzen\u00ed.<\/span><\/p>\n<p><span dir=\"auto\">Ti, kte\u0159\u00ed operaci vedli, pomoc\u00ed v\u00fdbu\u0161nin vylomili d\u0159ev\u011bn\u00e9 dve\u0159e. P\u0159edpokl\u00e1d\u00e1 se, \u017ee v tomto okam\u017eiku byla zran\u011bna prvn\u00ed bojovnice, Cilia Floresov\u00e1.<\/span><\/p>\n<p><span dir=\"auto\">P\u0159ipustil, \u017ee v dob\u011b ud\u00e1lost\u00ed podcenil rozsah obvin\u011bn\u00ed a nikdy si nep\u0159edstavoval operaci tohoto druhu. Prohl\u00e1sil, \u017ee to byla zrada proveden\u00e1 p\u0159ekvapiv\u011b.<\/span><\/p>\n<p><span dir=\"auto\">Pozd\u011bji varoval, \u017ee to, co se stalo, mohlo b\u00fdt zkou\u0161kou v\u011bt\u0161\u00edch \u010din\u016f a \u017ee lidstvo pot\u0159ebuje zn\u00e1t tato fakta, proto\u017ee p\u0159edstavuj\u00ed hrozbu, kter\u00e1 p\u0159esahuje hranice Venezuely.<\/span><\/p>\n<p><em><span dir=\"auto\">Zdroj: <\/span><a title=\"\" href=\"https:\/\/www.resumenlatinoamericano.org\/2026\/01\/08\/el-canciller-de-venezuela-y-el-hijo-de-maduro-reunidos-con-cientos-de-militantes-de-la-internacional-antifascista-dieron-detalles-del-ataque-electromagnetico-durante-la-invasion\/\" target=\"_blank\" rel=\"noopener\"><span dir=\"auto\">Resumen Latinoamericano<\/span><\/a><span dir=\"auto\">\u00a0<\/span><\/em><\/p>\n<p>&nbsp;<\/p>\n","protected":false},"excerpt":{"rendered":"<p>Ti z n\u00e1s, kte\u0159\u00ed se mohli z\u00fa\u010dastnit sch\u016fze svolan\u00e9 na tento \u010dtvrtek Antifa\u0161istickou internacion\u00e1lou, se&#8230;<\/p>\n","protected":false},"author":2,"featured_media":96666,"comment_status":"closed","ping_status":"closed","sticky":false,"template":"","format":"standard","meta":[],"categories":[7],"tags":[1079,1508,37,723,181],"_links":{"self":[{"href":"https:\/\/www.infokuryr.cz\/n\/wp-json\/wp\/v2\/posts\/96665"}],"collection":[{"href":"https:\/\/www.infokuryr.cz\/n\/wp-json\/wp\/v2\/posts"}],"about":[{"href":"https:\/\/www.infokuryr.cz\/n\/wp-json\/wp\/v2\/types\/post"}],"author":[{"embeddable":true,"href":"https:\/\/www.infokuryr.cz\/n\/wp-json\/wp\/v2\/users\/2"}],"replies":[{"embeddable":true,"href":"https:\/\/www.infokuryr.cz\/n\/wp-json\/wp\/v2\/comments?post=96665"}],"version-history":[{"count":0,"href":"https:\/\/www.infokuryr.cz\/n\/wp-json\/wp\/v2\/posts\/96665\/revisions"}],"wp:featuredmedia":[{"embeddable":true,"href":"https:\/\/www.infokuryr.cz\/n\/wp-json\/wp\/v2\/media\/96666"}],"wp:attachment":[{"href":"https:\/\/www.infokuryr.cz\/n\/wp-json\/wp\/v2\/media?parent=96665"}],"wp:term":[{"taxonomy":"category","embeddable":true,"href":"https:\/\/www.infokuryr.cz\/n\/wp-json\/wp\/v2\/categories?post=96665"},{"taxonomy":"post_tag","embeddable":true,"href":"https:\/\/www.infokuryr.cz\/n\/wp-json\/wp\/v2\/tags?post=96665"}],"curies":[{"name":"wp","href":"https:\/\/api.w.org\/{rel}","templated":true}]}}