{"id":96659,"date":"2026-01-12T00:14:15","date_gmt":"2026-01-11T23:14:15","guid":{"rendered":"https:\/\/www.infokuryr.cz\/n\/?p=96659"},"modified":"2026-01-11T11:34:42","modified_gmt":"2026-01-11T10:34:42","slug":"mercedes-presouva-vyrobu-do-madarska-o-praci-prijde-20-000-nemcu","status":"publish","type":"post","link":"https:\/\/www.infokuryr.cz\/n\/2026\/01\/12\/mercedes-presouva-vyrobu-do-madarska-o-praci-prijde-20-000-nemcu\/","title":{"rendered":"Mercedes p\u0159esouv\u00e1 v\u00fdrobu do Ma\u010farska, o pr\u00e1ci p\u0159ijde 20 000 N\u011bmc\u016f"},"content":{"rendered":"<div id=\"fb-root\"><\/div>\n<h3 class=\"s-tagline fw-tagline\"><span dir=\"auto\">P\u00e9ter tak\u00e9 v prosinci lo\u0148sk\u00e9ho roku ozn\u00e1mil roz\u0161\u00ed\u0159en\u00ed tov\u00e1rny Rheinmetall v Szegedu<\/span><\/h3>\n<p><span dir=\"auto\">Dal\u0161\u00ed velkou ranou pro n\u011bmeck\u00fd automobilov\u00fd trh pr\u00e1ce je ozn\u00e1men\u00ed spole\u010dnosti Mercedes, \u017ee p\u0159esune v\u00fdrobu sv\u00e9 t\u0159\u00eddy A z n\u011bmeck\u00e9ho Rastattu do ma\u010farsk\u00e9ho Kecskem\u00e9tu. Zat\u00edmco ma\u010farsk\u00fd ministr zahrani\u010d\u00ed si u\u017e\u00edv\u00e1 v\u00edt\u011bzstv\u00ed, nejv\u011bt\u0161\u00ed n\u011bmeck\u00e1 opozi\u010dn\u00ed strana ost\u0159e kritizuje vl\u00e1du, jeliko\u017e se objevuj\u00ed st\u00e1le v\u011bt\u0161\u00ed zn\u00e1mky toho, \u017ee n\u011bmeck\u00fd automobilov\u00fd trh kol\u00eds\u00e1.<\/span><\/p>\n<p><span dir=\"auto\">Ministr obchodu P\u00e9ter Szijj\u00e1rt\u00f3 ofici\u00e1ln\u011b potvrdil krok Mercedesu, p\u00ed\u0161e\u00a0<\/span><a href=\"https:\/\/www.budapester.hu\/unternehmen\/mercedes-benz-drittes-modell-fuer-kecskemet\/\"><span dir=\"auto\">Budapester<\/span><\/a><span dir=\"auto\">\u00a0.<\/span><\/p>\n<p><span dir=\"auto\">Szijj\u00e1rt\u00f3 p\u0159ipsal \u00fasp\u011bch \u201ehospod\u00e1\u0159sk\u00e9 politice zalo\u017een\u00e9 na zdrav\u00e9m rozumu a stabiln\u00ed vl\u00e1d\u011b, kter\u00e1 neust\u00e1le p\u0159itahuje nov\u00e9 investi\u010dn\u00ed projekty od glob\u00e1ln\u00edch spole\u010dnost\u00ed v Americe, Asii a dokonce i v N\u011bmecku\u201c.<\/span><\/p>\n<p><span dir=\"auto\">V N\u011bmecku se v\u0161ak tato zpr\u00e1va nesetk\u00e1v\u00e1 s v\u00edt\u00e1n\u00edm a strana Alternativa pro N\u011bmecko (AfD) poukazuje na zoufalou ekonomickou situaci, kter\u00e9 zem\u011b \u010del\u00ed.<\/span><\/p>\n<p><span dir=\"auto\">\u201eMercedes-Benz je po cel\u00e1 desetilet\u00ed symbolem n\u011bmeck\u00e9 in\u017een\u00fdrsk\u00e9 dokonalosti a n\u011bmeck\u00e9ho hospod\u00e1\u0159sk\u00e9ho vzestupu. P\u0159esto, stejn\u011b jako mnoho jin\u00fdch automobilek, spole\u010dnost v N\u011bmecku propou\u0161t\u00ed pracovn\u00ed m\u00edsta a roz\u0161i\u0159uje se do dal\u0161\u00edch zem\u00ed. V d\u016fsledku toho se ve\u0161ker\u00e1 v\u00fdroba t\u0159\u00eddy A p\u0159esouv\u00e1 do Ma\u010farska. O\u010dek\u00e1v\u00e1 se, \u017ee v d\u016fsledku toho p\u0159ijde o pr\u00e1ci 20 000 zam\u011bstnanc\u016f,\u201c napsal politik AfD Christian Abel na X.<\/span><\/p>\n<p><span dir=\"auto\">\u201eToto je p\u0159\u00edm\u00fd d\u016fsledek zelen\u00e9 klimatick\u00e9 a energetick\u00e9 politiky Friedricha Merze. Aby se N\u011bmecko op\u011bt stalo atraktivn\u00ed pr\u016fmyslovou lokalitou, je zapot\u0159eb\u00ed skute\u010dn\u00fd obrat v hospod\u00e1\u0159sk\u00e9 politice prost\u0159ednictv\u00edm ukon\u010den\u00ed energetick\u00e9 transformace, z\u00e1kazu spalovac\u00edch motor\u016f, zru\u0161en\u00ed emisn\u00edch limit\u016f pro vozov\u00fd park a odstran\u011bn\u00ed st\u00e1tem na\u0159\u00edzen\u00fdch po\u017eadavk\u016f na pod\u00e1v\u00e1n\u00ed zpr\u00e1v. Pokud to v r\u00e1mci EU nen\u00ed mo\u017en\u00e9, mus\u00ed N\u011bmecko v\u00e1\u017en\u011b zv\u00e1\u017eit Dexit,\u201c napsal.<\/span><\/p>\n<p><span dir=\"auto\">Jeho posledn\u00ed koment\u00e1\u0159 se uk\u00e1zal jako kontroverzn\u00ed v samotn\u00e9 AfD, kde hlavn\u00ed postoj strany byl, \u017ee Dexit nebude zva\u017eov\u00e1n. V roce 2024 se objevily zpr\u00e1vy, \u017ee spolup\u0159edsedkyn\u011b AfD Weidelov\u00e1 zcela vylou\u010dila mo\u017enost Dexitu, neboli odchodu N\u011bmecka z EU.<\/span><\/p>\n<p><span dir=\"auto\">Nicm\u00e9n\u011b v roce 2023 zem\u011b ztratila ohromuj\u00edc\u00edch\u00a0\u00a0<\/span><a href=\"https:\/\/rmx.news\/germany\/germany-loses-120000-manufacturing-employees-in-just-1-year\/\"><span dir=\"auto\">120 000 pracovn\u00edch m\u00edst ve v\u00fdrob\u011b<\/span><\/a><span dir=\"auto\"> , co\u017e zd\u016fraz\u0148uje v\u00e1\u017en\u00e9 probl\u00e9my.<\/span><\/p>\n<p><span dir=\"auto\">Ma\u010farsko, kter\u00e9 je ji\u017e nyn\u00ed v\u00fdznamn\u00fdm v\u00fdrobn\u00edm centrem n\u011bmeck\u00fdch automobilek, se nyn\u00ed chyst\u00e1 na expanzi. V\u00fdroba t\u0159\u00eddy A by m\u011bla v z\u00e1vod\u011b v Kecskem\u00e9tu za\u010d\u00edt ji\u017e ve druh\u00e9m \u010dtvrtlet\u00ed a pokra\u010dovat by m\u011bla a\u017e do roku 2028.<\/span><\/p>\n<p><span dir=\"auto\">\u201eMa\u010farsko prokazuje ekonomickou genialitu v dob\u011b, kdy cel\u00e1 Evropa trp\u00ed n\u00e1sledky v\u00e1lky na Ukrajin\u011b a myln\u00e9 politiky \u00fast\u0159ed\u00ed EU v Bruselu,\u201c napsal Szijj\u00e1rt\u00f3 na soci\u00e1ln\u00edch s\u00edt\u00edch.<\/span><\/p>\n<p><span dir=\"auto\">Rozhodnut\u00ed Mercedesu dokazuje, \u017ee investo\u0159i oce\u0148uj\u00ed politickou stabilitu Ma\u010farska, n\u00edzk\u00e9 dan\u011b a vysoce kvalifikovanou pracovn\u00ed s\u00edlu, p\u0159i\u010dem\u017e z\u00e1vod v Kecskem\u00e9tu je jeho nejv\u011bt\u0161\u00edm v\u00fdrobn\u00edm z\u00e1vodem v Evrop\u011b; v\u011bt\u0161\u00ed kapacitu m\u00e1 skupina pouze v \u010c\u00edn\u011b, poznamen\u00e1v\u00e1 Budapester.<\/span><\/p>\n<p><span dir=\"auto\">Mercedes, kter\u00fd byl v roce 2024 jmenov\u00e1n \u201enejatraktivn\u011bj\u0161\u00edm zam\u011bstnavatelem\u201c, nyn\u00ed v Ma\u010farsku p\u0159\u00edmo zam\u011bstn\u00e1v\u00e1 v\u00edce ne\u017e 5 000 lid\u00ed.<\/span><\/p>\n<p><span dir=\"auto\">V \u0159\u00edjnu 2024 z\u00e1vod oslavil miln\u00edk 2 milion\u016f vyroben\u00fdch vozidel; v budoucnu bude z\u00e1vod schopen vyr\u00e1b\u011bt jak automobily se spalovac\u00edm motorem, tak i plug-in hybridy a pln\u011b elektrick\u00e1 vozidla.<\/span><\/p>\n<p><span dir=\"auto\">Mercedes tak\u00e9 z\u0159izuje sv\u00e9 prvn\u00ed v\u00fdzkumn\u00e9 a v\u00fdvojov\u00e9 centrum v Ma\u010farsku. S p\u0159esunem v\u00fdroby t\u0159\u00eddy A nyn\u00ed n\u011bmeck\u00e1 automobilka sv\u011b\u0159uje Ma\u010far\u016fm v\u00fdrobu t\u0159\u00ed model\u016f, proto\u017ee elektrick\u00fd GLB a nov\u00e1 t\u0159\u00edda C se ji\u017e v Kecskem\u00e9tu vyr\u00e1b\u011bly.<\/span><\/p>\n<p><span dir=\"auto\">V prosinci lo\u0148sk\u00e9ho roku Szijj\u00e1rt\u00f3 tak\u00e9\u00a0<\/span><a href=\"https:\/\/www.facebook.com\/szijjarto.peter.official\/posts\/szeged-elk%C3%A9sz%C3%BClt-a-rheinmetall-%C3%BAj-csarnoka-ami-t%C3%B6bb-mint-h%C3%A1romsz%C3%A1z-%C3%BAj-kifejezett\/1381904970069459\/\"><span dir=\"auto\">informoval<\/span><\/a><span dir=\"auto\">\u00a0o nov\u00fdch pracovn\u00edch m\u00edstech v Seged\u00ednu, kter\u00e1 p\u0159inesla n\u011bmeck\u00e1 spole\u010dnost Rheinmetall. \u201eNov\u00e1 hala spole\u010dnosti Rheinmetall byla dokon\u010dena, co\u017e ve m\u011bst\u011b znamen\u00e1 v\u00edce ne\u017e 300 nov\u00fdch vysoce kvalifikovan\u00fdch pracovn\u00edch m\u00edst! Takov\u00e9 investice p\u0159isp\u00edvaj\u00ed k tomu, \u017ee se Ma\u010farsko st\u00e1v\u00e1 jedn\u00edm z nejd\u016fle\u017eit\u011bj\u0161\u00edch evropsk\u00fdch center pro technologie budoucnosti, a proto jsme investici n\u011bmeck\u00e9 spole\u010dnosti ve v\u00fd\u0161i 29 miliard forint\u016f podpo\u0159ili 13 miliardami forint\u016f.\u201c<\/span><\/p>\n<p><span dir=\"auto\">Z\u00e1vod bude vyr\u00e1b\u011bt high-tech komponenty pro civiln\u00ed i obrann\u00e9 aplikace se zam\u011b\u0159en\u00edm na elektromobilitu (e-mobilitu), vod\u00edkov\u00e1 vozidla a elektr\u00e1rny na obnoviteln\u00e9 zdroje energie, spolu s n\u011bkterou vojenskou elektronikou. Je to prvn\u00ed velk\u00fd z\u00e1vod spole\u010dnosti Rheinmetall mimo N\u011bmecko, kter\u00fd kombinuje civiln\u00ed a obrann\u00e9 aktivity pod jednou st\u0159echou, vytv\u00e1\u0159\u00ed pracovn\u00ed m\u00edsta a pozici Ma\u010farska jako centra pro budouc\u00ed technologie.<\/span><\/p>\n<p><img decoding=\"async\" loading=\"lazy\" class=\"alignnone size-full wp-image-1185\" src=\"http:\/\/www.infokuryr.cz\/n\/wp-content\/uploads\/2021\/04\/kuryr-podpis.png\" alt=\"\" width=\"84\" height=\"24\" \/><\/p>\n<p>&nbsp;<\/p>\n","protected":false},"excerpt":{"rendered":"<p>P\u00e9ter tak\u00e9 v prosinci lo\u0148sk\u00e9ho roku ozn\u00e1mil roz\u0161\u00ed\u0159en\u00ed tov\u00e1rny Rheinmetall v Szegedu Dal\u0161\u00ed velkou ranou&#8230;<\/p>\n","protected":false},"author":2,"featured_media":96660,"comment_status":"closed","ping_status":"closed","sticky":false,"template":"","format":"standard","meta":[],"categories":[7],"tags":[78,6678,1867],"_links":{"self":[{"href":"https:\/\/www.infokuryr.cz\/n\/wp-json\/wp\/v2\/posts\/96659"}],"collection":[{"href":"https:\/\/www.infokuryr.cz\/n\/wp-json\/wp\/v2\/posts"}],"about":[{"href":"https:\/\/www.infokuryr.cz\/n\/wp-json\/wp\/v2\/types\/post"}],"author":[{"embeddable":true,"href":"https:\/\/www.infokuryr.cz\/n\/wp-json\/wp\/v2\/users\/2"}],"replies":[{"embeddable":true,"href":"https:\/\/www.infokuryr.cz\/n\/wp-json\/wp\/v2\/comments?post=96659"}],"version-history":[{"count":0,"href":"https:\/\/www.infokuryr.cz\/n\/wp-json\/wp\/v2\/posts\/96659\/revisions"}],"wp:featuredmedia":[{"embeddable":true,"href":"https:\/\/www.infokuryr.cz\/n\/wp-json\/wp\/v2\/media\/96660"}],"wp:attachment":[{"href":"https:\/\/www.infokuryr.cz\/n\/wp-json\/wp\/v2\/media?parent=96659"}],"wp:term":[{"taxonomy":"category","embeddable":true,"href":"https:\/\/www.infokuryr.cz\/n\/wp-json\/wp\/v2\/categories?post=96659"},{"taxonomy":"post_tag","embeddable":true,"href":"https:\/\/www.infokuryr.cz\/n\/wp-json\/wp\/v2\/tags?post=96659"}],"curies":[{"name":"wp","href":"https:\/\/api.w.org\/{rel}","templated":true}]}}