{"id":96657,"date":"2026-01-12T00:12:58","date_gmt":"2026-01-11T23:12:58","guid":{"rendered":"https:\/\/www.infokuryr.cz\/n\/?p=96657"},"modified":"2026-01-11T12:44:06","modified_gmt":"2026-01-11T11:44:06","slug":"new-york-zivot-v-komunismu","status":"publish","type":"post","link":"https:\/\/www.infokuryr.cz\/n\/2026\/01\/12\/new-york-zivot-v-komunismu\/","title":{"rendered":"New York: \u017divot v komunismu"},"content":{"rendered":"<div id=\"fb-root\"><\/div>\n<p><strong><span dir=\"auto\">V New Yorku se debata o bydlen\u00ed eskaluje v ideologickou kulturn\u00ed v\u00e1lku. Cea Weaverov\u00e1, nov\u011b jmenovan\u00e1 obh\u00e1jkyn\u011b n\u00e1jemn\u00edk\u016f islamo-komunistick\u00e9ho starosty Zohrana Mamdaniho, zast\u00e1v\u00e1 zaj\u00edmav\u00e9 n\u00e1zory. Pro ni je soukrom\u00e9 vlastnictv\u00ed rasismem, a proto chce vyvlastnit b\u00edl\u00e9 lidi, aby mohla zav\u00e9st kolektivistick\u00e9 bydlen\u00ed. Chud\u00ed by m\u011bli \u017e\u00edt zdarma, financovan\u00ed t\u011bmi, kte\u0159\u00ed chod\u00ed do pr\u00e1ce.<\/span><\/strong><\/p>\n<p><span dir=\"auto\">Cea Weaverov\u00e1, dlouholet\u00e1 aktivistka a \u010dlenka Demokratick\u00fdch socialist\u016f Ameriky (Komunistick\u00e1 strana USA), vede od ledna 2026 \u00fa\u0159ad starosty pro ochranu n\u00e1jemn\u00edk\u016f. Starosta Mamdani, s\u00e1m \u010dlen DSA a hlasit\u00fd kritik v\u0161ech \u201ekapitalistick\u00fdch\u201c struktur, ji osobn\u011b jmenoval. Weaverov\u00e1 je pova\u017eov\u00e1na za zast\u00e1nkyni radik\u00e1ln\u00ed redistribuce v bytov\u00e9m sektoru a jej\u00ed minul\u00e1 prohl\u00e1\u0161en\u00ed nyn\u00ed vyvol\u00e1vaj\u00ed rozruch.<\/span><\/p>\n<p><span dir=\"auto\">V roce 2019\u00a0<\/span><a href=\"https:\/\/x.com\/libsoftiktok\/status\/2008003090650456074\" target=\"_blank\" rel=\"noreferrer noopener\"><span dir=\"auto\">Weaver tweetovala<\/span><\/a><span dir=\"auto\">\u00a0: \u201eSoukrom\u00e9 vlastnictv\u00ed, v\u010detn\u011b a ZVL\u00c1\u0160T\u011a vlastnictv\u00ed dom\u016f, je zbran\u00ed b\u00edl\u00e9 nadvl\u00e1dy maskovan\u00e9 jako ve\u0159ejn\u00e1 politika \u201abudov\u00e1n\u00ed bohatstv\u00ed\u2018.\u201c Soukrom\u00e9 vlastnictv\u00ed dom\u016f nepova\u017euje za \u00fasp\u011bch, ale za n\u00e1stroj zla, b\u00edl\u00e9 nadvl\u00e1dy. V\u00a0<\/span><a href=\"https:\/\/x.com\/EndWokeness\/status\/2008031475057439076\" target=\"_blank\" rel=\"noreferrer noopener\"><span dir=\"auto\">jin\u00e9m videu<\/span><\/a><span dir=\"auto\"> vysv\u011btlila, \u017ee p\u0159echod ke \u201ekolektivn\u00edmu dobru\u201c nam\u00edsto individu\u00e1ln\u00edho vlastnictv\u00ed by \u201eobzvl\u00e1\u0161t\u011b ovlivnil b\u00edl\u00e9 rodiny\u201c a donutil by je p\u0159ijmout \u201ejin\u00fd vztah k majetku\u201c. Posun ke kolektivismu by prim\u00e1rn\u011b ovlivnil b\u00edl\u00e9 lidi, kte\u0159\u00ed by museli p\u0159ijmout jin\u00fd vztah k soukrom\u00e9mu majetku.<\/span><\/p>\n<p><span dir=\"auto\">J\u00e1drem jejich pl\u00e1nu je \u201esocializovan\u00e9\u201c bydlen\u00ed. Nemovitosti by pat\u0159ily v\u00fdhradn\u011b kolektivu, p\u0159i\u010dem\u017e n\u00e1jemn\u00edci by platili maxim\u00e1ln\u011b 30 procent sv\u00e9ho p\u0159\u00edjmu. Ti, kte\u0159\u00ed nevyd\u011bl\u00e1vaj\u00ed nic, by \u017eili bez n\u00e1jemn\u00e9ho, \u200b\u200bzat\u00edmco ti, kte\u0159\u00ed vyd\u011bl\u00e1vaj\u00ed dob\u0159e, by platili odpov\u00eddaj\u00edc\u00edm zp\u016fsobem v\u00edce \u2013 bez horn\u00ed hranice. Pro n\u011b je to \u201esolidarita\u201c: pomoc pot\u0159ebn\u00fdm (tak\u00e9 k\u00f3dov\u00e9 ozna\u010den\u00ed pro neleg\u00e1ln\u00ed imigranty v USA) a z\u00e1rove\u0148 vyko\u0159is\u0165ov\u00e1n\u00ed d\u011blnick\u00e9 t\u0159\u00eddy. D\u016fsledky toho lze vid\u011bt v komunistick\u00fdch zem\u00edch. Budovy ch\u00e1traj\u00ed, lid\u00e9 ztr\u00e1cej\u00ed ve\u0161kerou motivaci p\u0159isp\u00edvat a spole\u010dnost ochuzuje.<\/span><\/p>\n<figure class=\"wp-block-embed is-type-rich is-provider-twitter wp-block-embed-twitter\">\n<div class=\"wp-block-embed__wrapper\">\n<div class=\"twitter-tweet twitter-tweet-rendered\"><iframe id=\"twitter-widget-0\" class=\"\" title=\"X P\u0159\u00edsp\u011bvek\" src=\"https:\/\/platform.twitter.com\/embed\/Tweet.html?dnt=true&amp;embedId=twitter-widget-0&amp;features=eyJ0ZndfdGltZWxpbmVfbGlzdCI6eyJidWNrZXQiOltdLCJ2ZXJzaW9uIjpudWxsfSwidGZ3X2ZvbGxvd2VyX2NvdW50X3N1bnNldCI6eyJidWNrZXQiOnRydWUsInZlcnNpb24iOm51bGx9LCJ0ZndfdHdlZXRfZWRpdF9iYWNrZW5kIjp7ImJ1Y2tldCI6Im9uIiwidmVyc2lvbiI6bnVsbH0sInRmd19yZWZzcmNfc2Vzc2lvbiI6eyJidWNrZXQiOiJvbiIsInZlcnNpb24iOm51bGx9LCJ0ZndfZm9zbnJfc29mdF9pbnRlcnZlbnRpb25zX2VuYWJsZWQiOnsiYnVja2V0Ijoib24iLCJ2ZXJzaW9uIjpudWxsfSwidGZ3X21peGVkX21lZGlhXzE1ODk3Ijp7ImJ1Y2tldCI6InRyZWF0bWVudCIsInZlcnNpb24iOm51bGx9LCJ0ZndfZXhwZXJpbWVudHNfY29va2llX2V4cGlyYXRpb24iOnsiYnVja2V0IjoxMjA5NjAwLCJ2ZXJzaW9uIjpudWxsfSwidGZ3X3Nob3dfYmlyZHdhdGNoX3Bpdm90c19lbmFibGVkIjp7ImJ1Y2tldCI6Im9uIiwidmVyc2lvbiI6bnVsbH0sInRmd19kdXBsaWNhdGVfc2NyaWJlc190b19zZXR0aW5ncyI6eyJidWNrZXQiOiJvbiIsInZlcnNpb24iOm51bGx9LCJ0ZndfdXNlX3Byb2ZpbGVfaW1hZ2Vfc2hhcGVfZW5hYmxlZCI6eyJidWNrZXQiOiJvbiIsInZlcnNpb24iOm51bGx9LCJ0ZndfdmlkZW9faGxzX2R5bmFtaWNfbWFuaWZlc3RzXzE1MDgyIjp7ImJ1Y2tldCI6InRydWVfYml0cmF0ZSIsInZlcnNpb24iOm51bGx9LCJ0ZndfbGVnYWN5X3RpbWVsaW5lX3N1bnNldCI6eyJidWNrZXQiOnRydWUsInZlcnNpb24iOm51bGx9LCJ0ZndfdHdlZXRfZWRpdF9mcm9udGVuZCI6eyJidWNrZXQiOiJvbiIsInZlcnNpb24iOm51bGx9fQ%3D%3D&amp;frame=false&amp;hideCard=false&amp;hideThread=false&amp;id=2009681913359810771&amp;lang=cs&amp;origin=https%3A%2F%2Freport24.news%2Fnew-york-wohnen-unter-dem-kommunismus%2F&amp;sessionId=cc03f457c19458b3df3e67e98e9f92368b3005ff&amp;theme=light&amp;widgetsVersion=2615f7e52b7e0%3A1702314776716&amp;width=550px\" frameborder=\"0\" scrolling=\"no\" allowfullscreen=\"allowfullscreen\" data-tweet-id=\"2009681913359810771\" data-mce-fragment=\"1\"><\/iframe><\/div>\n<\/div>\n<\/figure>\n<p><span dir=\"auto\">Weaver a Mamdani to ospravedl\u0148uj\u00ed bytovou kriz\u00ed v New Yorku, ke kter\u00e9 p\u0159isp\u011bla i neleg\u00e1ln\u00ed masov\u00e1 imigrace. Jejich \u201e\u0159e\u0161en\u00ed\u201c v\u0161ak (z\u00e1m\u011brn\u011b) \u00fato\u010d\u00ed na z\u00e1klad v\u0161ech liber\u00e1ln\u00edch, demokratick\u00fdch spole\u010dnost\u00ed: pr\u00e1vo na soukrom\u00e9 vlastnictv\u00ed. M\u00edsto aby zastavili p\u0159\u00edliv neleg\u00e1ln\u00edch imigrant\u016f, usnadnili v\u00fdstavbu nov\u00fdch byt\u016f nebo co nejv\u00edce zbavili ob\u010dany z\u00e1t\u011b\u017ee p\u0159i po\u0159izov\u00e1n\u00ed dom\u016f, spol\u00e9haj\u00ed se na nucen\u00e9 vyvlastn\u011bn\u00ed. Obzvl\u00e1\u0161t\u011b pozoruhodn\u00e9 je, \u017ee Weaver otev\u0159en\u011b prohla\u0161uje, \u017ee b\u00edl\u00e9 rodiny budou ne\u00fam\u011brn\u011b posti\u017eeny. Nejde o p\u0159ehl\u00e9dnut\u00ed, ale sp\u00ed\u0161e o sou\u010d\u00e1st programu. B\u00edl\u00ed lid\u00e9 mus\u00ed od\u010dinit svou domn\u011blou kolektivn\u00ed vinu.<\/span><\/p>\n<p><span dir=\"auto\">P\u0159\u00edstup prezidenta Trumpa je zcela odli\u0161n\u00fd. Zakazuje velk\u00fdm institucion\u00e1ln\u00edm investor\u016fm n\u00e1kup rodinn\u00fdch dom\u016f: \u201e V domech \u017eij\u00ed\u00a0<\/span><a href=\"https:\/\/x.com\/WhiteHouse\/status\/2008963216630796516\" target=\"_blank\" rel=\"noreferrer noopener\"><span dir=\"auto\">lid\u00e9<\/span><\/a><span dir=\"auto\">\u00a0, ne korporace.\u201c Mlad\u00e9 rodiny by m\u011bly m\u00edt mo\u017enost sn\u00e1ze z\u00edskat bydlen\u00ed, ani\u017e by musely konkurovat hedgeov\u00fdm fond\u016fm, jako je BlackRock. Trump posiluje st\u0159edn\u00ed t\u0159\u00eddu, podporuje hromad\u011bn\u00ed bohatstv\u00ed prost\u0159ednictv\u00edm vlastnictv\u00ed dom\u016f \u2013 p\u0159esn\u011b to, co komunista Weaver odsuzuje jako \u201enad\u0159azenost b\u00edl\u00e9 rasy\u201c.<\/span><\/p>\n<p><span dir=\"auto\">Kontrast by sotva mohl b\u00fdt ost\u0159ej\u0161\u00ed. Na jedn\u00e9 stran\u011b levicov\u00e1 vize \u201eprobuzen\u00fdch\u201c, kter\u00e1 d\u00e9monizuje soukrom\u00e9 vlastnictv\u00ed a klade rasu do centra sv\u00e9 argumentace. Na druh\u00e9 stran\u011b klasick\u00fd americk\u00fd p\u0159\u00edstup: tvrd\u00e1 pr\u00e1ce by m\u011bla b\u00fdt odm\u011bn\u011bna a rodiny by si m\u011bly m\u00edt mo\u017enost vytvo\u0159it domov samy.<\/span><\/p>\n<p><span dir=\"auto\">New York \u010del\u00ed kl\u00ed\u010dov\u00e9mu rozhodnut\u00ed a s n\u00edm i cel\u00e1 Amerika. Pokud zv\u00edt\u011bz\u00ed my\u0161lenky jako Cea Weaverova, bude v ohro\u017een\u00ed nejen Velk\u00e9 jablko, ale cel\u00e1 na\u0161e spole\u010dnost, zalo\u017een\u00e1 na modelu voln\u00e9ho tr\u017en\u00edho hospod\u00e1\u0159stv\u00ed. Dokonce i v Rakousku, kde vicekancl\u00e9\u0159 a \u0159idi\u010d vysokozdvi\u017en\u00e9ho voz\u00edku Andreas Babler nedok\u00e1\u017ee skr\u00fdt sv\u00e9 nad\u0161en\u00ed pro komunistu Mamdaniho.<\/span><\/p>\n<p><em><span dir=\"auto\">Od<a href=\"https:\/\/report24.news\/new-york-wohnen-unter-dem-kommunismus\/\"> Chrise Vebera<\/a><\/span><\/em><\/p>\n<p>&nbsp;<\/p>\n","protected":false},"excerpt":{"rendered":"<p>V New Yorku se debata o bydlen\u00ed eskaluje v ideologickou kulturn\u00ed v\u00e1lku. Cea Weaverov\u00e1, nov\u011b&#8230;<\/p>\n","protected":false},"author":2,"featured_media":96658,"comment_status":"closed","ping_status":"closed","sticky":false,"template":"","format":"standard","meta":[],"categories":[7],"tags":[1503,533,1747],"_links":{"self":[{"href":"https:\/\/www.infokuryr.cz\/n\/wp-json\/wp\/v2\/posts\/96657"}],"collection":[{"href":"https:\/\/www.infokuryr.cz\/n\/wp-json\/wp\/v2\/posts"}],"about":[{"href":"https:\/\/www.infokuryr.cz\/n\/wp-json\/wp\/v2\/types\/post"}],"author":[{"embeddable":true,"href":"https:\/\/www.infokuryr.cz\/n\/wp-json\/wp\/v2\/users\/2"}],"replies":[{"embeddable":true,"href":"https:\/\/www.infokuryr.cz\/n\/wp-json\/wp\/v2\/comments?post=96657"}],"version-history":[{"count":0,"href":"https:\/\/www.infokuryr.cz\/n\/wp-json\/wp\/v2\/posts\/96657\/revisions"}],"wp:featuredmedia":[{"embeddable":true,"href":"https:\/\/www.infokuryr.cz\/n\/wp-json\/wp\/v2\/media\/96658"}],"wp:attachment":[{"href":"https:\/\/www.infokuryr.cz\/n\/wp-json\/wp\/v2\/media?parent=96657"}],"wp:term":[{"taxonomy":"category","embeddable":true,"href":"https:\/\/www.infokuryr.cz\/n\/wp-json\/wp\/v2\/categories?post=96657"},{"taxonomy":"post_tag","embeddable":true,"href":"https:\/\/www.infokuryr.cz\/n\/wp-json\/wp\/v2\/tags?post=96657"}],"curies":[{"name":"wp","href":"https:\/\/api.w.org\/{rel}","templated":true}]}}