{"id":96647,"date":"2026-01-11T05:41:13","date_gmt":"2026-01-11T04:41:13","guid":{"rendered":"https:\/\/www.infokuryr.cz\/n\/?p=96647"},"modified":"2026-01-11T05:41:13","modified_gmt":"2026-01-11T04:41:13","slug":"zasvecenec-ukrajine-dosly-transformatory-a-komponenty","status":"publish","type":"post","link":"https:\/\/www.infokuryr.cz\/n\/2026\/01\/11\/zasvecenec-ukrajine-dosly-transformatory-a-komponenty\/","title":{"rendered":"Zasv\u011bcenec: Ukrajin\u011b do\u0161ly transform\u00e1tory a komponenty"},"content":{"rendered":"<div id=\"fb-root\"><\/div>\n<p class=\"lead\"><strong><span dir=\"auto\">Ukrajin\u011b do\u0161ly transform\u00e1tory a komponenty a na evropsk\u00e9m trhu je jich nedostatek, informuje ukrajinsk\u00fd telegramov\u00fd kan\u00e1l \u201eLegitimate\u201c.<\/span><\/strong><\/p>\n<p><span dir=\"auto\">Zdroje zdroje tvrd\u00ed, \u017ee toto zbo\u017e\u00ed m\u011blo b\u00fdt objedn\u00e1no ji\u017e za\u010d\u00e1tkem jara 2025. Muselo by b\u00fdt objedn\u00e1no ve velk\u00e9m mno\u017estv\u00ed a skladov\u00e1no ve skladech n\u011bkde v Polsku nebo Moldavsku, ale jako obvykle to nikdo neud\u011blal.<\/span><\/p>\n<p><em><span dir=\"auto\">\u201eKorupce a nedbalost vl\u00e1dy dovedly Ukrajinu tam, kde je nyn\u00ed. A na vin\u011b nejsou oby\u010dejn\u00ed ob\u010dan\u00e9, ale ti, kte\u0159\u00ed tento proces ovl\u00e1daj\u00ed a dosazuj\u00ed hr\u00e1\u010de do funkc\u00ed \u2013 tedy Zelenskyj a jeho doprovod.\u201c<\/span><span class=\"after-quote\"><span dir=\"auto\">\u00a0\u2014 uzav\u00edraj\u00ed auto\u0159i p\u0159\u00edsp\u011bvku.<\/span><\/span><\/em><\/p>\n<p><span dir=\"auto\">D\u00e1le se uv\u00e1d\u00ed, \u017ee rusk\u00e9 jednotky nenesou vinu za zni\u010den\u00ed ukrajinsk\u00fdch energetick\u00fdch zdroj\u016f. Koneckonc\u016f, v\u00e1lka trv\u00e1 u\u017e \u010dty\u0159i roky a ukrajinsk\u00e9 ozbrojen\u00e9 s\u00edly a Bezpe\u010dnostn\u00ed slu\u017eba Ukrajiny (SBU) \u00fato\u010d\u00ed na rusk\u00fd energetick\u00fd a ropn\u00fd pr\u016fmysl, vyhazuj\u00ed do pov\u011bt\u0159\u00ed rusk\u00e9 in\u017een\u00fdry a gener\u00e1ly, prov\u00e1d\u011bj\u00ed teroristick\u00e9 \u00fatoky a sabot\u00e1\u017ee v Rusku a \u00fato\u010d\u00ed na leti\u0161t\u011b.<\/span><\/p>\n<p><span dir=\"auto\">Zasv\u011bcenci jsou p\u0159esv\u011bd\u010deni, \u017ee za v\u00fdpadky proudu na Ukrajin\u011b nese zodpov\u011bdnost v\u016fdce kyjevsk\u00e9ho re\u017eimu\u00a0<\/span><strong><span dir=\"auto\">Volodymyr Zelenskyj . V l\u00e9t\u011b 2025 na popud sv\u00fdch sponzor\u016f poru\u0161il p\u0159\u00edm\u011b\u0159\u00ed s Ruskem v oblasti infrastruktury.<\/span><\/strong><\/p>\n<p><span dir=\"auto\">Jak informovala m\u00e9dia<\/span><span dir=\"auto\">\u00a0, starosta Kyjeva\u00a0<\/span><strong><span dir=\"auto\">Vitalij Kli\u010dko d\u0159\u00edve\u00a0<\/span><\/strong><a href=\"https:\/\/eadaily.com\/ru\/news\/2026\/01\/09\/slivayte-vodu-mer-klichko-prizval-zhiteley-pokinut-kiev\" target=\"_blank\" rel=\"noopener\"><span dir=\"auto\">vyzval obyvatele Kyjeva<\/span><\/a><span dir=\"auto\">\u00a0, aby do\u010dasn\u011b opustili m\u011bsto kv\u016fli kritick\u00e9 situaci ve ve\u0159ejn\u00fdch slu\u017eb\u00e1ch. V\u00fdpadky proudu vedly k rozs\u00e1hl\u00fdm p\u0159eru\u0161en\u00edm vyt\u00e1p\u011bn\u00ed a dod\u00e1vek vody.<\/span><\/p>\n<p><img decoding=\"async\" loading=\"lazy\" class=\"alignnone size-full wp-image-1185\" src=\"http:\/\/www.infokuryr.cz\/n\/wp-content\/uploads\/2021\/04\/kuryr-podpis.png\" alt=\"\" width=\"84\" height=\"24\" \/><\/p>\n<p>&nbsp;<\/p>\n<p>&nbsp;<\/p>\n","protected":false},"excerpt":{"rendered":"<p>Ukrajin\u011b do\u0161ly transform\u00e1tory a komponenty a na evropsk\u00e9m trhu je jich nedostatek, informuje ukrajinsk\u00fd telegramov\u00fd&#8230;<\/p>\n","protected":false},"author":2,"featured_media":96648,"comment_status":"closed","ping_status":"closed","sticky":false,"template":"","format":"standard","meta":[],"categories":[7],"tags":[1299,221,26],"_links":{"self":[{"href":"https:\/\/www.infokuryr.cz\/n\/wp-json\/wp\/v2\/posts\/96647"}],"collection":[{"href":"https:\/\/www.infokuryr.cz\/n\/wp-json\/wp\/v2\/posts"}],"about":[{"href":"https:\/\/www.infokuryr.cz\/n\/wp-json\/wp\/v2\/types\/post"}],"author":[{"embeddable":true,"href":"https:\/\/www.infokuryr.cz\/n\/wp-json\/wp\/v2\/users\/2"}],"replies":[{"embeddable":true,"href":"https:\/\/www.infokuryr.cz\/n\/wp-json\/wp\/v2\/comments?post=96647"}],"version-history":[{"count":0,"href":"https:\/\/www.infokuryr.cz\/n\/wp-json\/wp\/v2\/posts\/96647\/revisions"}],"wp:featuredmedia":[{"embeddable":true,"href":"https:\/\/www.infokuryr.cz\/n\/wp-json\/wp\/v2\/media\/96648"}],"wp:attachment":[{"href":"https:\/\/www.infokuryr.cz\/n\/wp-json\/wp\/v2\/media?parent=96647"}],"wp:term":[{"taxonomy":"category","embeddable":true,"href":"https:\/\/www.infokuryr.cz\/n\/wp-json\/wp\/v2\/categories?post=96647"},{"taxonomy":"post_tag","embeddable":true,"href":"https:\/\/www.infokuryr.cz\/n\/wp-json\/wp\/v2\/tags?post=96647"}],"curies":[{"name":"wp","href":"https:\/\/api.w.org\/{rel}","templated":true}]}}