{"id":96644,"date":"2026-01-11T05:29:34","date_gmt":"2026-01-11T04:29:34","guid":{"rendered":"https:\/\/www.infokuryr.cz\/n\/?p=96644"},"modified":"2026-01-11T05:29:34","modified_gmt":"2026-01-11T04:29:34","slug":"papez-lev-xiv-prostor-pro-skutecnou-svobodu-projevu-je-stale-vice-omezeny","status":"publish","type":"post","link":"https:\/\/www.infokuryr.cz\/n\/2026\/01\/11\/papez-lev-xiv-prostor-pro-skutecnou-svobodu-projevu-je-stale-vice-omezeny\/","title":{"rendered":"Pape\u017e Lev XIV.: \u201eProstor pro skute\u010dnou svobodu projevu je st\u00e1le v\u00edce omezen\u00fd\u201c"},"content":{"rendered":"<div id=\"fb-root\"><\/div>\n<p><strong>Pape\u017e Lev XIV. poprv\u00e9 promluvil k n\u00e1rodu v novoro\u010dn\u00edm projevu. Jeho kritika a napomenut\u00ed sm\u011b\u0159ovaly p\u0159edev\u0161\u00edm proti USA a Donaldu Trumpovi. Pokud jde o svobodu projevu, jeho kritika se zam\u011b\u0159ovala na dikt\u00e1t a po\u017eadavky z\u00e1padn\u00ed politiky. Pape\u017e b\u011bdoval nad \u201eorwellovsk\u00fdm podt\u00f3nem\u201c.<\/strong><\/p>\n<p><span dir=\"auto\">Pape\u017e Lev XIV. uspo\u0159\u00e1dal 9. ledna v S\u00edni po\u017eehn\u00e1n\u00ed svou prvn\u00ed audienci s \u010dleny diplomatick\u00e9ho sboru akreditovan\u00e9ho ve Vatik\u00e1nu. Pape\u017e\u016fv t\u00fdm pro soci\u00e1ln\u00ed m\u00e9dia na soci\u00e1ln\u00edch s\u00edt\u00edch zd\u016fraznil, \u017ee \u201ev sou\u010dasn\u00e9 situaci doch\u00e1z\u00ed ke skute\u010dn\u00e9mu \u201azkratu\u2018 v lidsk\u00fdch pr\u00e1vech\u201c. Pape\u017e vyj\u00e1d\u0159il velk\u00e9 znepokojen\u00ed ohledn\u011b svobody projevu a poznamenal, \u017ee je st\u00e1le v\u00edce omezov\u00e1na, \u201ezejm\u00e9na na Z\u00e1pad\u011b\u201c.<\/span><\/p>\n<p><span dir=\"auto\">Webov\u00e9 str\u00e1nky Domradio\u00a0pova\u017eovaly pape\u017e\u016fv novoro\u010dn\u00ed projev za mo\u017en\u00fd koment\u00e1\u0159 k aktu\u00e1ln\u00edm glob\u00e1ln\u00edm politick\u00fdm ud\u00e1lostem.\u00a0<\/span><em><span dir=\"auto\">Uv\u00e1d\u00ed\u00a0<\/span><\/em><a href=\"https:\/\/www.domradio.de\/artikel\/papst-leo-xiv-beklagt-beschraenkte-meinungsfreiheit-auch-im-westen\" target=\"_blank\" rel=\"noopener noreferrer\"><span dir=\"auto\">se v nich<\/span><\/a><span dir=\"auto\">\u00a0:<\/span><\/p>\n<p><em><span dir=\"auto\">\u201ePo uplynul\u00fdch n\u011bkolika t\u00fddnech, kdy prezident sv\u00e9 domovsk\u00e9 zem\u011b USA p\u0159ekro\u010dil n\u011bkolik \u010derven\u00fdch lini\u00ed glob\u00e1ln\u00ed politiky v my\u0161lenk\u00e1ch, slovech i \u010dinech, jeho poslucha\u010di dychtiv\u011b o\u010dek\u00e1vali, co prvn\u00ed americko-americk\u00fd pape\u017e \u0159ekne ve sv\u00e9m projevu o stavu sv\u011bta.\u201c<\/span><\/em><\/p>\n<p><em><span dir=\"auto\">Redak\u010dn\u00ed<\/span><\/em><span dir=\"auto\">\u00a0t\u00fdm\u00a0<\/span><em><span dir=\"auto\">ARD Tagesschau<\/span><\/em><span dir=\"auto\">\u00a0a\u017e do doby zve\u0159ejn\u011bn\u00ed \u010dl\u00e1nku nevid\u011bl\u00a0d\u016fvod\u00a0<\/span><a href=\"https:\/\/www.tagesschau.de\/suche#\/?searchText=Papst%20Leo\" target=\"_blank\" rel=\"noopener noreferrer\"><span dir=\"auto\">informovat<\/span><\/a><span dir=\"auto\">\u00a0o obsahu v\u010derej\u0161\u00edho projevu. Webov\u00e9 str\u00e1nky\u00a0<\/span><em><span dir=\"auto\">katholisch.de\u00a0<\/span><\/em>\u00a0<a href=\"https:\/\/katholisch.de\/artikel\/66721-papst-leo-xiv-meinungsfreiheit-auch-im-westen-beschraenkt\" target=\"_blank\" rel=\"noopener noreferrer\"><span dir=\"auto\">zd\u016fraz\u0148uj\u00ed<\/span><\/a><span dir=\"auto\">\u00a0\u00a0\u201ep\u0159ekvapiv\u00e9 body\u201c a shrnuj\u00ed hlavn\u00ed body projevu takto:<\/span><\/p>\n<p><em><span dir=\"auto\">\u201eVe sv\u00e9m v\u00fdznamn\u00e9m projevu pape\u017e Lev XIV. litoval rostouc\u00edho omezov\u00e1n\u00ed svobody n\u00e1zoru a sv\u011bdom\u00ed v z\u00e1padn\u00edm sv\u011bt\u011b. (&#8230;) Z\u00e1rove\u0148 se vyslovil proti vyho\u0161t\u011bn\u00ed migrant\u016f a zasazoval se o m\u00edrov\u00fd sv\u011btov\u00fd \u0159\u00e1d. Z etick\u00fdch d\u016fvod\u016f se d\u016frazn\u011b vyslovil proti \u201apr\u00e1vu na potrat\u2018, stejn\u011b jako proti n\u00e1hradn\u00edmu mate\u0159stv\u00ed a aktivn\u00ed eutanazii.\u201c<\/span><\/em><\/p>\n<p><span dir=\"auto\">Vatik\u00e1nsk\u00e9 webov\u00e9 str\u00e1nky zve\u0159ejnily kompletn\u00ed\u00a0<\/span><a href=\"https:\/\/www.vaticannews.va\/de\/papst\/news\/2026-01\/wortlaut-papst-leo-xiv-neujahrsansprache-diplomaten-januar-2026.html?utm_source=chatgpt.com\" target=\"_blank\" rel=\"noopener noreferrer\"><span dir=\"auto\">text<\/span><\/a><span dir=\"auto\">\u00a0projevu.<\/span><\/p>\n<div class=\"EmbedBlock-root EmbedBlock-twitter\">\n<div class=\"TwitterEmbed\">\n<div class=\"twitter-tweet twitter-tweet-rendered\"><iframe id=\"twitter-widget-0\" class=\"\" title=\"X P\u0159\u00edsp\u011bvek\" src=\"https:\/\/platform.twitter.com\/embed\/Tweet.html?dnt=false&amp;embedId=twitter-widget-0&amp;features=eyJ0ZndfdGltZWxpbmVfbGlzdCI6eyJidWNrZXQiOltdLCJ2ZXJzaW9uIjpudWxsfSwidGZ3X2ZvbGxvd2VyX2NvdW50X3N1bnNldCI6eyJidWNrZXQiOnRydWUsInZlcnNpb24iOm51bGx9LCJ0ZndfdHdlZXRfZWRpdF9iYWNrZW5kIjp7ImJ1Y2tldCI6Im9uIiwidmVyc2lvbiI6bnVsbH0sInRmd19yZWZzcmNfc2Vzc2lvbiI6eyJidWNrZXQiOiJvbiIsInZlcnNpb24iOm51bGx9LCJ0ZndfZm9zbnJfc29mdF9pbnRlcnZlbnRpb25zX2VuYWJsZWQiOnsiYnVja2V0Ijoib24iLCJ2ZXJzaW9uIjpudWxsfSwidGZ3X21peGVkX21lZGlhXzE1ODk3Ijp7ImJ1Y2tldCI6InRyZWF0bWVudCIsInZlcnNpb24iOm51bGx9LCJ0ZndfZXhwZXJpbWVudHNfY29va2llX2V4cGlyYXRpb24iOnsiYnVja2V0IjoxMjA5NjAwLCJ2ZXJzaW9uIjpudWxsfSwidGZ3X3Nob3dfYmlyZHdhdGNoX3Bpdm90c19lbmFibGVkIjp7ImJ1Y2tldCI6Im9uIiwidmVyc2lvbiI6bnVsbH0sInRmd19kdXBsaWNhdGVfc2NyaWJlc190b19zZXR0aW5ncyI6eyJidWNrZXQiOiJvbiIsInZlcnNpb24iOm51bGx9LCJ0ZndfdXNlX3Byb2ZpbGVfaW1hZ2Vfc2hhcGVfZW5hYmxlZCI6eyJidWNrZXQiOiJvbiIsInZlcnNpb24iOm51bGx9LCJ0ZndfdmlkZW9faGxzX2R5bmFtaWNfbWFuaWZlc3RzXzE1MDgyIjp7ImJ1Y2tldCI6InRydWVfYml0cmF0ZSIsInZlcnNpb24iOm51bGx9LCJ0ZndfbGVnYWN5X3RpbWVsaW5lX3N1bnNldCI6eyJidWNrZXQiOnRydWUsInZlcnNpb24iOm51bGx9LCJ0ZndfdHdlZXRfZWRpdF9mcm9udGVuZCI6eyJidWNrZXQiOiJvbiIsInZlcnNpb24iOm51bGx9fQ%3D%3D&amp;frame=false&amp;hideCard=false&amp;hideThread=false&amp;id=2009621806433640827&amp;lang=cs&amp;origin=https%3A%2F%2Fde.rt.com%2Finternational%2F266953-papst-leo-xiv-raum-fuer-echte-meinungsfreiheit-immer-mehr-eingeschraenkt%2F&amp;sessionId=234c3b2f1ee58a4ae3eb5c837eec7fd9f1a17521&amp;siteScreenName=ActualidadRT&amp;theme=light&amp;widgetsVersion=2615f7e52b7e0%3A1702314776716&amp;width=550px\" frameborder=\"0\" scrolling=\"no\" allowfullscreen=\"allowfullscreen\" data-tweet-id=\"2009621806433640827\" data-mce-fragment=\"1\"><\/iframe><\/div>\n<\/div>\n<\/div>\n<p><span dir=\"auto\">V\u00fd\u0148atky z projevu o svobod\u011b projevu zn\u00ed takto:<\/span><\/p>\n<p><em><span dir=\"auto\">\u201eJe t\u0159eba tak\u00e9 poznamenat, \u017ee paradox tohoto oslabov\u00e1n\u00ed slova je \u010dasto propagov\u00e1n ve jm\u00e9nu samotn\u00e9 svobody projevu. P\u0159i bli\u017e\u0161\u00edm zkoum\u00e1n\u00ed je v\u0161ak pravdou opak: svoboda projevu a vyjad\u0159ov\u00e1n\u00ed je zaru\u010dena pr\u00e1v\u011b jistotou jazyka a skute\u010dnost\u00ed, \u017ee ka\u017ed\u00fd koncept je zako\u0159en\u011bn v pravd\u011b. Je proto politov\u00e1n\u00edhodn\u00e9 pozorovat, \u017ee zejm\u00e9na na Z\u00e1pad\u011b je prostor pro skute\u010dnou svobodu projevu st\u00e1le v\u00edce omezov\u00e1n, zat\u00edmco se rozv\u00edj\u00ed nov\u00fd jazyk s orwellovsk\u00fdmi podt\u00f3ny, kter\u00fd ve sv\u00e9m \u00fasil\u00ed o st\u00e1le v\u011bt\u0161\u00ed inkluzivitu vrchol\u00ed vylou\u010den\u00edm t\u011bch, kte\u0159\u00ed se ne\u0159\u00edd\u00ed ideologiemi, kter\u00e9 jej inspiruj\u00ed.\u201c<\/span><\/em><\/p>\n<p><span dir=\"auto\">Jm\u00e9no Donald Trump se v novoro\u010dn\u00edm projevu nezmi\u0148uje, ale panuj\u00ed \u201evelk\u00e9 obavy\u201c z \u201eeskalace nap\u011bt\u00ed v Karibiku a pod\u00e9l americk\u00e9ho pob\u0159e\u017e\u00ed Tich\u00e9ho oce\u00e1nu\u201c. Pape\u017e Lev XIV. pouze uv\u00e1d\u00ed n\u00e1sleduj\u00edc\u00ed:<\/span><\/p>\n<p><em><span dir=\"auto\">\u201eTo plat\u00ed zejm\u00e9na pro Venezuelu s ohledem na ned\u00e1vn\u00fd v\u00fdvoj. V t\u00e9to souvislosti znovu opakuji svou v\u00fdzvu k respektov\u00e1n\u00ed v\u016fle venezuelsk\u00e9ho lidu a k pr\u00e1ci na ochran\u011b lidsk\u00fdch a ob\u010dansk\u00fdch pr\u00e1v v\u0161ech a tak\u00e9 na budov\u00e1n\u00ed budoucnosti stability a harmonie.\u201c<\/span><\/em><\/p>\n<p><span dir=\"auto\">V souvislosti s ud\u00e1lostmi na Ukrajin\u011b pape\u017e prohl\u00e1sil \u201enal\u00e9havost okam\u017eit\u00e9ho p\u0159\u00edm\u011b\u0159\u00ed a dialogu charakterizovan\u00e9ho up\u0159\u00edmn\u00fdm hled\u00e1n\u00edm cest k dosa\u017een\u00ed m\u00edru\u201c.<\/span><\/p>\n<p><span dir=\"auto\">Ohledn\u011b pokra\u010duj\u00edc\u00edch brut\u00e1ln\u00edch akc\u00ed Izraele v p\u00e1smu Gazy rukopis uv\u00e1d\u00ed:<\/span><\/p>\n<p><em><span dir=\"auto\">\u201eStejnou situaci vid\u00edme ve Svat\u00e9 zemi, kde navzdory p\u0159\u00edm\u011b\u0159\u00ed ozn\u00e1men\u00e9mu v \u0159\u00edjnu civiln\u00ed obyvatelstvo nad\u00e1le trp\u00ed v\u00e1\u017enou humanit\u00e1rn\u00ed kriz\u00ed, kter\u00e1 se je\u0161t\u011b zhor\u0161uje utrpen\u00ed, kter\u00e9 ji\u017e pro\u017eilo. (&#8230;) Zejm\u00e9na \u0159e\u0161en\u00ed zalo\u017een\u00e9 na existenci dvou st\u00e1t\u016f z\u016fst\u00e1v\u00e1 institucion\u00e1ln\u00ed perspektivou, kter\u00e1 zohled\u0148uje legitimn\u00ed aspirace obou n\u00e1rod\u016f. Z\u00e1rove\u0148 bohu\u017eel doch\u00e1z\u00ed k n\u00e1r\u016fstu n\u00e1sil\u00ed nam\u00ed\u0159en\u00e9ho proti palestinsk\u00e9mu civiln\u00edmu obyvatelstvu na Z\u00e1padn\u00edm b\u0159ehu Jord\u00e1nu, kter\u00e9 m\u00e1 pr\u00e1vo \u017e\u00edt v m\u00edru ve sv\u00e9 vlastn\u00ed zemi.\u201c<\/span><\/em><\/p>\n<p><span dir=\"auto\">Ohledn\u011b glob\u00e1ln\u00edch kriz\u00ed a prob\u00edhaj\u00edc\u00edch m\u00edrov\u00fdch jedn\u00e1n\u00ed uprost\u0159ed pokra\u010duj\u00edc\u00edho nep\u0159\u00e1telstv\u00ed pape\u017e prohl\u00e1sil:<\/span><\/p>\n<p><em><span dir=\"auto\">\u201eV\u00e1lka se v\u0161ak spokoj\u00ed s ni\u010den\u00edm, zat\u00edmco m\u00edr vy\u017eaduje nep\u0159etr\u017eitou a trp\u011blivou rekonstrukci a neust\u00e1lou bd\u011blost. Takov\u00e9 \u00fasil\u00ed se t\u00fdk\u00e1 v\u0161ech, po\u010d\u00ednaje st\u00e1ty, kter\u00e9 vlastn\u00ed jadern\u00e9 arzen\u00e1ly. M\u00e1m na mysli zejm\u00e9na d\u016fle\u017eit\u00e9 pokra\u010dov\u00e1n\u00ed, kter\u00e9 mus\u00ed m\u00edt nov\u00e1 smlouva START, jej\u00ed\u017e platnost vypr\u0161\u00ed v \u00fanoru p\u0159\u00ed\u0161t\u00edho roku.\u201c<\/span><\/em><\/p>\n<p><span dir=\"auto\">V t\u00e9to souvislosti Pontifex Maximus uzav\u00edr\u00e1 p\u0159ipom\u00ednkou Daytonsk\u00fdch dohod, \u201ekter\u00e9 p\u0159ed t\u0159iceti lety ukon\u010dily krvavou v\u00e1lku v Bosn\u011b a Hercegovin\u011b a navzdory v\u0161em obt\u00ed\u017e\u00edm a nap\u011bt\u00ed otev\u0159ely mo\u017enost prosperuj\u00edc\u00ed a harmoni\u010dt\u011bj\u0161\u00ed budoucnosti\u201c.<\/span><\/p>\n<p><img decoding=\"async\" loading=\"lazy\" class=\"alignnone size-full wp-image-1185\" src=\"http:\/\/www.infokuryr.cz\/n\/wp-content\/uploads\/2021\/04\/kuryr-podpis.png\" alt=\"\" width=\"84\" height=\"24\" \/><\/p>\n<p>&nbsp;<\/p>\n","protected":false},"excerpt":{"rendered":"<p>Pape\u017e Lev XIV. poprv\u00e9 promluvil k n\u00e1rodu v novoro\u010dn\u00edm projevu. Jeho kritika a napomenut\u00ed sm\u011b\u0159ovaly&#8230;<\/p>\n","protected":false},"author":2,"featured_media":96645,"comment_status":"closed","ping_status":"closed","sticky":false,"template":"","format":"standard","meta":[],"categories":[7],"tags":[254,710,553],"_links":{"self":[{"href":"https:\/\/www.infokuryr.cz\/n\/wp-json\/wp\/v2\/posts\/96644"}],"collection":[{"href":"https:\/\/www.infokuryr.cz\/n\/wp-json\/wp\/v2\/posts"}],"about":[{"href":"https:\/\/www.infokuryr.cz\/n\/wp-json\/wp\/v2\/types\/post"}],"author":[{"embeddable":true,"href":"https:\/\/www.infokuryr.cz\/n\/wp-json\/wp\/v2\/users\/2"}],"replies":[{"embeddable":true,"href":"https:\/\/www.infokuryr.cz\/n\/wp-json\/wp\/v2\/comments?post=96644"}],"version-history":[{"count":0,"href":"https:\/\/www.infokuryr.cz\/n\/wp-json\/wp\/v2\/posts\/96644\/revisions"}],"wp:featuredmedia":[{"embeddable":true,"href":"https:\/\/www.infokuryr.cz\/n\/wp-json\/wp\/v2\/media\/96645"}],"wp:attachment":[{"href":"https:\/\/www.infokuryr.cz\/n\/wp-json\/wp\/v2\/media?parent=96644"}],"wp:term":[{"taxonomy":"category","embeddable":true,"href":"https:\/\/www.infokuryr.cz\/n\/wp-json\/wp\/v2\/categories?post=96644"},{"taxonomy":"post_tag","embeddable":true,"href":"https:\/\/www.infokuryr.cz\/n\/wp-json\/wp\/v2\/tags?post=96644"}],"curies":[{"name":"wp","href":"https:\/\/api.w.org\/{rel}","templated":true}]}}