{"id":96634,"date":"2026-01-11T00:35:03","date_gmt":"2026-01-10T23:35:03","guid":{"rendered":"https:\/\/www.infokuryr.cz\/n\/?p=96634"},"modified":"2026-01-10T19:34:18","modified_gmt":"2026-01-10T18:34:18","slug":"severni-korea-tvrdi-ze-dron-vypusteny-jihem-narusil-jeji-vzdusny-prostor-coz-signalizuje-temer-eskalaci","status":"publish","type":"post","link":"https:\/\/www.infokuryr.cz\/n\/2026\/01\/11\/severni-korea-tvrdi-ze-dron-vypusteny-jihem-narusil-jeji-vzdusny-prostor-coz-signalizuje-temer-eskalaci\/","title":{"rendered":"Severn\u00ed Korea tvrd\u00ed, \u017ee dron vypu\u0161t\u011bn\u00fd Jihem naru\u0161il jej\u00ed vzdu\u0161n\u00fd prostor, co\u017e signalizuje t\u00e9m\u011b\u0159 eskalaci"},"content":{"rendered":"<div id=\"fb-root\"><\/div>\n<p><strong><span dir=\"auto\">Severn\u00ed Korea 10. ledna ozn\u00e1mila, \u017ee Ji\u017en\u00ed Korea 4. ledna vpustila do jej\u00edho vzdu\u0161n\u00e9ho prostoru dal\u0161\u00ed dron, \u010d\u00edm\u017e naru\u0161ila jej\u00ed suverenitu.<\/span><\/strong><\/p>\n<p><span dir=\"auto\">Ji\u017en\u00ed Korea se \u201edopustila dal\u0161\u00edho z\u00e1va\u017en\u00e9ho poru\u0161en\u00ed suverenity KLDR t\u00edm, \u017ee od za\u010d\u00e1tku roku nechala sv\u016fj dron naru\u0161ovat vzdu\u0161n\u00fd prostor KLDR,\u201c uvedl mluv\u010d\u00ed gener\u00e1ln\u00edho \u0161t\u00e1bu Korejsk\u00e9 lidov\u00e9 arm\u00e1dy ve sv\u00e9m prohl\u00e1\u0161en\u00ed zve\u0159ejn\u011bn\u00e9m st\u00e1tn\u00ed \u00fast\u0159edn\u00ed tiskovou agenturou KCNA.<\/span><\/p>\n<p><span dir=\"auto\">Tiskov\u00e1 agentura uvedla, \u017ee arm\u00e1da dron detekovala a monitorovala, kdy\u017e let\u011bl severn\u011b ze vzdu\u0161n\u00e9ho prostoru nad jihokorejsk\u00fdm m\u011bstem In\u010dchon.<\/span><\/p>\n<p><span dir=\"auto\">Dodala, \u017ee arm\u00e1da pou\u017eila specializovan\u00e9 vybaven\u00ed pro elektronick\u00fd boj k vy\u0159azen\u00ed dronu z provozu, co\u017e zp\u016fsobilo jeho p\u00e1d 1200 metr\u016f od m\u011bsta Muksan-ri na okraji Kaesongu pobl\u00ed\u017e mezikorejsk\u00e9 hranice.<\/span><\/p>\n<p><span dir=\"auto\">Dron byl vybaven bezpe\u010dnostn\u00edmi kamerami, kter\u00e9 nahr\u00e1valy \u201ev\u00fdznamn\u00e1\u201c severokorejsk\u00e1 za\u0159\u00edzen\u00ed, uvedla KCNA. Agentura sd\u00edlela fotografie vrak\u016f, v\u010detn\u011b elektronick\u00fdch sou\u010d\u00e1stek, a leteck\u00e9 sn\u00edmky budov, kter\u00e9 dron podle agentury po\u0159\u00eddil.<\/span><\/p>\n<p><em><span dir=\"auto\">\u201eVyu\u017e\u00edv\u00e1me-li t\u00e9to p\u0159\u00edle\u017eitosti, nem\u016f\u017eeme nezm\u00ednit skute\u010dnost, \u017ee KR (Ji\u017en\u00ed Korea) se v z\u00e1\u0159\u00ed lo\u0148sk\u00e9ho roku dopustila provokativn\u00edho \u010dinu sledov\u00e1n\u00ed a pr\u016fzkumu na\u0161ich hlavn\u00edch objekt\u016f t\u00edm, \u017ee vzl\u00e9tla s dronem do vzdu\u0161n\u00e9ho prostoru KLDR,\u201c dod\u00e1v\u00e1 se v prohl\u00e1\u0161en\u00ed.<\/span><\/em><\/p>\n<p><span dir=\"auto\">Agentura KCNA uvedla, \u017ee 27. z\u00e1\u0159\u00ed dron, kter\u00fd vzl\u00e9tl z jihokorejsk\u00e9ho pohrani\u010dn\u00edho m\u011bsta Pad\u017eu, dopadl do okresu Jangphung v provincii Kaesong pot\u00e9, co byl zaru\u0161en elektronick\u00fdmi prost\u0159edky arm\u00e1dy. Agentura tak\u00e9 zve\u0159ejnila fotografie dronu, n\u011bkter\u00fdch jeho elektronick\u00fdch sou\u010d\u00e1st\u00ed a fotografie, kter\u00e9 \u00fadajn\u011b po\u0159\u00eddil.<\/span><\/p>\n<p><img decoding=\"async\" loading=\"lazy\" class=\"aligncenter\" src=\"https:\/\/s5.cdnstatic.space\/wp-content\/uploads\/2026\/01\/G-QUEE9WUAAhlY_.jpg\" width=\"539\" height=\"809\" \/><\/p>\n<p><img decoding=\"async\" loading=\"lazy\" class=\"aligncenter\" src=\"https:\/\/s5.cdnstatic.space\/wp-content\/uploads\/2026\/01\/sep29.jpg\" width=\"570\" height=\"855\" \/><\/p>\n<p><span dir=\"auto\">Ji\u017en\u00ed Korea \u201eje v\u016f\u010di n\u00e1m nejnep\u0159\u00e1tel\u0161t\u011bj\u0161\u00edm nep\u0159\u00edtelem, jeho\u017e povaha se nikdy ned\u00e1 zm\u011bnit, a objektem, kter\u00fd v p\u0159\u00edpad\u011b \u00fatoku jist\u011b zni\u010d\u00edme,\u201c uvedla tiskov\u00e1 agentura.<\/span><\/p>\n<p><span dir=\"auto\">Pchjongjang vyzval mezin\u00e1rodn\u00ed spole\u010denstv\u00ed, aby \u201ejasn\u011b pochopilo, co je hlavn\u00ed p\u0159\u00ed\u010dinou eskalace nap\u011bt\u00ed na Korejsk\u00e9m poloostrov\u011b a vyvol\u00e1n\u00ed nebezpe\u010d\u00ed ozbrojen\u00e9ho konfliktu\u201c, dodal s tvrzen\u00edm, \u017ee jihokorej\u0161t\u00ed \u201evojen\u0161t\u00ed \u0161tv\u00e1\u010di v\u00e1lky budou jist\u011b nuceni zaplatit vysokou cenu za svou neodpustitelnou hysterii\u201c.<\/span><\/p>\n<p><span dir=\"auto\">Jihokorejsk\u00fd ministr obrany An Gju-back pop\u0159el jakoukoli \u00fa\u010dast na vp\u00e1dech dron\u016f v z\u00e1\u0159\u00ed a za\u010d\u00e1tkem tohoto t\u00fddne. Ahn s tvrzen\u00edm, \u017ee drony nebyly modely provozovan\u00e9 jihokorejskou arm\u00e1dou, \u0159ekl agentu\u0159e Yonhap News, \u017ee tvrzen\u00ed Severn\u00ed Koreje \u201eabsolutn\u011b nejsou pravdiv\u00e1\u201c.<\/span><\/p>\n<p><span dir=\"auto\">Severokorejsk\u00e1 obvin\u011bn\u00ed jsou zn\u00e1mkou t\u00e9m\u011b\u0159 bl\u00ed\u017e\u00edc\u00ed se eskalace. Pchjongjang na takov\u00e9 \u010diny v\u017edycky reagoval tak \u010di onak. Zem\u011b by mohla reagovat stejnou cestou a vyslat do Ji\u017en\u00ed Koreje vlastn\u00ed drony. Takov\u00fd krok sice nevyvol\u00e1 v\u00e1lku, ale mohl by v\u00e9st ke st\u0159etu.<\/span><\/p>\n<p><img decoding=\"async\" loading=\"lazy\" class=\"alignnone size-full wp-image-1185\" src=\"http:\/\/www.infokuryr.cz\/n\/wp-content\/uploads\/2021\/04\/kuryr-podpis.png\" alt=\"\" width=\"84\" height=\"24\" \/><\/p>\n<p>&nbsp;<\/p>\n","protected":false},"excerpt":{"rendered":"<p>Severn\u00ed Korea 10. ledna ozn\u00e1mila, \u017ee Ji\u017en\u00ed Korea 4. ledna vpustila do jej\u00edho vzdu\u0161n\u00e9ho prostoru&#8230;<\/p>\n","protected":false},"author":2,"featured_media":96635,"comment_status":"closed","ping_status":"closed","sticky":false,"template":"","format":"standard","meta":[],"categories":[7],"tags":[3727,3417,1189,502],"_links":{"self":[{"href":"https:\/\/www.infokuryr.cz\/n\/wp-json\/wp\/v2\/posts\/96634"}],"collection":[{"href":"https:\/\/www.infokuryr.cz\/n\/wp-json\/wp\/v2\/posts"}],"about":[{"href":"https:\/\/www.infokuryr.cz\/n\/wp-json\/wp\/v2\/types\/post"}],"author":[{"embeddable":true,"href":"https:\/\/www.infokuryr.cz\/n\/wp-json\/wp\/v2\/users\/2"}],"replies":[{"embeddable":true,"href":"https:\/\/www.infokuryr.cz\/n\/wp-json\/wp\/v2\/comments?post=96634"}],"version-history":[{"count":1,"href":"https:\/\/www.infokuryr.cz\/n\/wp-json\/wp\/v2\/posts\/96634\/revisions"}],"predecessor-version":[{"id":96636,"href":"https:\/\/www.infokuryr.cz\/n\/wp-json\/wp\/v2\/posts\/96634\/revisions\/96636"}],"wp:featuredmedia":[{"embeddable":true,"href":"https:\/\/www.infokuryr.cz\/n\/wp-json\/wp\/v2\/media\/96635"}],"wp:attachment":[{"href":"https:\/\/www.infokuryr.cz\/n\/wp-json\/wp\/v2\/media?parent=96634"}],"wp:term":[{"taxonomy":"category","embeddable":true,"href":"https:\/\/www.infokuryr.cz\/n\/wp-json\/wp\/v2\/categories?post=96634"},{"taxonomy":"post_tag","embeddable":true,"href":"https:\/\/www.infokuryr.cz\/n\/wp-json\/wp\/v2\/tags?post=96634"}],"curies":[{"name":"wp","href":"https:\/\/api.w.org\/{rel}","templated":true}]}}