{"id":96632,"date":"2026-01-11T00:34:30","date_gmt":"2026-01-10T23:34:30","guid":{"rendered":"https:\/\/www.infokuryr.cz\/n\/?p=96632"},"modified":"2026-01-10T19:30:52","modified_gmt":"2026-01-10T18:30:52","slug":"kurdove-obkliceni-v-nemocnici-bojuji-na-zivot-a-na-smrt-zatimco-jejich-drony-zasahly-velitelstvi-syrske-armady-v-aleppu","status":"publish","type":"post","link":"https:\/\/www.infokuryr.cz\/n\/2026\/01\/11\/kurdove-obkliceni-v-nemocnici-bojuji-na-zivot-a-na-smrt-zatimco-jejich-drony-zasahly-velitelstvi-syrske-armady-v-aleppu\/","title":{"rendered":"Kurdov\u00e9 obkl\u00ed\u010den\u00ed v nemocnici bojuj\u00ed na \u017eivot a na smrt, zat\u00edmco jejich drony zas\u00e1hly velitelstv\u00ed syrsk\u00e9 arm\u00e1dy v Aleppu"},"content":{"rendered":"<div id=\"fb-root\"><\/div>\n<p><strong><span dir=\"auto\">S\u00edly syrsk\u00e9 prozat\u00edmn\u00ed vl\u00e1dy veden\u00e9 islamisty p\u0159evzaly do 11. ledna kontrolu nad A\u0161rafi\u00ed a velkou \u010d\u00e1st\u00ed sousedn\u00edho \u0160ajch Maks\u00fadu a obl\u00e9haly kurdsk\u00e9 bojovn\u00edky napojen\u00e9 na Syrsk\u00e9 demokratick\u00e9 s\u00edly (SDF) v nemocnici Ch\u00e1lida Fad\u017era a bl\u00edzk\u00fdch oblastech v severosyrsk\u00e9m m\u011bst\u011b Aleppo.<\/span><\/strong><\/p>\n<p><span dir=\"auto\">Vl\u00e1dn\u00ed s\u00edly p\u0159es noc rychle postupovaly ve dvou kurdsk\u00fdch \u010dtvrt\u00edch a donutily kurdsk\u00e9 bojovn\u00edky ustoupit do nemocnice, kter\u00e1 byla od za\u010d\u00e1tku bitvy zasa\u017eena v\u00edce ne\u017e jednou.<\/span><\/p>\n<p><span dir=\"auto\">Brzy r\u00e1no syrsk\u00e1 st\u00e1tn\u00ed m\u00e9dia uvedla, \u017ee 90 % \u00fazem\u00ed \u0160ajch Maks\u00fadu bylo zajato vl\u00e1dn\u00edmi silami. SDF v\u0161ak tato tvrzen\u00ed odm\u00edtla a v samostatn\u00fdch prohl\u00e1\u0161en\u00edch uvedla, \u017ee bojovn\u00edci z jej\u00edch bezpe\u010dnostn\u00edch sil Asaj\u00ed\u0161 \u201ekladou odpor\u201c v okol\u00ed p\u0159epln\u011bn\u00e9 nemocnice Ch\u00e1lida Fad\u017era a zni\u010dili hlavn\u00ed bojov\u00fd tank a dv\u011b obrn\u011bn\u00e1 vozidla.<\/span><\/p>\n<p><span dir=\"auto\">Pozd\u011bji se objevila videa, na kter\u00fdch je vid\u011bt nejm\u00e9n\u011b des\u00edtky \u017een a d\u011bt\u00ed, jak se ukr\u00fdvaj\u00ed v nemocnici, kde se o\u0161et\u0159uje i mnoho zran\u011bn\u00fdch.<\/span><\/p>\n<p><iframe loading=\"lazy\" src=\"https:\/\/s1.cdnstatic.space\/wp-content\/uploads\/2026\/01\/hos.mp4\" width=\"600\" height=\"338\" data-mce-fragment=\"1\"><\/iframe><\/p>\n<p><iframe loading=\"lazy\" src=\"https:\/\/s1.cdnstatic.space\/wp-content\/uploads\/2026\/01\/hos2.mp4\" width=\"600\" height=\"338\" data-mce-fragment=\"1\"><\/iframe><\/p>\n<p><iframe loading=\"lazy\" src=\"https:\/\/s1.cdnstatic.space\/wp-content\/uploads\/2026\/01\/hos3.mp4\" width=\"600\" height=\"338\" data-mce-fragment=\"1\"><\/iframe><\/p>\n<p><iframe loading=\"lazy\" src=\"https:\/\/s1.cdnstatic.space\/wp-content\/uploads\/2026\/01\/hos4.mp4\" width=\"600\" height=\"338\" data-mce-fragment=\"1\"><\/iframe><\/p>\n<p><iframe loading=\"lazy\" src=\"https:\/\/s1.cdnstatic.space\/wp-content\/uploads\/2026\/01\/hos5.mp4\" width=\"600\" height=\"338\" data-mce-fragment=\"1\"><\/iframe><\/p>\n<p><iframe loading=\"lazy\" src=\"https:\/\/s1.cdnstatic.space\/wp-content\/uploads\/2026\/01\/hos6.mp4\" width=\"600\" height=\"338\" data-mce-fragment=\"1\"><\/iframe><\/p>\n<p><span dir=\"auto\">Mnoho kurdsk\u00fdch bojovn\u00edk\u016f, kte\u0159\u00ed byli izolov\u00e1ni v oklik\u00e1ch vzd\u00e1len\u00fdch od nemocnice, bojovalo na \u017eivot a na smrt. St\u00e1tn\u00ed m\u00e9dia informovala, \u017ee nejm\u00e9n\u011b dva se odp\u00e1lili na front\u011b vl\u00e1dn\u00edch sil.<\/span><\/p>\n<p><span dir=\"auto\">SDF ve sv\u00e9m prohl\u00e1\u0161en\u00ed uvedly, \u017ee za\u010d\u00e1tkem odpoledne bojovn\u00edci skupiny Asayish odrazili dal\u0161\u00ed \u00fatoky pobl\u00ed\u017e nemocnice Khaled Fajr a zni\u010dili dal\u0161\u00ed dv\u011b obrn\u011bn\u00e1 vozidla.<\/span><\/p>\n<p><iframe loading=\"lazy\" src=\"https:\/\/s1.cdnstatic.space\/wp-content\/uploads\/2026\/01\/clash-1.mp4\" width=\"600\" height=\"338\" data-mce-fragment=\"1\"><\/iframe><\/p>\n<p><iframe loading=\"lazy\" src=\"https:\/\/s1.cdnstatic.space\/wp-content\/uploads\/2026\/01\/clash2.mp4\" width=\"600\" height=\"338\" data-mce-fragment=\"1\"><\/iframe><\/p>\n<p><iframe loading=\"lazy\" src=\"https:\/\/s1.cdnstatic.space\/wp-content\/uploads\/2026\/01\/video_2026-01-10_17-34-29.mp4\" width=\"600\" height=\"338\" data-mce-fragment=\"1\"><\/iframe><\/p>\n<p><span dir=\"auto\">Syrsk\u00fd vojensk\u00fd velitel kr\u00e1tce pot\u00e9 prost\u0159ednictv\u00edm st\u00e1tn\u00ed tiskov\u00e9 agentury SANA ozn\u00e1mil, \u017ee do 15:00 zastav\u00ed palbu a vy\u0161le autobusy k evakuaci kurdsk\u00fdch bojovn\u00edk\u016f, kte\u0159\u00ed se necht\u011bj\u00ed vzd\u00e1t, ze \u0160ajch Maks\u00fadu do m\u011bsta Tabk\u00e1 v ji\u017en\u00ed \u010d\u00e1sti Rakky, kter\u00e9 je pod kontrolou SDF.<\/span><\/p>\n<p><span dir=\"auto\">Kr\u00e1tce pot\u00e9, co vstoupilo v platnost p\u0159\u00edm\u011b\u0159\u00ed, SDF pop\u0159ely, \u017ee by bylo dosa\u017eeno dohody, a uvedly, \u017ee vl\u00e1dn\u00ed s\u00edly st\u00e1le \u00fato\u010d\u00ed na nemocnici Khaled Fajr.<\/span><\/p>\n<p><em><span dir=\"auto\">\u201eZat\u00edmco tyto subjekty vyd\u00e1vaj\u00ed sv\u00e1 zav\u00e1d\u011bj\u00edc\u00ed prohl\u00e1\u0161en\u00ed, na\u0161e s\u00edly odrazily prudk\u00fd \u00fatok milic\u00ed na z\u00e1padn\u00ed \u010dtvr\u0165 a zni\u010dily jedno z jejich obrn\u011bn\u00fdch vozidel. Na\u0161i bojovn\u00edci state\u010dn\u011b bojuj\u00ed v pouli\u010dn\u00edch bitv\u00e1ch, aby br\u00e1nili sv\u00e9 rodiny a sousedstv\u00ed,\u201c uvedly SDF ve sv\u00e9m prohl\u00e1\u0161en\u00ed.<\/span><\/em><\/p>\n<p><em><span dir=\"auto\">\u201eTato fale\u0161n\u00e1 tvrzen\u00ed odhaluj\u00ed skute\u010dnou zlo\u010dineckou tv\u00e1\u0159 dama\u0161sk\u00fdch vl\u00e1dn\u00edch milic\u00ed, kter\u00e9 b\u011b\u017en\u011b pou\u017e\u00edvaj\u00ed l\u017ei k zakryt\u00ed sv\u00fdch zlo\u010din\u016f a opakuj\u00ed stejnou taktiku, kterou pou\u017e\u00edvaly p\u0159i sv\u00fdch zv\u011brstvech v pob\u0159e\u017en\u00edch oblastech a v oblasti Suvajdy, v\u010detn\u011b ost\u0159elov\u00e1n\u00ed a c\u00edlen\u00ed na civilisty a civiln\u00ed infrastrukturu,\u201c pokra\u010dovala skupina.<\/span><\/em><\/p>\n<p><em><span dir=\"auto\">\u201ePova\u017eujeme dama\u0161skou vl\u00e1du a jej\u00ed milice za pln\u011b odpov\u011bdn\u00e9 za tyto zlo\u010diny a vyz\u00fdv\u00e1me mezin\u00e1rodn\u00ed spole\u010denstv\u00ed a organizace pro lidsk\u00e1 pr\u00e1va, aby prolomily ml\u010den\u00ed a okam\u017eit\u011b podnikly kroky k zastaven\u00ed tohoto poru\u0161ov\u00e1n\u00ed a pohnaly pachatele k odpov\u011bdnosti,\u201c dodala zpr\u00e1va.<\/span><\/em><\/p>\n<p><span dir=\"auto\">V n\u00e1sledn\u00e9m prohl\u00e1\u0161en\u00ed SDF uvedly, \u017ee bojovn\u00edci kmene Asayish zni\u010dili dal\u0161\u00ed t\u0159i tanky, v\u0161echny byly ter\u010dem tureck\u00fdch tank\u016f Baykar Bayraktar TB2. Turecko nab\u00eddlo podporu prob\u00edhaj\u00edc\u00edmu vl\u00e1dn\u00edmu \u00fatoku v Aleppu, ale jeho zapojen\u00ed dosud nebylo potvrzeno.<\/span><\/p>\n<p><span dir=\"auto\">Uprost\u0159ed st\u0159et\u016f v \u0160ajch Maks\u00fadu za\u00fato\u010dilo na Aleppo n\u011bkolik sebevra\u017eedn\u00fdch dron\u016f s pevn\u00fdmi k\u0159\u00eddly, p\u0159i\u010dem\u017e jeden zas\u00e1hl budovu guvern\u00e9ra a druh\u00fd velitelstv\u00ed vojensk\u00e9 rozv\u011bdky. St\u00e1tn\u00ed m\u00e9dia uvedla, \u017ee drony byly odp\u00e1leny z m\u011bsta Deir Hafer ve v\u00fdchodn\u00edm Aleppu jednotkami SDF, ale skupina jakoukoli \u00fa\u010dast pop\u0159ela. Agentura SANA uvedla, \u017ee \u010dty\u0159i lid\u00e9 byli zran\u011bni.<\/span><\/p>\n<p><iframe loading=\"lazy\" src=\"https:\/\/s1.cdnstatic.space\/wp-content\/uploads\/2026\/01\/drone-1.mp4\" width=\"600\" height=\"338\" data-mce-fragment=\"1\"><\/iframe><\/p>\n<p><iframe loading=\"lazy\" src=\"https:\/\/s1.cdnstatic.space\/wp-content\/uploads\/2026\/01\/dron2.mp4\" width=\"600\" height=\"338\" data-mce-fragment=\"1\"><\/iframe><\/p>\n<p><iframe loading=\"lazy\" src=\"https:\/\/s1.cdnstatic.space\/wp-content\/uploads\/2026\/01\/drone3.mp4\" width=\"600\" height=\"338\" data-mce-fragment=\"1\"><\/iframe><\/p>\n<p><span dir=\"auto\">Boje v Aleppu podle st\u00e1tn\u00edch m\u00e9di\u00ed ji\u017e vyhnaly z domov\u016f v\u00edce ne\u017e 150 000 lid\u00ed. Mnoz\u00ed z t\u011bch, kte\u0159\u00ed se v posledn\u00edch dvou dnech rozhodli opustit kurdsk\u00e9 \u010dtvrti, byli vl\u00e1dn\u00edmi silami sv\u00e9voln\u011b zat\u010deni, p\u0159esto\u017ee jim bylo sl\u00edbeno bezpe\u010d\u00ed. N\u011bkte\u0159\u00ed mu\u017ei byli ve\u0159ejn\u011b pon\u00ed\u017eeni. Jejich osud z\u016fst\u00e1v\u00e1 nezn\u00e1m\u00fd.<\/span><\/p>\n<p><iframe loading=\"lazy\" src=\"https:\/\/s1.cdnstatic.space\/wp-content\/uploads\/2026\/01\/arrest.mp4\" width=\"600\" height=\"338\" data-mce-fragment=\"1\"><\/iframe><\/p>\n<p><span dir=\"auto\">SDF projevily otev\u0159enost v\u016f\u010di politick\u00e9mu \u0159e\u0161en\u00ed, p\u0159i\u010dem\u017e spolup\u0159edseda jejich politick\u00e9ho k\u0159\u00eddla Ilham Ehmed brzy r\u00e1no otev\u0159en\u011b prohl\u00e1sil, \u017ee kurd\u0161t\u00ed bojovn\u00edci se st\u00e1hnou z Aleppa, pokud jejich \u010dtvrti budou m\u00edt vlastn\u00ed bezpe\u010dnostn\u00ed s\u00edly a m\u00edstn\u00ed zastupitelstvo.<\/span><\/p>\n<p><span dir=\"auto\">Vl\u00e1da se v\u0161ak zd\u00e1 b\u00fdt odhodl\u00e1na situaci eskalovat. Prohl\u00e1\u0161en\u00ed ministerstva zahrani\u010d\u00ed, zve\u0159ejn\u011bn\u00e9 uprost\u0159ed p\u0159\u00edm\u011b\u0159\u00ed odpoledne, obvinilo SDF z opakovan\u00e9ho poru\u0161ov\u00e1n\u00ed integra\u010dn\u00ed dohody uzav\u0159en\u00e9 v b\u0159eznu a \u00fatok na kurdsk\u00e9 \u010dtvrti v Aleppu ozna\u010dilo za \u201eomezenou operaci vym\u00e1h\u00e1n\u00ed pr\u00e1va\u201c.<\/span><\/p>\n<p><span dir=\"auto\">Neschopnost dos\u00e1hnout skute\u010dn\u00e9 dohody o p\u0159\u00edm\u011b\u0159\u00ed by mohla v\u00e9st k velk\u00e9mu konfliktu. \u00datok vl\u00e1dn\u00edch sil na nemocnici Khaled Fajr by skon\u010dil masakrem. Pokud k tomu dojde, boje se pravd\u011bpodobn\u011b roz\u0161\u00ed\u0159\u00ed z m\u011bsta Aleppo na venkov a pot\u00e9 do Rakky a Deir Ezzoru, co\u017e by znovu rozn\u00edtilo ob\u010danskou v\u00e1lku v S\u00fdrii.<\/span><\/p>\n<p><img decoding=\"async\" loading=\"lazy\" class=\"alignnone size-full wp-image-1185\" src=\"http:\/\/www.infokuryr.cz\/n\/wp-content\/uploads\/2021\/04\/kuryr-podpis.png\" alt=\"\" width=\"84\" height=\"24\" \/><\/p>\n<p>&nbsp;<\/p>\n","protected":false},"excerpt":{"rendered":"<p>S\u00edly syrsk\u00e9 prozat\u00edmn\u00ed vl\u00e1dy veden\u00e9 islamisty p\u0159evzaly do 11. ledna kontrolu nad A\u0161rafi\u00ed a velkou&#8230;<\/p>\n","protected":false},"author":2,"featured_media":96633,"comment_status":"closed","ping_status":"closed","sticky":false,"template":"","format":"standard","meta":[],"categories":[7],"tags":[1917,290,147,5135],"_links":{"self":[{"href":"https:\/\/www.infokuryr.cz\/n\/wp-json\/wp\/v2\/posts\/96632"}],"collection":[{"href":"https:\/\/www.infokuryr.cz\/n\/wp-json\/wp\/v2\/posts"}],"about":[{"href":"https:\/\/www.infokuryr.cz\/n\/wp-json\/wp\/v2\/types\/post"}],"author":[{"embeddable":true,"href":"https:\/\/www.infokuryr.cz\/n\/wp-json\/wp\/v2\/users\/2"}],"replies":[{"embeddable":true,"href":"https:\/\/www.infokuryr.cz\/n\/wp-json\/wp\/v2\/comments?post=96632"}],"version-history":[{"count":0,"href":"https:\/\/www.infokuryr.cz\/n\/wp-json\/wp\/v2\/posts\/96632\/revisions"}],"wp:featuredmedia":[{"embeddable":true,"href":"https:\/\/www.infokuryr.cz\/n\/wp-json\/wp\/v2\/media\/96633"}],"wp:attachment":[{"href":"https:\/\/www.infokuryr.cz\/n\/wp-json\/wp\/v2\/media?parent=96632"}],"wp:term":[{"taxonomy":"category","embeddable":true,"href":"https:\/\/www.infokuryr.cz\/n\/wp-json\/wp\/v2\/categories?post=96632"},{"taxonomy":"post_tag","embeddable":true,"href":"https:\/\/www.infokuryr.cz\/n\/wp-json\/wp\/v2\/tags?post=96632"}],"curies":[{"name":"wp","href":"https:\/\/api.w.org\/{rel}","templated":true}]}}