{"id":96628,"date":"2026-01-11T00:31:24","date_gmt":"2026-01-10T23:31:24","guid":{"rendered":"https:\/\/www.infokuryr.cz\/n\/?p=96628"},"modified":"2026-01-10T19:24:39","modified_gmt":"2026-01-10T18:24:39","slug":"emir-al-kaidy-na-arabskem-poloostrove-by-se-brzy-mohl-stat-prezidentem-jemenu","status":"publish","type":"post","link":"https:\/\/www.infokuryr.cz\/n\/2026\/01\/11\/emir-al-kaidy-na-arabskem-poloostrove-by-se-brzy-mohl-stat-prezidentem-jemenu\/","title":{"rendered":"\u201eEm\u00edr\u201c al-K\u00e1idy na Arabsk\u00e9m poloostrov\u011b by se brzy mohl st\u00e1t prezidentem Jemenu"},"content":{"rendered":"<div id=\"fb-root\"><\/div>\n<p><strong><span dir=\"auto\">V posledn\u00edch t\u00fddnech se dlouholet\u00ed spojenci Sa\u00fadsk\u00e1 Ar\u00e1bie a Spojen\u00e9 arabsk\u00e9 emir\u00e1ty zapojili do p\u0159ekvapiv\u00e9ho boje o kontrolu nad velkou \u010d\u00e1st\u00ed Jemenu.<\/span><\/strong><\/p>\n<p><span dir=\"auto\">Kr\u00e1lovstv\u00ed z konfliktu vy\u0161lo v\u00edt\u011bzn\u011b. Jeho spojenci, zastoupen\u00ed p\u0159edev\u0161\u00edm Prezidentskou radou veden\u00ed (PLC), porazili spojence z Ab\u00fa Zab\u00ed, konkr\u00e9tn\u011b Ji\u017en\u00ed p\u0159echodnou radu (STC). Separatistick\u00e1 rada zah\u00e1jila konflikt na za\u010d\u00e1tku prosince pokusem o p\u0159evzet\u00ed \u00fazem\u00ed zanikl\u00e9 Jemensk\u00e9 lidov\u011b demokratick\u00e9 republiky a nakonec se rozpustila, p\u0159i\u010dem\u017e velk\u00e1 \u010d\u00e1st jej\u00edho veden\u00ed za\u010d\u00e1tkem tohoto t\u00fddne uprchla ze zem\u011b.<\/span><\/p>\n<p><span dir=\"auto\">Uprost\u0159ed tohoto konfliktu se em\u00edr [princ] al-K\u00e1idy na Arabsk\u00e9m poloostrov\u011b (AQAP) Sa&#8217;ad bin Atef al-Awlaki nep\u0159\u00edmo vyj\u00e1d\u0159il pochvalu za \u00fasil\u00ed proti STC a SAE.<\/span><\/p>\n<p><em><span dir=\"auto\">\u201eDnes byla v na\u0161em Jemenu zlomena modla z modl polyteismu, nev\u00edry a bludu a spolu s n\u00ed byl rozbit i symbol symbol\u016f nen\u00e1vistn\u00fdch zedn\u00e1\u0159sk\u00fdch instituc\u00ed,\u201c uvedl al-Awlaki v \u010dl\u00e1nku zve\u0159ejn\u011bn\u00e9m nadac\u00ed Al-Malahem Media, kter\u00e1 je sou\u010d\u00e1st\u00ed Al-K\u00e1idy, 23. prosince, jen t\u00fdden p\u0159edt\u00edm, ne\u017e Sa\u00fadsk\u00e1 Ar\u00e1bie p\u0159\u00edmo zas\u00e1hla a donutila SAE k \u00fastupu z Jemenu.<\/span><\/em><\/p>\n<p><span dir=\"auto\">Radost al-Awl\u00e1kiho z konce vlivu emir\u00e1t\u016f v Jemenu nen\u00ed p\u0159ekvapiv\u00e1. Spojen\u00e9 arabsk\u00e9 emir\u00e1ty dlouhodob\u011b hraj\u00ed kl\u00ed\u010dovou roli v boji proti AQAP.<\/span><\/p>\n<p><span dir=\"auto\">Ve skute\u010dnosti u\u017e v samotn\u00e9m prohl\u00e1\u0161en\u00ed, kdy Ab\u00fa Zab\u00ed ozn\u00e1milo sta\u017een\u00ed sv\u00fdch posledn\u00edch sil z Jemenu 30. prosince, varovalo p\u0159ed \u0159adou bezpe\u010dnostn\u00edch hrozeb a v\u00fdzev, v\u010detn\u011b al-K\u00e1idy.<\/span><\/p>\n<p><em><span dir=\"auto\">\u201eTento v\u00fdvoj vyvol\u00e1v\u00e1 legitimn\u00ed ot\u00e1zky ohledn\u011b toho, jak byl tento probl\u00e9m a jeho mo\u017en\u00e9 d\u016fsledky \u0159e\u0161eny v dob\u011b, kter\u00e1 vy\u017eaduje nejvy\u0161\u0161\u00ed \u00farove\u0148 koordinace, zdr\u017eenlivosti a moudrosti, zejm\u00e9na s ohledem na p\u0159etrv\u00e1vaj\u00edc\u00ed bezpe\u010dnostn\u00ed v\u00fdzvy a hrozby, kter\u00e9 p\u0159edstavuj\u00ed teroristick\u00e9 skupiny, v\u010detn\u011b al-K\u00e1idy, H\u00fat\u00ed\u016f a Muslimsk\u00e9ho bratrstva, v r\u00e1mci mezin\u00e1rodn\u00edho \u00fasil\u00ed zam\u011b\u0159en\u00e9ho na boj proti terorismu a extremismu a na podporu p\u0159\u00edle\u017eitost\u00ed k deeskalaci a stabilit\u011b,\u201c uvedlo ve sv\u00e9m prohl\u00e1\u0161en\u00ed ministerstvo zahrani\u010d\u00ed Spojen\u00fdch arabsk\u00fdch emir\u00e1t\u016f.<\/span><\/em><\/p>\n<p><a href=\"https:\/\/www.thenationalnews.com\/news\/mena\/2025\/12\/30\/uae-counterterrorist-forces-played-crucial-role-against-al-qaeda-in-yemen\/\"><span dir=\"auto\">List The National<\/span><\/a><span dir=\"auto\">\u00a0, kter\u00fd s\u00eddl\u00ed ve Spojen\u00fdch arabsk\u00fdch emir\u00e1tech, ve zpr\u00e1v\u011b zve\u0159ejn\u011bn\u00e9 v t\u00e9 dob\u011b varoval, \u017ee sta\u017een\u00ed sil Emir\u00e1tu zanech\u00e1 vakuum, kter\u00e9ho by mohla teroristick\u00e1 skupina vyu\u017e\u00edt.<\/span><\/p>\n<p><em><span dir=\"auto\">\u201eProtiteroristick\u00e9 \u00fasil\u00ed bude oslabeno, jakmile Spojen\u00e9 arabsk\u00e9 emir\u00e1ty odejdou z Jemenu,\u201c \u0159ekl novin\u00e1m Farea Al Muslimi, jemensk\u00fd expert z think-tanku Chatham House. \u201eV minulosti provedli n\u011bkolik operac\u00ed, n\u011bkter\u00e9 v koordinaci s Ameri\u010dany, n\u011bkter\u00e9 v koordinaci s Brity. Ale krom\u011b nich [SAE] neexistuje nikdo, kdo by skute\u010dn\u011b provedl operace speci\u00e1ln\u00edch jednotek proti Al-K\u00e1id\u011b a podobn\u00fdm teroristick\u00fdm c\u00edl\u016fm.\u201c<\/span><\/em><\/p>\n<p><span dir=\"auto\">Britsk\u00fd zdroj z ministerstva obrany s vazbami na Bl\u00edzk\u00fd v\u00fdchod tak\u00e9 listu The National prozradil, \u017ee s\u00edly Emir\u00e1t\u016f hr\u00e1ly \u201ekl\u00ed\u010dovou roli\u201c v koordinaci akc\u00ed nejen proti AQAP, ale i proti ISIS.<\/span><\/p>\n<p><em><span dir=\"auto\">\u201eProvedli \u0159adu operac\u00ed\u2026 a v Jemenu se zam\u011b\u0159ili na speci\u00e1ln\u00ed sp\u00edc\u00ed bu\u0148ky,\u201c \u0159ekl.<\/span><\/em><\/p>\n<p><span dir=\"auto\">Al-Awlaki, dlouholet\u00fd \u010dlen rady \u0161\u00fary AQAP, se ujal veden\u00ed teroristick\u00e9 skupiny po smrti jej\u00edho b\u00fdval\u00e9ho em\u00edra Ch\u00e1lida Sa\u00edda Batarf\u00edho. Jeho jmenov\u00e1n\u00ed ofici\u00e1ln\u011b ozn\u00e1mila agentura Al-Malahem Media 11. b\u0159ezna 2024.<\/span><\/p>\n<p><span dir=\"auto\">Za zm\u00ednku stoj\u00ed, \u017ee od roku 2019 a\u017e do smrti Batarfiho vedl on i al-Awlaki oba konfliktn\u00ed sektory AQAP. Podle OSN byl tento konflikt zp\u016fsoben Batarfiho nechut\u00ed k ji\u017en\u00edm jemensk\u00fdm kmen\u016fm a al-Awlakiho podporou t\u011bchto kmen\u016f.<\/span><\/p>\n<p><span dir=\"auto\">Od doby, kdy se al-Awlaki dostal k moci, proch\u00e1z\u00ed AQAP f\u00e1z\u00ed reorganizace a reorganizace, p\u0159i\u010dem\u017e t\u011b\u017e\u00ed zejm\u00e9na z rozkolu mezi PLC a STC. Vzhledem k rozpu\u0161t\u011bn\u00ed druh\u00e9 jmenovan\u00e9 m\u00e1 al-Awlaki bezprecedentn\u00ed \u0161anci roz\u0161\u00ed\u0159it vliv t\u00e9to teroristick\u00e9 skupiny v ji\u017en\u00edm Jemenu.<\/span><\/p>\n<p><span dir=\"auto\">Tato hrozba je Sa\u00fadsk\u00e9 Ar\u00e1bii pravd\u011bpodobn\u011b zcela jasn\u00e1 a m\u016f\u017ee v n\u00ed vid\u011bt velkou p\u0159\u00edle\u017eitost. B\u011bhem uplynul\u00e9ho roku se kr\u00e1lovstv\u00ed stalo jedn\u00edm z hlavn\u00edch podporovatel\u016f vl\u00e1dy prezidenta Ahmada a\u0161-\u0160\u00e1r\u00e1a v S\u00fdrii, kter\u00fd byl stejn\u011b jako al-Awlak kdysi em\u00edrem al-K\u00e1idy.<\/span><\/p>\n<p><span dir=\"auto\">Spojenci Sa\u00fadsk\u00e9 Ar\u00e1bie v Jemenu, v\u010detn\u011b t\u011bch zastoupen\u00fdch PLC, byli do zna\u010dn\u00e9 m\u00edry neefektivn\u00ed, s vnit\u0159n\u00edmi rozpory, rozs\u00e1hlou korupc\u00ed a nedostatkem loajality. Bez p\u0159\u00edm\u00e9ho z\u00e1sahu kr\u00e1lovstv\u00ed a rozhodnut\u00ed SAE ustoupit by si nikdy nez\u00edskali na svou stranu STC, kter\u00e1 b\u011bhem n\u011bkolika dn\u00ed za\u010d\u00e1tkem prosince dobyla v\u011bt\u0161inu jejich \u00fazem\u00ed.<\/span><\/p>\n<p><span dir=\"auto\">P\u0159i pohledu na S\u00fdrii se n\u011bkte\u0159\u00ed v Rij\u00e1du mohou p\u0159ikl\u00e1n\u011bt k domn\u011bnce, \u017ee n\u011bkdo jako al-Awlaki by mohl nastolit \u0159\u00e1d a discipl\u00ednu, kterou jejich spojenci pot\u0159ebuj\u00ed.<\/span><\/p>\n<p><span dir=\"auto\">Na rozd\u00edl od \u0160\u00e1r\u00e1a v\u0161ak al-Awlaki dosud nep\u0159eru\u0161il vazby s al-K\u00e1idou ani se nepokusil jasn\u011b prezentovat jako politick\u00fd v\u016fdce. P\u0159esto se v jeho r\u00e9torice objevuj\u00ed n\u00e1znaky zm\u011bny.<\/span><\/p>\n<div id=\"attachment_238159\" class=\"wp-caption aligncenter\" style=\"width: 588px;\"><a href=\"https:\/\/s1.cdnstatic.space\/wp-content\/uploads\/2026\/01\/President_Donald_Trump_with_Saudi_Crown_Prince_Mohammed_Bin_Salman_and_President_of_Syria_Ahmed_al-Sharaa_2025_cropped.jpg\" target=\"_blank\" rel=\"noopener\"><img decoding=\"async\" loading=\"lazy\" class=\"wp-image-238159\" src=\"https:\/\/s1.cdnstatic.space\/wp-content\/uploads\/2026\/01\/President_Donald_Trump_with_Saudi_Crown_Prince_Mohammed_Bin_Salman_and_President_of_Syria_Ahmed_al-Sharaa_2025_cropped.jpg\" sizes=\"(max-width: 600px) 100vw, 600px\" srcset=\"https:\/\/s5.cdnstatic.space\/wp-content\/uploads\/2026\/01\/President_Donald_Trump_with_Saudi_Crown_Prince_Mohammed_Bin_Salman_and_President_of_Syria_Ahmed_al-Sharaa_2025_cropped.jpg 952w, https:\/\/s5.cdnstatic.space\/wp-content\/uploads\/2026\/01\/President_Donald_Trump_with_Saudi_Crown_Prince_Mohammed_Bin_Salman_and_President_of_Syria_Ahmed_al-Sharaa_2025_cropped-296x300.jpg 296w, https:\/\/s5.cdnstatic.space\/wp-content\/uploads\/2026\/01\/President_Donald_Trump_with_Saudi_Crown_Prince_Mohammed_Bin_Salman_and_President_of_Syria_Ahmed_al-Sharaa_2025_cropped-768x778.jpg 768w, https:\/\/s5.cdnstatic.space\/wp-content\/uploads\/2026\/01\/President_Donald_Trump_with_Saudi_Crown_Prince_Mohammed_Bin_Salman_and_President_of_Syria_Ahmed_al-Sharaa_2025_cropped-75x75.jpg 75w, https:\/\/s5.cdnstatic.space\/wp-content\/uploads\/2026\/01\/President_Donald_Trump_with_Saudi_Crown_Prince_Mohammed_Bin_Salman_and_President_of_Syria_Ahmed_al-Sharaa_2025_cropped-45x45.jpg 45w\" alt=\"\" width=\"588\" height=\"596\" aria-describedby=\"caption-attachment-238159\" \/><\/a><\/p>\n<p id=\"caption-attachment-238159\" class=\"wp-caption-text\"><em><span dir=\"auto\">Al-\u0160araa s americk\u00fdm prezidentem Donaldem Trumpem a korunn\u00edm princem Sa\u00fadsk\u00e9 Ar\u00e1bie Muhammadem bin Salm\u00e1nem v Rij\u00e1du v Sa\u00fadsk\u00e9 Ar\u00e1bii. (B\u00edl\u00fd d\u016fm)<\/span><\/em><\/p>\n<\/div>\n<p><span dir=\"auto\">V \u010dervnu zve\u0159ejnil al-Awlaki dlouh\u00e9 video, v n\u011bm\u017e vyhro\u017eoval americk\u00fdm osobnostem, v\u010detn\u011b prezidenta Donalda Trumpa, viceprezidenta J. D. Vance a dokonce i miliard\u00e1\u0159e Elona Muska. Prohl\u00e1sil, \u017ee neexistuj\u00ed \u201e\u017e\u00e1dn\u00e9 \u010derven\u00e9 linie\u201c a vyz\u00fdval k \u00fatok\u016fm osam\u011bl\u00fdch vlk\u016f, \u201ed\u017eih\u00e1du\u201c a atent\u00e1t\u016fm na americk\u00e9 p\u016fd\u011b. Ve sv\u00e9m projevu rovn\u011b\u017e nab\u00e1dal k \u00fatok\u016fm na v\u016fdce v Egypt\u011b, Jord\u00e1nsku a st\u00e1tech Persk\u00e9ho z\u00e1livu.<\/span><\/p>\n<p><span dir=\"auto\">Reakce USA p\u0159i\u0161la v \u010dervenci, kdy program Odm\u011bny za spravedlnost Ministerstva zahrani\u010d\u00ed zv\u00fd\u0161il odm\u011bnu za n\u011bj z 6 milion\u016f dolar\u016f a\u017e na 10 milion\u016f dolar\u016f.<\/span><\/p>\n<p><span dir=\"auto\">Je zaj\u00edmav\u00e9, \u017ee v nejnov\u011bj\u0161\u00ed zpr\u00e1v\u011b Al-Malahem Media z prosince se al-Awlaki zam\u011b\u0159il na \u010c\u00ednu a pohrozil j\u00ed za jej\u00ed zach\u00e1zen\u00ed s ujgursk\u00fdmi muslimy. Uvedl, \u017ee skupina \u201epe\u010dliv\u011b sleduje\u201c politiku Pekingu a pohrozil, \u017ee ho bude volat k odpov\u011bdnosti \u00fatokem na \u010d\u00ednsk\u00e9 z\u00e1jmy \u201ena sou\u0161i i na mo\u0159i\u201c.<\/span><\/p>\n<div id=\"attachment_238157\" class=\"wp-caption aligncenter\" style=\"width: 593px;\"><a href=\"https:\/\/s1.cdnstatic.space\/wp-content\/uploads\/2026\/01\/AQAP-1-1920x1125-1.jpg\"><img decoding=\"async\" loading=\"lazy\" class=\"wp-image-238157\" src=\"https:\/\/s1.cdnstatic.space\/wp-content\/uploads\/2026\/01\/AQAP-1-1920x1125-1-1024x600.jpg\" sizes=\"(max-width: 600px) 100vw, 600px\" srcset=\"https:\/\/s5.cdnstatic.space\/wp-content\/uploads\/2026\/01\/AQAP-1-1920x1125-1-1024x600.jpg 1024w, https:\/\/s5.cdnstatic.space\/wp-content\/uploads\/2026\/01\/AQAP-1-1920x1125-1-490x287.jpg 490w, https:\/\/s5.cdnstatic.space\/wp-content\/uploads\/2026\/01\/AQAP-1-1920x1125-1-768x450.jpg 768w, https:\/\/s5.cdnstatic.space\/wp-content\/uploads\/2026\/01\/AQAP-1-1920x1125-1-1536x900.jpg 1536w, https:\/\/s5.cdnstatic.space\/wp-content\/uploads\/2026\/01\/AQAP-1-1920x1125-1.jpg 1920w\" alt=\"\" width=\"593\" height=\"348\" aria-describedby=\"caption-attachment-238157\" \/><\/a><\/p>\n<p id=\"caption-attachment-238157\" class=\"wp-caption-text\"><em><span dir=\"auto\">Kliknut\u00edm zobraz\u00edte obr\u00e1zek v pln\u00e9 velikosti. (Ministerstvo zahrani\u010d\u00ed USA)<\/span><\/em><\/p>\n<\/div>\n<p><span dir=\"auto\">I kdy\u017e je tato zm\u011bna nepatrn\u00e1, jeliko\u017e v\u016fdce AQAP zcela neopustil svou v\u00fdzvu k n\u00e1sil\u00ed proti USA, ukazuje to, \u017ee na n\u011bj m\u011bl vliv tlak ze strany Washingtonu.<\/span><\/p>\n<p><span dir=\"auto\">Tato taktika je p\u0159esnou kopi\u00ed t\u00e9, kterou USA uplat\u0148ovaly v\u016f\u010di \u0160ar\u00e1ovi od roku 2017 a\u017e do jeho p\u0159evzet\u00ed S\u00fdrie v roce 2024, co\u017e vedlo k jeho vy\u0159azen\u00ed ze seznam\u016f terorist\u016f a setk\u00e1n\u00ed s Trumpem v roce 2025. Je velmi nepravd\u011bpodobn\u00e9, \u017ee by se Washington pokusil vnucovat stejn\u00fd p\u0159\u00edstup al-Awlakimu bez \u00fa\u010dasti Sa\u00fadsk\u00e9 Ar\u00e1bie, kl\u00ed\u010dov\u00e9ho hr\u00e1\u010de v Jemenu. Nap\u0159\u00edklad anga\u017em\u00e1 se \u0160ar\u00e1ou v S\u00fdrii prob\u00edhalo p\u0159ev\u00e1\u017en\u011b prost\u0159ednictv\u00edm Turecka.<\/span><\/p>\n<p><span dir=\"auto\">Dal\u0161\u00edm znakem pokus\u016f o o\u010dern\u011bn\u00ed al-Awl\u00e1kiho byl n\u00e1hl\u00fd z\u00e1jem z\u00e1padn\u00edch v\u00fdzkumn\u00fdch skupin a think-tank\u016f o jeho charakter.<\/span><\/p>\n<p><span dir=\"auto\">V \u010dl\u00e1nku ze z\u00e1\u0159\u00ed s n\u00e1zvem \u201eSa&#8217;ad bin Atef al-Awlaki: Nejhledan\u011bj\u0161\u00ed v\u016fdce AQAP\u201c popisuje\u00a0<\/span><a href=\"https:\/\/jamestown.org\/saad-bin-atef-al-awlaki-aqaps-most-wanted-leader\/\"><span dir=\"auto\">Jamestownova nadace \u2013<\/span><\/a><span dir=\"auto\">\u00a0p\u016fvodn\u011b zalo\u017een\u00e1 v 80. letech s pomoc\u00ed CIA jako platforma na podporu sov\u011btsk\u00fdch p\u0159eb\u011bhl\u00edk\u016f \u2013 mu\u017ee p\u0159\u00edmo jako \u201eefektivn\u00edho v\u016fdce\u201c a diskutuje o jeho zam\u011b\u0159en\u00ed na upevn\u011bn\u00ed struktury AQAP \u2013 v\u010detn\u011b restrukturalizace skupiny, zlep\u0161en\u00ed podm\u00ednek pro bojovn\u00edky a omezen\u00ed infiltrac\u00ed \u2013, pos\u00edlen\u00ed kmenov\u00fdch vazeb \u2013 s v\u011bdom\u00edm jeho ko\u0159en\u016f v kmeni al-Awlaki v provincii \u0160abv\u00e1, co\u017e napom\u00e1h\u00e1 m\u00edstn\u00ed podpo\u0159e a potenci\u00e1ln\u00edmu znovuz\u00edsk\u00e1n\u00ed oblast\u00ed jako Abyan a \u0160abv\u00e1 \u2013 a pos\u00edlen\u00ed medi\u00e1ln\u00edho apar\u00e1tu skupiny tak, aby konkuroval nebo p\u0159edb\u011bhl j\u00e1dro Al-K\u00e1idy v dosahu a vlivu.<\/span><\/p>\n<p><span dir=\"auto\">\u010cetn\u00e9 podobn\u00e9 \u010dl\u00e1nky a zpr\u00e1vy o \u0160\u00e1r\u00e1ovi, d\u0159\u00edve zn\u00e1m\u00e9m jako Ab\u00fa Mohamad al-D\u017eul\u00e1n\u00ed, zve\u0159ejnily z\u00e1padn\u00ed v\u00fdzkumn\u00e9 skupiny po roce 2017, nejprve s c\u00edlem nafouknout jeho pocit sebe\u00facty a pozd\u011bji zast\u00ednit jeho minul\u00e9 vazby na al-K\u00e1idu.<\/span><\/p>\n<div id=\"attachment_238158\" class=\"wp-caption aligncenter\" style=\"width: 511px;\"><a href=\"https:\/\/s1.cdnstatic.space\/wp-content\/uploads\/2026\/01\/Screen-Shot-2017-05-10-at-1.33.34-PM.jpg\" target=\"_blank\" rel=\"noopener\"><img decoding=\"async\" loading=\"lazy\" class=\"wp-image-238158\" src=\"https:\/\/s1.cdnstatic.space\/wp-content\/uploads\/2026\/01\/Screen-Shot-2017-05-10-at-1.33.34-PM-791x1024.jpg\" sizes=\"auto, (max-width: 600px) 100vw, 600px\" srcset=\"https:\/\/s5.cdnstatic.space\/wp-content\/uploads\/2026\/01\/Screen-Shot-2017-05-10-at-1.33.34-PM-791x1024.jpg 791w, https:\/\/s5.cdnstatic.space\/wp-content\/uploads\/2026\/01\/Screen-Shot-2017-05-10-at-1.33.34-PM-232x300.jpg 232w, https:\/\/s5.cdnstatic.space\/wp-content\/uploads\/2026\/01\/Screen-Shot-2017-05-10-at-1.33.34-PM-768x994.jpg 768w, https:\/\/s5.cdnstatic.space\/wp-content\/uploads\/2026\/01\/Screen-Shot-2017-05-10-at-1.33.34-PM.jpg 811w\" alt=\"\" width=\"511\" height=\"662\" aria-describedby=\"caption-attachment-238158\" \/><\/a><\/p>\n<p id=\"caption-attachment-238158\" class=\"wp-caption-text\"><em><span dir=\"auto\">Kliknut\u00edm zobraz\u00edte obr\u00e1zek v pln\u00e9 velikosti. (Ministerstvo zahrani\u010d\u00ed USA)<\/span><\/em><\/p>\n<\/div>\n<p><span dir=\"auto\">Dosazen\u00ed zaryt\u00fdch d\u017eih\u00e1dist\u016f, jako je al-Awlaki, k moci v Jemenu m\u016f\u017ee b\u00fdt prvn\u00edm krokem v \u0161ir\u0161\u00edm sa\u00fadskoamerick\u00e9m pl\u00e1nu boje proti H\u00fat\u00ed\u016fm (Ansar Allah), kte\u0159\u00ed jsou naklon\u011bni \u00cdr\u00e1nu.<\/span><\/p>\n<p><span dir=\"auto\">Spojenci Sa\u00fadsk\u00e9 Ar\u00e1bie a Spojen\u00fdch arabsk\u00fdch emir\u00e1t\u016f po l\u00e9ta nedok\u00e1zali tuto skupinu, kter\u00e1 se po sv\u00e9 posledn\u00ed kampani proti Izraeli a USA na podporu p\u00e1sma Gazy stala region\u00e1ln\u00edm hr\u00e1\u010dem, postavit.<\/span><\/p>\n<p><span dir=\"auto\">Celkov\u011b vzato nen\u00ed pochyb o tom, \u017ee konec vlivu SAE v Jemenu poskytuje AQAP bezprecedentn\u00ed \u0161anci na expanzi. Jeho budoucnost pravd\u011bpodobn\u011b ur\u010d\u00ed, jak bude al-Awlaki reagovat na rostouc\u00ed vliv Sa\u00fadsk\u00e9 Ar\u00e1bie a tlak ze strany USA.<\/span><\/p>\n<p><span dir=\"auto\">Ale vzhledem ke v\u0161emu, co se v S\u00fdrii stalo, by nikoho nem\u011blo p\u0159ekvapit, kdyby se al-Awlaki stal prezidentem Jemenu a za p\u00e1r let setkal se sa\u00fadsk\u00fdm korunn\u00edm princem a prezidentem USA.<\/span><\/p>\n<p><img decoding=\"async\" loading=\"lazy\" class=\"alignnone size-full wp-image-1185\" src=\"http:\/\/www.infokuryr.cz\/n\/wp-content\/uploads\/2021\/04\/kuryr-podpis.png\" alt=\"\" width=\"84\" height=\"24\" \/><\/p>\n<p>&nbsp;<\/p>\n","protected":false},"excerpt":{"rendered":"<p>V posledn\u00edch t\u00fddnech se dlouholet\u00ed spojenci Sa\u00fadsk\u00e1 Ar\u00e1bie a Spojen\u00e9 arabsk\u00e9 emir\u00e1ty zapojili do p\u0159ekvapiv\u00e9ho&#8230;<\/p>\n","protected":false},"author":2,"featured_media":96629,"comment_status":"closed","ping_status":"closed","sticky":false,"template":"","format":"standard","meta":[],"categories":[7],"tags":[2944,6504,1400,165],"_links":{"self":[{"href":"https:\/\/www.infokuryr.cz\/n\/wp-json\/wp\/v2\/posts\/96628"}],"collection":[{"href":"https:\/\/www.infokuryr.cz\/n\/wp-json\/wp\/v2\/posts"}],"about":[{"href":"https:\/\/www.infokuryr.cz\/n\/wp-json\/wp\/v2\/types\/post"}],"author":[{"embeddable":true,"href":"https:\/\/www.infokuryr.cz\/n\/wp-json\/wp\/v2\/users\/2"}],"replies":[{"embeddable":true,"href":"https:\/\/www.infokuryr.cz\/n\/wp-json\/wp\/v2\/comments?post=96628"}],"version-history":[{"count":0,"href":"https:\/\/www.infokuryr.cz\/n\/wp-json\/wp\/v2\/posts\/96628\/revisions"}],"wp:featuredmedia":[{"embeddable":true,"href":"https:\/\/www.infokuryr.cz\/n\/wp-json\/wp\/v2\/media\/96629"}],"wp:attachment":[{"href":"https:\/\/www.infokuryr.cz\/n\/wp-json\/wp\/v2\/media?parent=96628"}],"wp:term":[{"taxonomy":"category","embeddable":true,"href":"https:\/\/www.infokuryr.cz\/n\/wp-json\/wp\/v2\/categories?post=96628"},{"taxonomy":"post_tag","embeddable":true,"href":"https:\/\/www.infokuryr.cz\/n\/wp-json\/wp\/v2\/tags?post=96628"}],"curies":[{"name":"wp","href":"https:\/\/api.w.org\/{rel}","templated":true}]}}