{"id":96627,"date":"2026-01-11T00:29:48","date_gmt":"2026-01-10T23:29:48","guid":{"rendered":"https:\/\/www.infokuryr.cz\/n\/?p=96627"},"modified":"2026-01-10T19:20:55","modified_gmt":"2026-01-10T18:20:55","slug":"miroslav-petr-konspirace-o-vrbeticich","status":"publish","type":"post","link":"https:\/\/www.infokuryr.cz\/n\/2026\/01\/11\/miroslav-petr-konspirace-o-vrbeticich\/","title":{"rendered":"Miroslav Petr: Konspirace o Vrb\u011btic\u00edch"},"content":{"rendered":"<div id=\"fb-root\"><\/div>\n<p><strong>Zda se jedn\u00e1 o\u00a0 konspiraci nebo fakta, posu\u010fte sami. \u010cerp\u00e1m z videa na Aeronetu a z informac\u00ed\u00a0 Svobodn\u00e9ho radia, kdy tam s panem Kapalem diskutoval velmi zn\u00e1m\u00fd \u0161pi\u010dkov\u00fd odborn\u00edk na arm\u00e1dn\u00ed z\u00e1le\u017eitosti, kter\u00fd m\u00e1 zak\u00e1z\u00e1no vystupovat v televizi. U\u017e to o n\u011b\u010dem sv\u011bd\u010d\u00ed, proto\u017ee z\u00e1kazy v medi\u00edch m\u00edvaj\u00ed jen ti, co mluv\u00ed nekorektn\u00ed pravdu.<\/strong><\/p>\n<p>V t\u00e9 dob\u011b rusk\u00e1 tajn\u00e1 \u0161pion\u00e1\u017e zat\u00fdkala dva zlo\u010dince, kte\u0159\u00ed cht\u011bli prov\u00e9st atent\u00e1t na b\u011blorusk\u00e9ho prezidenta. Aby tato informace nevy\u0161la na ve\u0159ejnost, okam\u017eit\u011b velvyslanectv\u00ed USA v Praze na\u0159\u00eddilo Sobotkovi a Babi\u0161ovi, aby si na v\u00fdbuch ve Vrb\u011btic\u00edch vymysleli, \u017ee to provedli dva ru\u0161t\u00ed agenti. N\u00e1\u0161 arm\u00e1dn\u00ed odborn\u00edk \u0159ekl, \u017ee pokud by skute\u010dn\u011b vybuchl sklad munice, Vrb\u011btice by okam\u017eit\u011b zmizely z mapy! Ve skute\u010dnosti \u0161lo o fingovan\u00fd v\u00fdbuch, dokonce opakovan\u00fd, aby se zahladily stopy po v\u00fdvozu zbran\u00ed do zak\u00e1zan\u00fdch zem\u00ed. Jak je mo\u017en\u00e9, \u017ee BIS, kter\u00e1 je placen\u00e1 za ochranu p\u0159ed terorismem a jin\u00fdm ohro\u017een\u00edm st\u00e1tu, o tom v\u016fbec nev\u011bd\u011bla?? Proto si na velvyslanectv\u00ed rychle vymysleli jak\u00e9hosi \u010cuka a Geka, kte\u0159\u00ed se p\u0159edem objednali, uk\u00e1zali dokonce sv\u00e9 doklady toto\u017enosti i s fotografi\u00ed a pak d\u00edrou v plot\u011b vnikly do are\u00e1lu&#8230;Ani Hajaja by si nevymyslel tak hloupou poh\u00e1dku.<\/p>\n<p>Pro\u010d p\u0159\u00edslu\u0161n\u00e9 org\u00e1ny ihned neohl\u00e1sili Interpolu p\u00e1tr\u00e1n\u00ed po t\u00e9to dvojici, kdy\u017e znali jejich toto\u017enost? Pro\u010d by m\u011bl Interpol vy\u0161et\u0159ovat n\u011bco, kde chyb\u00ed sebemen\u0161\u00ed d\u016fkazy? Po\u0159\u00e1d nic?<\/p>\n<p>8. ledna se v Bruseli projedn\u00e1vala dohoda o voln\u00e9m obchod\u011b s jihoamerick\u00fdmi zem\u011bmi. Jde o likvidaci evropsk\u00fdch zem\u011bd\u011blc\u016f regulacemi, nesmysln\u00fdmi z\u00e1kazy a rozkazy EU a o dovoz potravin kter\u00e9 neodpov\u00eddaj\u00ed na\u0161im norm\u00e1m. \u017de zem\u011bd\u011blci z cel\u00e9 Evropy blokovali silnice v mnoha zem\u00edch, o tom m\u00e9dia ml\u010d\u00ed&#8230;<\/p>\n<p>Ve V\u00eddni maj\u00ed LGBT levn\u011bj\u0161\u00ed ve\u0159ejnou dopravu. Kolik tam p\u0159ibyde trans?<\/p>\n<p>Britov\u00e9 opakovan\u011b \u00fato\u010d\u00ed auty na pouli\u010dn\u00ed muslimsk\u00e9 modlitby.<\/p>\n<p>V &#8222;demokratick\u00e9&#8220; USA zatkli u\u010ditelku p\u0159i rozhovoru s TV ihned, jak za\u010dala kritizovat Donalda.<\/p>\n<p>EU chce zablokovat tyto kan\u00e1ly: Odysee, Rumble, Telegram a pravd\u011bpodobn\u011b i X.<\/p>\n<p>Polsko bylo doned\u00e1vna proti Rusku. Te\u010f obrac\u00ed a vad\u00ed mu dominance N\u011bmecka a vnucov\u00e1n\u00ed n\u011bmeck\u00e9 politiky Polsku. NATO se za\u010d\u00edn\u00e1 rozpadat. I ka\u010der Donald nebude v\u011b\u010dn\u011b financovat tis\u00edce z\u00e1kladen po cel\u00e9m sv\u011bt\u011b. Star\u00fd sv\u011bt definitivn\u011b kon\u010d\u00ed.<\/p>\n<p>V\u00fdrobci syntetick\u00e9ho masa a hmyz\u00edch potravin pro velk\u00fd nez\u00e1jem krachuj\u00ed.<\/p>\n<p>Podle soudruha Kol\u00e1\u0159e &#8222;n\u011bkte\u0159\u00ed Rusku fand\u00ed, proto\u017ee je potkalo ne\u0161t\u011bst\u00ed. N\u011bkte\u0159\u00ed jsou prost\u011b jen svin\u011b.&#8220; Logicky &#8211; jak\u00fd d\u016fvod by m\u011bl ten, koho potkalo ne\u0161t\u011bst\u00ed, fandit Rusku? Je-li n\u011bkdo svin\u011b, jak\u00fd d\u016fvod by m\u011bl fandit Rusku? To je logika blbouna nejapn\u00e9ho. Omlouv\u00e1m se tomuto pt\u00e1kovi.<\/p>\n<p>Zji\u0161\u0165uji, \u017ee prakticky v\u0161ichni l\u017einen\u00e1vistn\u00edci trp\u00ed nevyl\u00e9\u010ditelnou nemoc\u00ed zvanou rusofobie. Ani jednoho, jedin\u00e9ho \/!\/ politika jsem nesly\u0161el mluvit o Rusku, kdy\u017e obhajoval z\u00e1jmy na\u0161eho n\u00e1roda. Na jedin\u00e9 demonstraci jsem nevid\u011bl krom\u011b vlajky \u010ceskoslovenska \u017e\u00e1dnou\u00a0 ruskou vlajku. Rovn\u011b\u017e m\u00e1m pochybnosti o p\u0159est\u00e1rl\u00e9m, pro\u0161ediv\u011bl\u00e9m a dementn\u00edm Bidenovi, pardon, soudruhovi P\u00e1vkovi, je-li v\u016fbec sv\u00e9pr\u00e1vn\u00fd, kdy\u017e jako hlava st\u00e1tu s\u00e1m ve\u0159ejn\u011b \/!\/ p\u0159izn\u00e1, \u017ee poru\u0161uje demokracii, \u00dastavu \u010cR, z\u00e1kony a Listinu z\u00e1kladn\u00edch lidsk\u00fdch pr\u00e1v a svobod, a ignoruje demokraticky zvolen\u00e9 strany. Jak to, \u017ee u\u017e nedemonstruj\u00ed miliony \u010cech\u016f na v\u0161ech n\u00e1m\u011bst\u00edch? Je jen ot\u00e1zkou \u010dasu, kdy se mu to vr\u00e1t\u00ed i s \u00faroky.<\/p>\n<p>Soudruh Kol\u00e1\u0159: &#8222;Vyz\u00fdv\u00e1m t\u00edmto v\u0161echny zamindr\u00e1kovan\u00e9 kreatury, kter\u00e9 maj\u00ed pot\u0159ebu se uk\u00e1jet na soci\u00e1ln\u00edch s\u00edt\u00edch, aby se vr\u00e1tili do sv\u00fdch stok a kan\u00e1l\u016f, a p\u0159estali n\u00e1m tady m\u00e1vat p\u0159ed o\u010dima sv\u00fdmi krys\u00edmi oc\u00e1sky a otravovat vzduch sv\u00fdm smrdut\u00fdm dechem. Jste jen odporn\u00e1 spodina spole\u010dnosti, l\u016fza, kter\u00e1 d\u011bl\u00e1 hanbu v\u0161em slu\u0161n\u00fdm lidem.&#8220; U\u017e ch\u00e1pete, pro\u010d se \u0159\u00edk\u00e1 &#8211; &#8222;podle sebe soud\u00edm tebe&#8220;? Ta svin\u011b, pardon, ubo\u017e\u00e1k nen\u00ed schopen pochopit, \u017ee kritizuje s\u00e1m sebe a soudruhy ve sv\u00e9m okol\u00ed. Tyhle stv\u016fry v\u016fbec nech\u00e1pou, \u017ee n\u00e1rod v\u016fbec nem\u00e1 strach z Ruska, ale z Brusele, \u0158\u00ed\u0161e Velkon\u011bmeck\u00e9 a dal\u0161\u00edch z\u00e1padn\u00edch zem\u00ed. A\u017e budeme tvo\u0159it svobodn\u00fd svazek suver\u00e9nn\u00edch st\u00e1t\u016f s Ruskem, za\u010dnou se p\u0159evl\u00e9kat kab\u00e1ty. P\u0159ipoj\u00ed se agent op\u011bt k rusk\u00fdm slu\u017eb\u00e1m?<\/p>\n<p>18. prosinec je pr\u00fd Den migrant\u016f. Kdy bude den krimin\u00e1ln\u00edk\u016f, n\u00e1siln\u00edk\u016f, vrah\u016f a dal\u0161\u00edch zlo\u010dinc\u016f?<\/p>\n<p>Pr\u016fm\u011brn\u00e1 spot\u0159eba plynu v EU je te\u010f dvojn\u00e1sobn\u00e1. Z\u00e1sobn\u00edky plynu v EU hl\u00e1s\u00ed stav pod 60%. Bude-li dlouh\u00e1 zima, nem\u011bli bychom pod\u011bkovat za mrznut\u00ed doma Nutelovi a jeho band\u011b?<\/p>\n<p><a href=\"https:\/\/www.czechfreepress.cz\/dalsi-blogy\/konspirace-o-vrbeticich.html\">Miroslav Petr<\/a><\/p>\n<p>&nbsp;<\/p>\n","protected":false},"excerpt":{"rendered":"<p>Zda se jedn\u00e1 o\u00a0 konspiraci nebo fakta, posu\u010fte sami. \u010cerp\u00e1m z videa na Aeronetu a&#8230;<\/p>\n","protected":false},"author":2,"featured_media":1473,"comment_status":"closed","ping_status":"closed","sticky":false,"template":"","format":"standard","meta":[],"categories":[6],"tags":[28,1503,497,145],"_links":{"self":[{"href":"https:\/\/www.infokuryr.cz\/n\/wp-json\/wp\/v2\/posts\/96627"}],"collection":[{"href":"https:\/\/www.infokuryr.cz\/n\/wp-json\/wp\/v2\/posts"}],"about":[{"href":"https:\/\/www.infokuryr.cz\/n\/wp-json\/wp\/v2\/types\/post"}],"author":[{"embeddable":true,"href":"https:\/\/www.infokuryr.cz\/n\/wp-json\/wp\/v2\/users\/2"}],"replies":[{"embeddable":true,"href":"https:\/\/www.infokuryr.cz\/n\/wp-json\/wp\/v2\/comments?post=96627"}],"version-history":[{"count":0,"href":"https:\/\/www.infokuryr.cz\/n\/wp-json\/wp\/v2\/posts\/96627\/revisions"}],"wp:featuredmedia":[{"embeddable":true,"href":"https:\/\/www.infokuryr.cz\/n\/wp-json\/wp\/v2\/media\/1473"}],"wp:attachment":[{"href":"https:\/\/www.infokuryr.cz\/n\/wp-json\/wp\/v2\/media?parent=96627"}],"wp:term":[{"taxonomy":"category","embeddable":true,"href":"https:\/\/www.infokuryr.cz\/n\/wp-json\/wp\/v2\/categories?post=96627"},{"taxonomy":"post_tag","embeddable":true,"href":"https:\/\/www.infokuryr.cz\/n\/wp-json\/wp\/v2\/tags?post=96627"}],"curies":[{"name":"wp","href":"https:\/\/api.w.org\/{rel}","templated":true}]}}