{"id":96625,"date":"2026-01-11T00:30:23","date_gmt":"2026-01-10T23:30:23","guid":{"rendered":"https:\/\/www.infokuryr.cz\/n\/?p=96625"},"modified":"2026-01-10T19:18:14","modified_gmt":"2026-01-10T18:18:14","slug":"175-000-podpisu-staci-levicova-mensina-chce-v-berline-zakazat-auta","status":"publish","type":"post","link":"https:\/\/www.infokuryr.cz\/n\/2026\/01\/11\/175-000-podpisu-staci-levicova-mensina-chce-v-berline-zakazat-auta\/","title":{"rendered":"175 000 podpis\u016f sta\u010d\u00ed: Levicov\u00e1 men\u0161ina chce v Berl\u00edn\u011b zak\u00e1zat auta"},"content":{"rendered":"<div id=\"fb-root\"><\/div>\n<p><strong><span dir=\"auto\">V\u010dera v Berl\u00edn\u011b za\u010dala sb\u00edrka podpis\u016f pro levicov\u00e9 zelen\u00e9 referendum \u201eBerl\u00edn bez aut\u201c. Hlasuje se o kompletn\u00edm n\u00e1vrhu z\u00e1kona, kter\u00fd by v r\u00e1mci berl\u00ednsk\u00e9ho okruhu S-Bahn umo\u017enil maxim\u00e1ln\u011b dvan\u00e1ct (pozd\u011bji dokonce jen \u0161est) cest autem ro\u010dn\u011b.<\/span><\/strong><\/p>\n<p><span dir=\"auto\">Teprve\u00a0<\/span><a href=\"https:\/\/report24.news\/zukunftsentscheid-die-klimaspinner-uebernehmen-hamburg\/\"><span dir=\"auto\">v \u0159\u00edjnu leto\u0161n\u00edho roku<\/span><\/a><span dir=\"auto\"> zhruba 300 000 levicov\u00fdch zelen\u00fdch fanatik\u016f (z 1,3 milionu opr\u00e1vn\u011bn\u00fdch voli\u010d\u016f) v r\u00e1mci sv\u00e9ho \u201ebudouc\u00edho referenda\u201c vnucovalo m\u011bstu Hamburk restriktivn\u011bj\u0161\u00ed politiku nulov\u00fdch \u010dist\u00fdch emis\u00ed. To m\u011blo katastrof\u00e1ln\u00ed d\u016fsledky pro ekonomick\u00e9 postaven\u00ed kdysi hrd\u00e9ho hanzovn\u00edho m\u011bsta. Nejen v Hamburku se v\u0161ak men\u0161ina \u201eklimatick\u00fdch aktivist\u016f\u201c sna\u017e\u00ed vnutit sv\u016fj zeleno-globalistick\u00fd klam cel\u00e9mu m\u011bstu, ale i v Berl\u00edn\u011b.<\/span><\/p>\n<figure class=\"wp-block-embed is-type-rich is-provider-twitter wp-block-embed-twitter\">\n<div class=\"wp-block-embed__wrapper\">\n<div class=\"twitter-tweet twitter-tweet-rendered\"><iframe id=\"twitter-widget-0\" class=\"\" title=\"X P\u0159\u00edsp\u011bvek\" src=\"https:\/\/platform.twitter.com\/embed\/Tweet.html?dnt=true&amp;embedId=twitter-widget-0&amp;features=eyJ0ZndfdGltZWxpbmVfbGlzdCI6eyJidWNrZXQiOltdLCJ2ZXJzaW9uIjpudWxsfSwidGZ3X2ZvbGxvd2VyX2NvdW50X3N1bnNldCI6eyJidWNrZXQiOnRydWUsInZlcnNpb24iOm51bGx9LCJ0ZndfdHdlZXRfZWRpdF9iYWNrZW5kIjp7ImJ1Y2tldCI6Im9uIiwidmVyc2lvbiI6bnVsbH0sInRmd19yZWZzcmNfc2Vzc2lvbiI6eyJidWNrZXQiOiJvbiIsInZlcnNpb24iOm51bGx9LCJ0ZndfZm9zbnJfc29mdF9pbnRlcnZlbnRpb25zX2VuYWJsZWQiOnsiYnVja2V0Ijoib24iLCJ2ZXJzaW9uIjpudWxsfSwidGZ3X21peGVkX21lZGlhXzE1ODk3Ijp7ImJ1Y2tldCI6InRyZWF0bWVudCIsInZlcnNpb24iOm51bGx9LCJ0ZndfZXhwZXJpbWVudHNfY29va2llX2V4cGlyYXRpb24iOnsiYnVja2V0IjoxMjA5NjAwLCJ2ZXJzaW9uIjpudWxsfSwidGZ3X3Nob3dfYmlyZHdhdGNoX3Bpdm90c19lbmFibGVkIjp7ImJ1Y2tldCI6Im9uIiwidmVyc2lvbiI6bnVsbH0sInRmd19kdXBsaWNhdGVfc2NyaWJlc190b19zZXR0aW5ncyI6eyJidWNrZXQiOiJvbiIsInZlcnNpb24iOm51bGx9LCJ0ZndfdXNlX3Byb2ZpbGVfaW1hZ2Vfc2hhcGVfZW5hYmxlZCI6eyJidWNrZXQiOiJvbiIsInZlcnNpb24iOm51bGx9LCJ0ZndfdmlkZW9faGxzX2R5bmFtaWNfbWFuaWZlc3RzXzE1MDgyIjp7ImJ1Y2tldCI6InRydWVfYml0cmF0ZSIsInZlcnNpb24iOm51bGx9LCJ0ZndfbGVnYWN5X3RpbWVsaW5lX3N1bnNldCI6eyJidWNrZXQiOnRydWUsInZlcnNpb24iOm51bGx9LCJ0ZndfdHdlZXRfZWRpdF9mcm9udGVuZCI6eyJidWNrZXQiOiJvbiIsInZlcnNpb24iOm51bGx9fQ%3D%3D&amp;frame=false&amp;hideCard=false&amp;hideThread=false&amp;id=1938266534129873006&amp;lang=cs&amp;origin=https%3A%2F%2Freport24.news%2F175-000-unterschriften-reichen-linksgruene-minderheit-will-autos-aus-berlin-verbannen%2F&amp;sessionId=07ebfcced8e888c5f61efd58ee8726c94be2a6ee&amp;theme=light&amp;widgetsVersion=2615f7e52b7e0%3A1702314776716&amp;width=550px\" frameborder=\"0\" scrolling=\"no\" allowfullscreen=\"allowfullscreen\" data-tweet-id=\"1938266534129873006\" data-mce-fragment=\"1\"><\/iframe><\/div>\n<\/div>\n<\/figure>\n<p><span dir=\"auto\">V n\u011bmeck\u00e9m hlavn\u00edm m\u011bst\u011b byla spu\u0161t\u011bna ob\u010dansk\u00e1 iniciativa s n\u00e1zvem \u201eBerl\u00edn bez aut\u201c. Do \u010dty\u0159 m\u011bs\u00edc\u016f mus\u00ed shrom\u00e1\u017edit necel\u00fdch 175 000 podpis\u016f (sedm procent opr\u00e1vn\u011bn\u00fdch voli\u010d\u016f), aby si vynutila referendum. Toto referendum se m\u00e1 konat soub\u011b\u017en\u011b s volbami do berl\u00ednsk\u00e9 sn\u011bmovny reprezentant\u016f v z\u00e1\u0159\u00ed leto\u0161n\u00edho roku. Inici\u00e1to\u0159i pak budou pot\u0159ebovat v\u011bt\u0161inu hlas\u016f \u201epro\u201c a alespo\u0148 25 procent v\u0161ech opr\u00e1vn\u011bn\u00fdch voli\u010d\u016f, aby prosadili kontroverzn\u00ed z\u00e1kon.<\/span><\/p>\n<figure class=\"wp-block-embed is-type-rich is-provider-twitter wp-block-embed-twitter\">\n<div class=\"wp-block-embed__wrapper\">\n<div class=\"twitter-tweet twitter-tweet-rendered\"><iframe id=\"twitter-widget-1\" class=\"\" title=\"X P\u0159\u00edsp\u011bvek\" src=\"https:\/\/platform.twitter.com\/embed\/Tweet.html?dnt=true&amp;embedId=twitter-widget-1&amp;features=eyJ0ZndfdGltZWxpbmVfbGlzdCI6eyJidWNrZXQiOltdLCJ2ZXJzaW9uIjpudWxsfSwidGZ3X2ZvbGxvd2VyX2NvdW50X3N1bnNldCI6eyJidWNrZXQiOnRydWUsInZlcnNpb24iOm51bGx9LCJ0ZndfdHdlZXRfZWRpdF9iYWNrZW5kIjp7ImJ1Y2tldCI6Im9uIiwidmVyc2lvbiI6bnVsbH0sInRmd19yZWZzcmNfc2Vzc2lvbiI6eyJidWNrZXQiOiJvbiIsInZlcnNpb24iOm51bGx9LCJ0ZndfZm9zbnJfc29mdF9pbnRlcnZlbnRpb25zX2VuYWJsZWQiOnsiYnVja2V0Ijoib24iLCJ2ZXJzaW9uIjpudWxsfSwidGZ3X21peGVkX21lZGlhXzE1ODk3Ijp7ImJ1Y2tldCI6InRyZWF0bWVudCIsInZlcnNpb24iOm51bGx9LCJ0ZndfZXhwZXJpbWVudHNfY29va2llX2V4cGlyYXRpb24iOnsiYnVja2V0IjoxMjA5NjAwLCJ2ZXJzaW9uIjpudWxsfSwidGZ3X3Nob3dfYmlyZHdhdGNoX3Bpdm90c19lbmFibGVkIjp7ImJ1Y2tldCI6Im9uIiwidmVyc2lvbiI6bnVsbH0sInRmd19kdXBsaWNhdGVfc2NyaWJlc190b19zZXR0aW5ncyI6eyJidWNrZXQiOiJvbiIsInZlcnNpb24iOm51bGx9LCJ0ZndfdXNlX3Byb2ZpbGVfaW1hZ2Vfc2hhcGVfZW5hYmxlZCI6eyJidWNrZXQiOiJvbiIsInZlcnNpb24iOm51bGx9LCJ0ZndfdmlkZW9faGxzX2R5bmFtaWNfbWFuaWZlc3RzXzE1MDgyIjp7ImJ1Y2tldCI6InRydWVfYml0cmF0ZSIsInZlcnNpb24iOm51bGx9LCJ0ZndfbGVnYWN5X3RpbWVsaW5lX3N1bnNldCI6eyJidWNrZXQiOnRydWUsInZlcnNpb24iOm51bGx9LCJ0ZndfdHdlZXRfZWRpdF9mcm9udGVuZCI6eyJidWNrZXQiOiJvbiIsInZlcnNpb24iOm51bGx9fQ%3D%3D&amp;frame=false&amp;hideCard=false&amp;hideThread=false&amp;id=2009649521261949296&amp;lang=cs&amp;origin=https%3A%2F%2Freport24.news%2F175-000-unterschriften-reichen-linksgruene-minderheit-will-autos-aus-berlin-verbannen%2F&amp;sessionId=07ebfcced8e888c5f61efd58ee8726c94be2a6ee&amp;theme=light&amp;widgetsVersion=2615f7e52b7e0%3A1702314776716&amp;width=550px\" frameborder=\"0\" scrolling=\"no\" allowfullscreen=\"allowfullscreen\" data-tweet-id=\"2009649521261949296\" data-mce-fragment=\"1\"><\/iframe><\/div>\n<\/div>\n<\/figure>\n<p><span dir=\"auto\">C\u00edlem je mimo jin\u00e9 po \u010dty\u0159let\u00e9m p\u0159echodn\u00e9m obdob\u00ed p\u0159eklasifikovat t\u00e9m\u011b\u0159 v\u0161echny ulice v berl\u00ednsk\u00e9m okruhu S-Bahn na tzv. \u201eulice s omezen\u00fdm provozem aut\u201c. Ve\u0159ejn\u00e9 u\u017e\u00edv\u00e1n\u00ed by bylo omezeno na chodce, cyklisty a ve\u0159ejnou dopravu. Ka\u017ed\u00fd, kdo by cht\u011bl \u0159\u00eddit auto, by pot\u0159eboval povolen\u00ed. Toto povolen\u00ed by bylo vyd\u00e1v\u00e1no maxim\u00e1ln\u011b dvan\u00e1ctkr\u00e1t ro\u010dn\u011b, ka\u017ed\u00e9 s platnost\u00ed 24 hodin. Po deseti letech by se toto povolen\u00ed sn\u00ed\u017eilo na pouh\u00fdch \u0161est cest ro\u010dn\u011b. Za poru\u0161en\u00ed by byly ukl\u00e1d\u00e1ny pokuty a\u017e do v\u00fd\u0161e 100 000 eur.<\/span><\/p>\n<figure class=\"wp-block-embed is-type-rich is-provider-twitter wp-block-embed-twitter\">\n<div class=\"wp-block-embed__wrapper\">\n<div class=\"twitter-tweet twitter-tweet-rendered\"><iframe id=\"twitter-widget-2\" class=\"\" title=\"X P\u0159\u00edsp\u011bvek\" src=\"https:\/\/platform.twitter.com\/embed\/Tweet.html?dnt=true&amp;embedId=twitter-widget-2&amp;features=eyJ0ZndfdGltZWxpbmVfbGlzdCI6eyJidWNrZXQiOltdLCJ2ZXJzaW9uIjpudWxsfSwidGZ3X2ZvbGxvd2VyX2NvdW50X3N1bnNldCI6eyJidWNrZXQiOnRydWUsInZlcnNpb24iOm51bGx9LCJ0ZndfdHdlZXRfZWRpdF9iYWNrZW5kIjp7ImJ1Y2tldCI6Im9uIiwidmVyc2lvbiI6bnVsbH0sInRmd19yZWZzcmNfc2Vzc2lvbiI6eyJidWNrZXQiOiJvbiIsInZlcnNpb24iOm51bGx9LCJ0ZndfZm9zbnJfc29mdF9pbnRlcnZlbnRpb25zX2VuYWJsZWQiOnsiYnVja2V0Ijoib24iLCJ2ZXJzaW9uIjpudWxsfSwidGZ3X21peGVkX21lZGlhXzE1ODk3Ijp7ImJ1Y2tldCI6InRyZWF0bWVudCIsInZlcnNpb24iOm51bGx9LCJ0ZndfZXhwZXJpbWVudHNfY29va2llX2V4cGlyYXRpb24iOnsiYnVja2V0IjoxMjA5NjAwLCJ2ZXJzaW9uIjpudWxsfSwidGZ3X3Nob3dfYmlyZHdhdGNoX3Bpdm90c19lbmFibGVkIjp7ImJ1Y2tldCI6Im9uIiwidmVyc2lvbiI6bnVsbH0sInRmd19kdXBsaWNhdGVfc2NyaWJlc190b19zZXR0aW5ncyI6eyJidWNrZXQiOiJvbiIsInZlcnNpb24iOm51bGx9LCJ0ZndfdXNlX3Byb2ZpbGVfaW1hZ2Vfc2hhcGVfZW5hYmxlZCI6eyJidWNrZXQiOiJvbiIsInZlcnNpb24iOm51bGx9LCJ0ZndfdmlkZW9faGxzX2R5bmFtaWNfbWFuaWZlc3RzXzE1MDgyIjp7ImJ1Y2tldCI6InRydWVfYml0cmF0ZSIsInZlcnNpb24iOm51bGx9LCJ0ZndfbGVnYWN5X3RpbWVsaW5lX3N1bnNldCI6eyJidWNrZXQiOnRydWUsInZlcnNpb24iOm51bGx9LCJ0ZndfdHdlZXRfZWRpdF9mcm9udGVuZCI6eyJidWNrZXQiOiJvbiIsInZlcnNpb24iOm51bGx9fQ%3D%3D&amp;frame=false&amp;hideCard=false&amp;hideThread=false&amp;id=2009876107353546850&amp;lang=cs&amp;origin=https%3A%2F%2Freport24.news%2F175-000-unterschriften-reichen-linksgruene-minderheit-will-autos-aus-berlin-verbannen%2F&amp;sessionId=07ebfcced8e888c5f61efd58ee8726c94be2a6ee&amp;theme=light&amp;widgetsVersion=2615f7e52b7e0%3A1702314776716&amp;width=550px\" frameborder=\"0\" scrolling=\"no\" allowfullscreen=\"allowfullscreen\" data-tweet-id=\"2009876107353546850\" data-mce-fragment=\"1\"><\/iframe><\/div>\n<\/div>\n<\/figure>\n<p><span dir=\"auto\">AfD a CDU se zat\u00edm proti iniciativ\u011b postavily, zat\u00edmco Zelen\u00ed a SPD jsou z velk\u00e9 \u010d\u00e1sti pro. Levicov\u00e1 strana je st\u00e1le nerozhodnut\u00e1. Nyn\u00ed zb\u00fdv\u00e1 jen ot\u00e1zka, jak se rozhodnou voli\u010di.<\/span><\/p>\n<p><img decoding=\"async\" loading=\"lazy\" class=\"alignnone size-full wp-image-1185\" src=\"http:\/\/www.infokuryr.cz\/n\/wp-content\/uploads\/2021\/04\/kuryr-podpis.png\" alt=\"\" width=\"84\" height=\"24\" \/><\/p>\n<p>&nbsp;<\/p>\n","protected":false},"excerpt":{"rendered":"<p>V\u010dera v Berl\u00edn\u011b za\u010dala sb\u00edrka podpis\u016f pro levicov\u00e9 zelen\u00e9 referendum \u201eBerl\u00edn bez aut\u201c. Hlasuje se&#8230;<\/p>\n","protected":false},"author":2,"featured_media":96626,"comment_status":"closed","ping_status":"closed","sticky":false,"template":"","format":"standard","meta":[],"categories":[7],"tags":[2074,233,5097,204,720],"_links":{"self":[{"href":"https:\/\/www.infokuryr.cz\/n\/wp-json\/wp\/v2\/posts\/96625"}],"collection":[{"href":"https:\/\/www.infokuryr.cz\/n\/wp-json\/wp\/v2\/posts"}],"about":[{"href":"https:\/\/www.infokuryr.cz\/n\/wp-json\/wp\/v2\/types\/post"}],"author":[{"embeddable":true,"href":"https:\/\/www.infokuryr.cz\/n\/wp-json\/wp\/v2\/users\/2"}],"replies":[{"embeddable":true,"href":"https:\/\/www.infokuryr.cz\/n\/wp-json\/wp\/v2\/comments?post=96625"}],"version-history":[{"count":0,"href":"https:\/\/www.infokuryr.cz\/n\/wp-json\/wp\/v2\/posts\/96625\/revisions"}],"wp:featuredmedia":[{"embeddable":true,"href":"https:\/\/www.infokuryr.cz\/n\/wp-json\/wp\/v2\/media\/96626"}],"wp:attachment":[{"href":"https:\/\/www.infokuryr.cz\/n\/wp-json\/wp\/v2\/media?parent=96625"}],"wp:term":[{"taxonomy":"category","embeddable":true,"href":"https:\/\/www.infokuryr.cz\/n\/wp-json\/wp\/v2\/categories?post=96625"},{"taxonomy":"post_tag","embeddable":true,"href":"https:\/\/www.infokuryr.cz\/n\/wp-json\/wp\/v2\/tags?post=96625"}],"curies":[{"name":"wp","href":"https:\/\/api.w.org\/{rel}","templated":true}]}}