{"id":96621,"date":"2026-01-11T00:27:39","date_gmt":"2026-01-10T23:27:39","guid":{"rendered":"https:\/\/www.infokuryr.cz\/n\/?p=96621"},"modified":"2026-01-10T19:13:28","modified_gmt":"2026-01-10T18:13:28","slug":"islamizace-a-bezpecnostni-problemy-levicaci-ve-francii-chteji-zakazat-aplikaci-french-index","status":"publish","type":"post","link":"https:\/\/www.infokuryr.cz\/n\/2026\/01\/11\/islamizace-a-bezpecnostni-problemy-levicaci-ve-francii-chteji-zakazat-aplikaci-french-index\/","title":{"rendered":"Islamizace a bezpe\u010dnostn\u00ed probl\u00e9my \u2013 Levi\u010d\u00e1ci ve Francii cht\u011bj\u00ed zak\u00e1zat aplikaci French Index"},"content":{"rendered":"<div id=\"fb-root\"><\/div>\n<p><strong><span dir=\"auto\">Online aplikace, kter\u00e1 m\u011b\u0159\u00ed zhor\u0161ov\u00e1n\u00ed soci\u00e1ln\u00edho prost\u0159ed\u00ed ve Francii, vyvol\u00e1v\u00e1 kontroverze. Levicov\u00ed politici ji cht\u011bj\u00ed zak\u00e1zat, proto\u017ee poukazuje na probl\u00e9mov\u00e9 oblasti zem\u011b, v\u010detn\u011b islamizace, kulturn\u00edho odcizen\u00ed a kriminality.<\/span><\/strong><\/p>\n<p><span dir=\"auto\">Aplikace \u201e\u00a0<\/span><a href=\"https:\/\/mafrance.app\/\"><span dir=\"auto\">mafrance.app<\/span><\/a><span dir=\"auto\">\u00a0\u201c a s n\u00ed propojen\u00fd X-\u00fa\u010det \u201eO\u00f9 va ma France?\u201c vyvol\u00e1vaj\u00ed ve Francii\u00a0<\/span><a href=\"https:\/\/europeanconservative.com\/articles\/commentary\/ou-va-ma-france-the-app-the-left-wants-to-ban\/\"><span dir=\"auto\">rozruch<\/span><\/a><span dir=\"auto\"> . Shroma\u017e\u010fuj\u00ed a graficky prezentuj\u00ed statistick\u00e1 a soci\u00e1ln\u00ed data v p\u011bti kl\u00ed\u010dov\u00fdch oblastech: nejistota, imigrace, islamizace, odfrancouz\u0161tina a wokeismus. Aplikace obsahuje obecn\u00e9 indexy (\u201eIndex obecn\u00fdch zm\u011bn\u201c) i c\u00edlen\u011bj\u0161\u00ed indexy (\u201eIndex islamizace\u201c).<\/span><\/p>\n<p><span dir=\"auto\">Pomoc\u00ed interaktivn\u00edch map si u\u017eivatel\u00e9 mohou vybrat konkr\u00e9tn\u00ed m\u00edsta a zjistit, co pravd\u011bpodobn\u011b negativn\u011b ovlivn\u00ed ka\u017edodenn\u00ed \u017eivot Francouz\u016f: m\u00edra sexu\u00e1ln\u00edho n\u00e1sil\u00ed nebo intenzita obchodu s drogami v konkr\u00e9tn\u00ed \u010dtvrti, ale tak\u00e9 ve st\u0159edn\u011bdob\u00e9m a\u017e dlouhodob\u00e9m horizontu v\u00fdstavba me\u0161ity nebo potenci\u00e1ln\u00ed z\u0159\u00edzen\u00ed migra\u010dn\u00edho centra. Uvedeny jsou tak\u00e9 dotace ur\u010dit\u00fdm organizac\u00edm, kter\u00e9 podporuj\u00ed imigraci.<\/span><\/p>\n<figure class=\"wp-block-embed is-type-rich is-provider-twitter wp-block-embed-twitter\">\n<div class=\"wp-block-embed__wrapper\">\n<div class=\"twitter-tweet twitter-tweet-rendered\"><iframe id=\"twitter-widget-0\" class=\"\" title=\"X P\u0159\u00edsp\u011bvek\" src=\"https:\/\/platform.twitter.com\/embed\/Tweet.html?dnt=true&amp;embedId=twitter-widget-0&amp;features=eyJ0ZndfdGltZWxpbmVfbGlzdCI6eyJidWNrZXQiOltdLCJ2ZXJzaW9uIjpudWxsfSwidGZ3X2ZvbGxvd2VyX2NvdW50X3N1bnNldCI6eyJidWNrZXQiOnRydWUsInZlcnNpb24iOm51bGx9LCJ0ZndfdHdlZXRfZWRpdF9iYWNrZW5kIjp7ImJ1Y2tldCI6Im9uIiwidmVyc2lvbiI6bnVsbH0sInRmd19yZWZzcmNfc2Vzc2lvbiI6eyJidWNrZXQiOiJvbiIsInZlcnNpb24iOm51bGx9LCJ0ZndfZm9zbnJfc29mdF9pbnRlcnZlbnRpb25zX2VuYWJsZWQiOnsiYnVja2V0Ijoib24iLCJ2ZXJzaW9uIjpudWxsfSwidGZ3X21peGVkX21lZGlhXzE1ODk3Ijp7ImJ1Y2tldCI6InRyZWF0bWVudCIsInZlcnNpb24iOm51bGx9LCJ0ZndfZXhwZXJpbWVudHNfY29va2llX2V4cGlyYXRpb24iOnsiYnVja2V0IjoxMjA5NjAwLCJ2ZXJzaW9uIjpudWxsfSwidGZ3X3Nob3dfYmlyZHdhdGNoX3Bpdm90c19lbmFibGVkIjp7ImJ1Y2tldCI6Im9uIiwidmVyc2lvbiI6bnVsbH0sInRmd19kdXBsaWNhdGVfc2NyaWJlc190b19zZXR0aW5ncyI6eyJidWNrZXQiOiJvbiIsInZlcnNpb24iOm51bGx9LCJ0ZndfdXNlX3Byb2ZpbGVfaW1hZ2Vfc2hhcGVfZW5hYmxlZCI6eyJidWNrZXQiOiJvbiIsInZlcnNpb24iOm51bGx9LCJ0ZndfdmlkZW9faGxzX2R5bmFtaWNfbWFuaWZlc3RzXzE1MDgyIjp7ImJ1Y2tldCI6InRydWVfYml0cmF0ZSIsInZlcnNpb24iOm51bGx9LCJ0ZndfbGVnYWN5X3RpbWVsaW5lX3N1bnNldCI6eyJidWNrZXQiOnRydWUsInZlcnNpb24iOm51bGx9LCJ0ZndfdHdlZXRfZWRpdF9mcm9udGVuZCI6eyJidWNrZXQiOiJvbiIsInZlcnNpb24iOm51bGx9fQ%3D%3D&amp;frame=false&amp;hideCard=false&amp;hideThread=false&amp;id=2007480642989097078&amp;lang=de&amp;origin=https%3A%2F%2Freport24.news%2Fislamisierung-und-sicherheitsprobleme-linke-wollen-franzoesische-index-app-verbieten%2F&amp;sessionId=71a4c79cb23b33cdd9d9c2346268fedb58804b83&amp;theme=light&amp;widgetsVersion=2615f7e52b7e0%3A1702314776716&amp;width=550px\" frameborder=\"0\" scrolling=\"no\" allowfullscreen=\"allowfullscreen\" data-tweet-id=\"2007480642989097078\" data-mce-fragment=\"1\"><\/iframe><\/div>\n<\/div>\n<\/figure>\n<p><span dir=\"auto\">N\u00e1stroj \u201ekorelace\u201c umo\u017e\u0148uje u\u017eivatel\u016fm generovat grafy, kter\u00e9 propojuj\u00ed data, kter\u00e1 se obvykle ve vz\u00e1jemn\u00e9m vztahu nepova\u017euj\u00ed \u2013 nap\u0159\u00edklad po\u010det muslimsk\u00fdch k\u0159estn\u00edch jmen v obci ve srovn\u00e1n\u00ed s n\u00e1r\u016fstem drobn\u00e9 kriminality. P\u0159ehled tisku, kter\u00fd zve\u0159ej\u0148uje v\u0161echny zpr\u00e1vy t\u00fdkaj\u00edc\u00ed se imigrace a kriminality, dopl\u0148uje dashboard, kter\u00fd je k dispozici na domovsk\u00e9 str\u00e1nce webov\u00fdch str\u00e1nek.<\/span><\/p>\n<p><span dir=\"auto\">Aplikace \u010derp\u00e1 z dat Ministerstva n\u00e1rodn\u00ed bezpe\u010dnosti a statistiky (SSMSI), studi\u00ed N\u00e1rodn\u00edho institutu pro statistiku a ekonomick\u00e9 studie (INSEE) a dal\u0161\u00edch ve\u0159ejn\u011b dostupn\u00fdch vl\u00e1dn\u00edch dat. Provozovatel zd\u016fraz\u0148uje, \u017ee indexy a koeficienty, kter\u00e9 pou\u017e\u00edv\u00e1, jsou ze sv\u00e9 podstaty subjektivn\u00ed, ale st\u00e1le v\u00edce lid\u00ed chce v\u011bd\u011bt, co se v jejich m\u011bst\u011b nebo regionu skute\u010dn\u011b d\u011bje. Lid\u00e9, kte\u0159\u00ed hledaj\u00ed nov\u00fd byt v jin\u00e9m m\u011bst\u011b, mohou aplikaci tak\u00e9 vyu\u017e\u00edt k tomu, aby zjistili, zda se st\u011bhuj\u00ed do oblasti, kter\u00e1 je st\u00e1le p\u0159ev\u00e1\u017en\u011b francouzsk\u00e1, nebo ji\u017e multikulturn\u00ed.<\/span><\/p>\n<figure class=\"wp-block-embed is-type-rich is-provider-twitter wp-block-embed-twitter\">\n<div class=\"wp-block-embed__wrapper\">\n<div class=\"twitter-tweet twitter-tweet-rendered\"><iframe id=\"twitter-widget-1\" class=\"\" title=\"X P\u0159\u00edsp\u011bvek\" src=\"https:\/\/platform.twitter.com\/embed\/Tweet.html?dnt=true&amp;embedId=twitter-widget-1&amp;features=eyJ0ZndfdGltZWxpbmVfbGlzdCI6eyJidWNrZXQiOltdLCJ2ZXJzaW9uIjpudWxsfSwidGZ3X2ZvbGxvd2VyX2NvdW50X3N1bnNldCI6eyJidWNrZXQiOnRydWUsInZlcnNpb24iOm51bGx9LCJ0ZndfdHdlZXRfZWRpdF9iYWNrZW5kIjp7ImJ1Y2tldCI6Im9uIiwidmVyc2lvbiI6bnVsbH0sInRmd19yZWZzcmNfc2Vzc2lvbiI6eyJidWNrZXQiOiJvbiIsInZlcnNpb24iOm51bGx9LCJ0ZndfZm9zbnJfc29mdF9pbnRlcnZlbnRpb25zX2VuYWJsZWQiOnsiYnVja2V0Ijoib24iLCJ2ZXJzaW9uIjpudWxsfSwidGZ3X21peGVkX21lZGlhXzE1ODk3Ijp7ImJ1Y2tldCI6InRyZWF0bWVudCIsInZlcnNpb24iOm51bGx9LCJ0ZndfZXhwZXJpbWVudHNfY29va2llX2V4cGlyYXRpb24iOnsiYnVja2V0IjoxMjA5NjAwLCJ2ZXJzaW9uIjpudWxsfSwidGZ3X3Nob3dfYmlyZHdhdGNoX3Bpdm90c19lbmFibGVkIjp7ImJ1Y2tldCI6Im9uIiwidmVyc2lvbiI6bnVsbH0sInRmd19kdXBsaWNhdGVfc2NyaWJlc190b19zZXR0aW5ncyI6eyJidWNrZXQiOiJvbiIsInZlcnNpb24iOm51bGx9LCJ0ZndfdXNlX3Byb2ZpbGVfaW1hZ2Vfc2hhcGVfZW5hYmxlZCI6eyJidWNrZXQiOiJvbiIsInZlcnNpb24iOm51bGx9LCJ0ZndfdmlkZW9faGxzX2R5bmFtaWNfbWFuaWZlc3RzXzE1MDgyIjp7ImJ1Y2tldCI6InRydWVfYml0cmF0ZSIsInZlcnNpb24iOm51bGx9LCJ0ZndfbGVnYWN5X3RpbWVsaW5lX3N1bnNldCI6eyJidWNrZXQiOnRydWUsInZlcnNpb24iOm51bGx9LCJ0ZndfdHdlZXRfZWRpdF9mcm9udGVuZCI6eyJidWNrZXQiOiJvbiIsInZlcnNpb24iOm51bGx9fQ%3D%3D&amp;frame=false&amp;hideCard=false&amp;hideThread=false&amp;id=2007485017623326886&amp;lang=de&amp;origin=https%3A%2F%2Freport24.news%2Fislamisierung-und-sicherheitsprobleme-linke-wollen-franzoesische-index-app-verbieten%2F&amp;sessionId=71a4c79cb23b33cdd9d9c2346268fedb58804b83&amp;theme=light&amp;widgetsVersion=2615f7e52b7e0%3A1702314776716&amp;width=550px\" frameborder=\"0\" scrolling=\"no\" allowfullscreen=\"allowfullscreen\" data-tweet-id=\"2007485017623326886\" data-mce-fragment=\"1\"><\/iframe><\/div>\n<\/div>\n<\/figure>\n<p><span dir=\"auto\">Provozovatel \u2013 kter\u00fd si z pochopiteln\u00fdch d\u016fvod\u016f p\u0159eje z\u016fstat v anonymit\u011b a pracovat pod pseudonymem \u2013 m\u00e1 v \u00famyslu sv\u016fj n\u00e1stroj neust\u00e1le roz\u0161i\u0159ovat a nab\u00edzet tak skute\u010dnou \u201eencyklopedii\u201c dan\u00fdch \u00fazem\u00ed: se seznamy me\u0161it, ale tak\u00e9 restaurac\u00ed s rychl\u00fdm ob\u010derstven\u00edm a halal \u0159eznictv\u00ed. To v\u0161e jsou v\u011bci, kter\u00e9 ve Francii ur\u00e1\u017eej\u00ed levici a kter\u00e9 proto cht\u011bj\u00ed zak\u00e1zat.<\/span><\/p>\n<figure class=\"wp-block-embed is-type-rich is-provider-twitter wp-block-embed-twitter\">\n<div class=\"wp-block-embed__wrapper\">\n<div class=\"twitter-tweet twitter-tweet-rendered\"><iframe id=\"twitter-widget-2\" class=\"\" title=\"X P\u0159\u00edsp\u011bvek\" src=\"https:\/\/platform.twitter.com\/embed\/Tweet.html?dnt=true&amp;embedId=twitter-widget-2&amp;features=eyJ0ZndfdGltZWxpbmVfbGlzdCI6eyJidWNrZXQiOltdLCJ2ZXJzaW9uIjpudWxsfSwidGZ3X2ZvbGxvd2VyX2NvdW50X3N1bnNldCI6eyJidWNrZXQiOnRydWUsInZlcnNpb24iOm51bGx9LCJ0ZndfdHdlZXRfZWRpdF9iYWNrZW5kIjp7ImJ1Y2tldCI6Im9uIiwidmVyc2lvbiI6bnVsbH0sInRmd19yZWZzcmNfc2Vzc2lvbiI6eyJidWNrZXQiOiJvbiIsInZlcnNpb24iOm51bGx9LCJ0ZndfZm9zbnJfc29mdF9pbnRlcnZlbnRpb25zX2VuYWJsZWQiOnsiYnVja2V0Ijoib24iLCJ2ZXJzaW9uIjpudWxsfSwidGZ3X21peGVkX21lZGlhXzE1ODk3Ijp7ImJ1Y2tldCI6InRyZWF0bWVudCIsInZlcnNpb24iOm51bGx9LCJ0ZndfZXhwZXJpbWVudHNfY29va2llX2V4cGlyYXRpb24iOnsiYnVja2V0IjoxMjA5NjAwLCJ2ZXJzaW9uIjpudWxsfSwidGZ3X3Nob3dfYmlyZHdhdGNoX3Bpdm90c19lbmFibGVkIjp7ImJ1Y2tldCI6Im9uIiwidmVyc2lvbiI6bnVsbH0sInRmd19kdXBsaWNhdGVfc2NyaWJlc190b19zZXR0aW5ncyI6eyJidWNrZXQiOiJvbiIsInZlcnNpb24iOm51bGx9LCJ0ZndfdXNlX3Byb2ZpbGVfaW1hZ2Vfc2hhcGVfZW5hYmxlZCI6eyJidWNrZXQiOiJvbiIsInZlcnNpb24iOm51bGx9LCJ0ZndfdmlkZW9faGxzX2R5bmFtaWNfbWFuaWZlc3RzXzE1MDgyIjp7ImJ1Y2tldCI6InRydWVfYml0cmF0ZSIsInZlcnNpb24iOm51bGx9LCJ0ZndfbGVnYWN5X3RpbWVsaW5lX3N1bnNldCI6eyJidWNrZXQiOnRydWUsInZlcnNpb24iOm51bGx9LCJ0ZndfdHdlZXRfZWRpdF9mcm9udGVuZCI6eyJidWNrZXQiOiJvbiIsInZlcnNpb24iOm51bGx9fQ%3D%3D&amp;frame=false&amp;hideCard=false&amp;hideThread=false&amp;id=2009370330943373368&amp;lang=de&amp;origin=https%3A%2F%2Freport24.news%2Fislamisierung-und-sicherheitsprobleme-linke-wollen-franzoesische-index-app-verbieten%2F&amp;sessionId=71a4c79cb23b33cdd9d9c2346268fedb58804b83&amp;theme=light&amp;widgetsVersion=2615f7e52b7e0%3A1702314776716&amp;width=550px\" frameborder=\"0\" scrolling=\"no\" allowfullscreen=\"allowfullscreen\" data-tweet-id=\"2009370330943373368\" data-mce-fragment=\"1\"><\/iframe><\/div>\n<\/div>\n<\/figure>\n<p><span dir=\"auto\">\u017d\u00e1dost v\u0161ak v kone\u010dn\u00e9m d\u016fsledku pouze zd\u016fraz\u0148uje to, co mnoho lid\u00ed ji\u017e pro\u017e\u00edv\u00e1: kulturn\u00ed a etnick\u00e1 zm\u011bna je m\u00e9n\u011b obohacen\u00edm a sp\u00ed\u0161e z\u00e1t\u011b\u017e\u00ed. Proto\u017ee v \u010dtvrt\u00edch a m\u011bstech s velk\u00fdm pod\u00edlem neevropsk\u00fdch imigrant\u016f kles\u00e1 i bezpe\u010dnost.<\/span><\/p>\n<p><img decoding=\"async\" loading=\"lazy\" class=\"alignnone size-full wp-image-1185\" src=\"http:\/\/www.infokuryr.cz\/n\/wp-content\/uploads\/2021\/04\/kuryr-podpis.png\" alt=\"\" width=\"84\" height=\"24\" \/><\/p>\n<p>&nbsp;<\/p>\n","protected":false},"excerpt":{"rendered":"<p>Online aplikace, kter\u00e1 m\u011b\u0159\u00ed zhor\u0161ov\u00e1n\u00ed soci\u00e1ln\u00edho prost\u0159ed\u00ed ve Francii, vyvol\u00e1v\u00e1 kontroverze. Levicov\u00ed politici ji cht\u011bj\u00ed&#8230;<\/p>\n","protected":false},"author":2,"featured_media":96622,"comment_status":"closed","ping_status":"closed","sticky":false,"template":"","format":"standard","meta":[],"categories":[7],"tags":[3490,130,91],"_links":{"self":[{"href":"https:\/\/www.infokuryr.cz\/n\/wp-json\/wp\/v2\/posts\/96621"}],"collection":[{"href":"https:\/\/www.infokuryr.cz\/n\/wp-json\/wp\/v2\/posts"}],"about":[{"href":"https:\/\/www.infokuryr.cz\/n\/wp-json\/wp\/v2\/types\/post"}],"author":[{"embeddable":true,"href":"https:\/\/www.infokuryr.cz\/n\/wp-json\/wp\/v2\/users\/2"}],"replies":[{"embeddable":true,"href":"https:\/\/www.infokuryr.cz\/n\/wp-json\/wp\/v2\/comments?post=96621"}],"version-history":[{"count":0,"href":"https:\/\/www.infokuryr.cz\/n\/wp-json\/wp\/v2\/posts\/96621\/revisions"}],"wp:featuredmedia":[{"embeddable":true,"href":"https:\/\/www.infokuryr.cz\/n\/wp-json\/wp\/v2\/media\/96622"}],"wp:attachment":[{"href":"https:\/\/www.infokuryr.cz\/n\/wp-json\/wp\/v2\/media?parent=96621"}],"wp:term":[{"taxonomy":"category","embeddable":true,"href":"https:\/\/www.infokuryr.cz\/n\/wp-json\/wp\/v2\/categories?post=96621"},{"taxonomy":"post_tag","embeddable":true,"href":"https:\/\/www.infokuryr.cz\/n\/wp-json\/wp\/v2\/tags?post=96621"}],"curies":[{"name":"wp","href":"https:\/\/api.w.org\/{rel}","templated":true}]}}