{"id":96617,"date":"2026-01-11T00:25:05","date_gmt":"2026-01-10T23:25:05","guid":{"rendered":"https:\/\/www.infokuryr.cz\/n\/?p=96617"},"modified":"2026-01-10T10:12:42","modified_gmt":"2026-01-10T09:12:42","slug":"zadna-sebereflexe-covidove-totality-u-nove-vlady-nehrozi-fanaticti-poradci-jsou-zpet","status":"publish","type":"post","link":"https:\/\/www.infokuryr.cz\/n\/2026\/01\/11\/zadna-sebereflexe-covidove-totality-u-nove-vlady-nehrozi-fanaticti-poradci-jsou-zpet\/","title":{"rendered":"\u017d\u00e1dn\u00e1 sebereflexe covidov\u00e9 totality u nov\u00e9 vl\u00e1dy nehroz\u00ed. Fanati\u010dt\u00ed poradci jsou zp\u011bt"},"content":{"rendered":"<div id=\"fb-root\"><\/div>\n<p>Jmenov\u00e1n\u00ed <strong><a href=\"https:\/\/www.nespokojeny.cz\/navrat-covidoveho-krale-exministr-vojtech-se-vraci-do-politiky-opet-chce-zdravotnictvi\/\" target=\"_blank\" rel=\"noopener\">Adama Vojt\u011bcha<\/a><\/strong>\u00a0na ministerstvo zdravotnictv\u00ed a Roberta Plagy na ministerstvo \u0161kolstv\u00ed u\u017e p\u0159edem uk\u00e1zalo, \u017ee\u00a0<strong>\u017e\u00e1dn\u00e1 sebereflexe\u00a0<a href=\"https:\/\/www.nespokojeny.cz\/zlociny-covidismu-nezapomeneme-babis-a-jeho-parta-nejsou-resenim-pro-budoucnost\/\" target=\"_blank\" rel=\"noopener\">covidov\u00e9 totality<\/a>\u00a0u nov\u00e9 vl\u00e1dy nehroz\u00ed<\/strong>. Netrvalo to dlouho, a Vojt\u011bch si vybral jako poradce osv\u011bd\u010den\u00e9 covidov\u00e9 fanatiky, mezi kter\u00e9 jist\u011b pat\u0159\u00ed\u00a0<a href=\"https:\/\/www.nespokojeny.cz\/kdo-stoji-za-covidovym-byznysem-v-cr-a-kolik-mu-to-vynasi\/\" target=\"_blank\" rel=\"noopener\"><strong>Rastislav Ma\u010far<\/strong><\/a>\u00a0a Mari\u00e1n Hajd\u00fach. Voli\u010d\u016fm ANO gratulujeme, SPD nech\u00e1peme, s\u00a0<a href=\"https:\/\/www.nespokojeny.cz\/vladni-odbornici-na-ockovani-v-konfliktu-zajmu-plati-je-vyrobci-vakcin-zadny-problem\/\" target=\"_blank\" rel=\"noopener\"><strong>vl\u00e1dn\u00edmi odborn\u00edky<\/strong><\/a>\u00a0na sv\u00fdch postech u\u017e se t\u011b\u0161\u00edme na dal\u0161\u00ed plandemii.<span id=\"more-63716\"><\/span><\/p>\n<p>Spousta lid\u00ed pochopilo agendu covid pouze coby nedopat\u0159en\u00ed nebo selh\u00e1n\u00ed jednotlivc\u016f, ale\u00a0<strong>nepochopili, \u017ee \u0161lo o syst\u00e9mov\u00fd mechanismus, kter\u00fd nijak nevybo\u010duje ze v\u0161ech ostatn\u00edch instalovan\u00fdch agend<\/strong>. Proto jsou schopni NAJEDNOU uv\u011b\u0159it stejn\u011b \u010dernob\u00edl\u00e9mu jednostrann\u00e9mu zn\u011bn\u00ed propagandy v r\u00e1mci agendy \u201ev\u00e1lka na Ukrajin\u011b.\u201c<\/p>\n<p><strong>Covid odhalil horn\u00ed hranici brutality a konformity syst\u00e9mu \u2013 byl z\u00e1t\u011b\u017eov\u00fd test syst\u00e9mu<\/strong>! Byli jsme sv\u011bdky potvrzen\u00ed hypot\u00e9zy, co je tento syst\u00e9m za\u010d a \u010deho je schopen! Ka\u017ed\u00fd, kdo m\u011bl z\u00e1jem ch\u00e1pat, m\u011bl mo\u017enost vid\u011bt realitu a\u017e p\u0159\u00edli\u0161 zbl\u00edzka! Syst\u00e9m poprv\u00e9 v pln\u00e9m rozsahu uk\u00e1zal, \u017ee je ochoten potla\u010dit z\u00e1kladn\u00ed lidsk\u00e9 svobody p\u0159i zachov\u00e1n\u00ed zd\u00e1n\u00ed mor\u00e1ln\u00edho konceptu. [<a href=\"https:\/\/www.facebook.com\/gvendy\/posts\/pfbid0KfyBFNXBXstc4kqeKb9tF662LZDF6D9nnzG6ZRuMsVrBPoK3sorT27FHgRQRtG8Ml\" target=\"_blank\" rel=\"noopener\">zdroj<\/a>]<\/p>\n<p>Je zle! \u010clen Aspen institutu\u00a0<strong><a href=\"https:\/\/www.nespokojeny.cz\/tag\/adam-vojtech\/\" target=\"_blank\" rel=\"noopener\">Adam Vojt\u011bch<\/a><\/strong>\u00a0infiltrovan\u00fd v Babi\u0161ov\u011b vl\u00e1d\u011b a zodpov\u011bdn\u00fd za nap\u00edch\u00e1n\u00ed des\u00edtek tis\u00edc nic netu\u0161\u00edc\u00edch \u010cech\u016f toxick\u00fdmi mRNA injekcemi, si k sob\u011b vol\u00e1 \u010dernokn\u011b\u017en\u00edky covidu a lobbisty Big Pharma mafie! [<a href=\"https:\/\/www.facebook.com\/marian.kadla\/posts\/pfbid0HZSAsWRrE4PmcNwgsdUCR9MUY8MbKYDL95DMZQ4yW9t9BcEnyfWpdJKSWCHbZ4HGl\" target=\"_blank\" rel=\"noopener\">zdroj<\/a>]<\/p>\n<h2><strong>Adam Vojt\u011bch si k sob\u011b bere \u010dernokn\u011b\u017en\u00edky covidu.<\/strong><\/h2>\n<p>Poradn\u00ed t\u00fdm, kter\u00fd si m\u011bl sestavit Adam Vojt\u011bch a jeho\u017e sestava se nyn\u00ed objevila na webu\u00a0<a href=\"https:\/\/www.sinmed.cz\/aktuality\/poradci-ministra-zdravotnictvi-rastislav-madar-i-marian-hajduch-111.html\" target=\"_blank\" rel=\"noopener\">SinMed.cz<\/a>, lze popsat r\u016fzn\u00fdmi p\u0159\u00edvlastky. Web jej popisuje jako \u201emoravsk\u00fd\u201c d\u00edky bohat\u00e9 \u00fa\u010dasti expert\u016f z v\u00fdchodn\u00ed poloviny zem\u011b. Ale tak\u00e9 by se dal nazvat jako \u201ecovidov\u00fd\u201c,\u00a0<strong>p\u0159edstavuje toti\u017e n\u00e1vrat zn\u00e1m\u00fdch tv\u00e1\u0159\u00ed uz\u00e1v\u011br, karant\u00e9n a o\u010dkovac\u00edch kampan\u00ed<\/strong>.<\/p>\n<p>Nov\u00ed minist\u0159i se uj\u00edmaj\u00ed \u00fa\u0159ad\u016f a postupn\u011b p\u0159edstavuj\u00ed nejen veden\u00ed ministerstva, ale i sv\u00e9 poradensk\u00e9 t\u00fdmy. Pom\u011brn\u011b sledovan\u00fdm je v tomto sm\u011bru ministr zdravotnictv\u00ed Adam Vojt\u011bch, nad jeho\u017e nominac\u00ed se koali\u010dn\u00ed partne\u0159i pozastavovali u\u017e p\u0159ed volbami tak\u00e9 proto, \u017ee Vojt\u011bch byl ministrem u\u017e v \u010dasech covidu. Tehdej\u0161\u00ed \u0159\u00edzen\u00ed pandemie je dodnes pova\u017eov\u00e1no za nejv\u011bt\u0161\u00ed otazn\u00edk prvn\u00edho Babi\u0161ova kabinetu.<\/p>\n<p>Pandemick\u00e1 opat\u0159en\u00ed se rodila v dramatick\u00e9 situaci velmi improvizovan\u011b. Nakonec jejich n\u00e1klady \u0161ly do stovek miliard korun a\u00a0<strong>tyto pen\u00edze kon\u010dily u \u010dasto narychlo zakl\u00e1dan\u00fdch spole\u010dnost\u00ed. A\u0165 \u0161lo o distribuci rou\u0161ek, provoz testovac\u00edch center nebo realizaci jin\u00fdch opat\u0159en\u00ed, bylo v hektick\u00e9 situaci t\u0159eba rezignovat na standardn\u00ed ve\u0159ejn\u00e9 zak\u00e1zky<\/strong>\u00a0a kontrolu ve\u0159ejnosti nad st\u00e1tn\u00edm hospoda\u0159en\u00edm.<\/p>\n<p>Do ve\u0159ejn\u00e9 zn\u00e1mosti tehdy vstupovaly do t\u00e9 doby sp\u00ed\u0161e nen\u00e1padn\u00e1 jm\u00e9na l\u00e9ka\u0159\u016f, biolog\u016f nebo statistik\u016f. N\u011bkter\u00e1 m\u011bla od po\u010d\u00e1tku sp\u00ed\u0161e n\u00e1dech biz\u00e1ru, jako Jaroslav Flegr z N\u00e1rodn\u00edho \u00fastavu du\u0161evn\u00edho zdrav\u00ed, kter\u00fd se stal televizn\u00ed hv\u011bzdou d\u00edky sv\u00fdm stra\u0161ideln\u00fdm p\u0159edpov\u011bd\u00edm a sv\u00e9r\u00e1zn\u00e9 image.<\/p>\n<p>Mnohem v\u011bt\u0161\u00ed vliv ale z\u00edskaly osoby jako byl t\u0159eba\u00a0<strong><a href=\"https:\/\/www.nespokojeny.cz\/tag\/rastislav-madar\/\" target=\"_blank\" rel=\"noopener\">Rastislav Ma\u010far<\/a><\/strong>\u00a0z ostravsk\u00e9 univerzity, kde byl uprost\u0159ed pandemie zvolen d\u011bkanem l\u00e9ka\u0159sk\u00e9 fakulty. Od po\u010d\u00e1tku pandemie byl pobl\u00ed\u017e ministru Vojt\u011bchovi, vedl odborn\u00e9 skupiny pro karant\u00e9nu. V srpnu 2020 na protest proti nedostate\u010dn\u00fdm opat\u0159en\u00edm ministerstvo opustil, vr\u00e1til se na ja\u0159e 2021 s ministrem Vojt\u011bchem (po kr\u00e1tk\u00fdch anab\u00e1z\u00edch ministr\u016f Prymuly, Blatn\u00e9ho a Arenbergera).<\/p>\n<p><strong>Docent Ma\u010far byl pova\u017eov\u00e1n za jednoho z \u201emar\u0161\u00e1l\u016f pandemie\u201c<\/strong>, jak hlavn\u00ed tv\u016frce opat\u0159en\u00ed jednou s nads\u00e1zkou nazval Milo\u0161 Zeman<\/p>\n<p>Vlastimil V\u00e1lek m\u011bl ve sv\u00e9 bl\u00edzkosti jin\u00e9 experty, s n\u00e1vratem Adama Vojt\u011bcha se ale vrac\u00ed i ostravsk\u00fd docent. \u201ePan docent Ma\u010far je m\u00fdm poradcem pro oblast ve\u0159ejn\u00e9ho zdrav\u00ed. Jeho \u00fakolem bude pod\u00edlet se na p\u0159\u00edprav\u011b reformy syst\u00e9mu ochrany ve\u0159ejn\u00e9ho zdrav\u00ed, co\u017e je jedna z m\u00fdch z\u00e1sadn\u00edch priorit,\u201c vysv\u011btlil Adam Vojt\u011bch.<\/p>\n<p>Web SinMed.cz, se kter\u00fdm hovo\u0159il, ale z\u00edskal kompletn\u00ed seznam Vojt\u011bchov\u00fdch poradc\u016f, kter\u00fd obsahuje i dal\u0161\u00ed zaj\u00edmav\u00e1 jm\u00e9na. Sestavu prim\u00e1rn\u011b definoval pos\u00edlen\u00edm vlivu odborn\u00edk\u016f z Moravy, mezi kter\u00fdmi je ostravsk\u00fd d\u011bkan Ma\u010far pochopiteln\u011b jednou z nejvlivn\u011bj\u0161\u00edch person.<\/p>\n<p>Ostravsk\u00e1 univerzita do t\u00fdmu dod\u00e1v\u00e1 i prod\u011bkana Ond\u0159eje Voln\u00e9ho, odborn\u00edka na neurologii.<\/p>\n<p>Olomouck\u00e1 univerzita bude m\u00edt v t\u00fdmu dal\u0161\u00ed jm\u00e9no, kter\u00e9 se stalo zn\u00e1m\u00fdm za pandemie.\u00a0<strong>Marian Hajd\u00fach byl koordin\u00e1torem laborato\u0159\u00ed a testov\u00e1n\u00ed<\/strong>. Jeho p\u016fsoben\u00ed vyvol\u00e1valo ji\u017e tehdy ot\u00e1zky, proto\u017ee akademik poch\u00e1zej\u00edc\u00ed ze Slovenska byl ji\u017e p\u0159ed covidem zn\u00e1m krom\u011b akademick\u00e9 sf\u00e9ry i sv\u00fdmi aktivitami ve zdravotnick\u00e9m a farmaceutick\u00e9m byznysu. Aktu\u00e1ln\u011b je v rejst\u0159\u00edku k dohled\u00e1n\u00ed jeho p\u016fsoben\u00ed v n\u011bkolika firm\u00e1ch, jako je Biomedical Consulting, IntellMed \u010di Brimstone Pharma. [<a href=\"https:\/\/www.parlamentnilisty.cz\/arena\/monitor\/Adam-Vojtech-si-k-sobe-bere-cernoknezniky-covidu-785251\" target=\"_blank\" rel=\"noopener\">zdroj<\/a>]<\/p>\n<p>Adam Vojt\u011bch si vyb\u00edr\u00e1 svoje vojsko a Ostravsk\u00e1 univerzita je z\u0159ejm\u011b dobr\u00fd t\u00fdm.<\/p>\n<p>Gratulujeme doc. Mari\u00e1novi Hajd\u00fachovi a doc. Rastislavovi Ma\u010farovi k postupu na dal\u0161\u00ed vysn\u011bnou metu. [<a href=\"https:\/\/www.facebook.com\/smislab\/posts\/pfbid02Tdi1QZMwa3NJEXb37KxuyVPJck5bdYTzgc8dfdHnqgGLYuVfRocg8HGSPqiXpaUhl?comment_id=1273052807988396&amp;notif_id=1767863408336517&amp;notif_t=feedback_reaction_generic&amp;ref=notif\" target=\"_blank\" rel=\"noopener\">zdroj<\/a>]<\/p>\n<p><a title=\"\" href=\"https:\/\/www.nespokojeny.cz\/wp-content\/uploads\/plaga_meses_sz.jpg\" data-rel=\"lightbox-image-0\" data-magnific_type=\"image\" data-rl_title=\"\" data-rl_caption=\"\"><img decoding=\"async\" loading=\"lazy\" class=\"aligncenter wp-image-63745\" src=\"https:\/\/www.nespokojeny.cz\/wp-content\/uploads\/plaga_meses_sz.jpg\" sizes=\"(max-width: 350px) 100vw, 350px\" srcset=\"https:\/\/www.nespokojeny.cz\/wp-content\/uploads\/plaga_meses_sz.jpg 800w, https:\/\/www.nespokojeny.cz\/wp-content\/uploads\/plaga_meses_sz-187x300.jpg 187w, https:\/\/www.nespokojeny.cz\/wp-content\/uploads\/plaga_meses_sz-280x450.jpg 280w, https:\/\/www.nespokojeny.cz\/wp-content\/uploads\/plaga_meses_sz-93x150.jpg 93w, https:\/\/www.nespokojeny.cz\/wp-content\/uploads\/plaga_meses_sz-768x1233.jpg 768w\" alt=\"\" width=\"464\" height=\"745\" \/><\/a><\/p>\n<p><a title=\"\" href=\"https:\/\/www.nespokojeny.cz\/wp-content\/uploads\/hajduch_opatreni_cnn.jpg\" data-rel=\"lightbox-image-1\" data-magnific_type=\"image\" data-rl_title=\"\" data-rl_caption=\"\"><img decoding=\"async\" loading=\"lazy\" class=\"aligncenter wp-image-63746\" src=\"https:\/\/www.nespokojeny.cz\/wp-content\/uploads\/hajduch_opatreni_cnn.jpg\" sizes=\"(max-width: 350px) 100vw, 350px\" srcset=\"https:\/\/www.nespokojeny.cz\/wp-content\/uploads\/hajduch_opatreni_cnn.jpg 800w, https:\/\/www.nespokojeny.cz\/wp-content\/uploads\/hajduch_opatreni_cnn-258x300.jpg 258w, https:\/\/www.nespokojeny.cz\/wp-content\/uploads\/hajduch_opatreni_cnn-388x450.jpg 388w, https:\/\/www.nespokojeny.cz\/wp-content\/uploads\/hajduch_opatreni_cnn-129x150.jpg 129w, https:\/\/www.nespokojeny.cz\/wp-content\/uploads\/hajduch_opatreni_cnn-768x892.jpg 768w\" alt=\"\" width=\"464\" height=\"538\" \/><\/a>V prosinci skon\u010dil na Ministerstvu zdravotnictv\u00ed vrchn\u00ed \u0159editel pro legislativu a pr\u00e1vo, Radek Policar. Pova\u017eoval jsem to za jak\u00fdsi prvn\u00ed projev sebereflexe ministra Adama Vojt\u011bcha. Nedostate\u010dn\u00fd, ale jako za\u010d\u00e1tek to zn\u011blo nad\u011bjn\u011b.<\/p>\n<p>V\u010dera zve\u0159ejnil port\u00e1l\u00a0<a href=\"https:\/\/www.sinmed.cz\/aktuality\/poradci-ministra-zdravotnictvi-rastislav-madar-i-marian-hajduch-111.html\" target=\"_blank\" rel=\"noopener\">SinMed.cz<\/a>\u00a0seznam nov\u00fdch poradc\u016f ministra Vojt\u011bcha:<\/p>\n<p>Petra Krulov\u00e1<br \/>\nTom\u00e1\u0161 Hauer<br \/>\n<a href=\"https:\/\/www.nespokojeny.cz\/kdo-stoji-za-covidovym-byznysem-v-cr-a-kolik-mu-to-vynasi\/\" target=\"_blank\" rel=\"noopener\"><strong>Rastislav Ma\u010far<\/strong><\/a><br \/>\nEva Smr\u017eov\u00e1<br \/>\nOnd\u0159ej Voln\u00fd<br \/>\n<strong>Mari\u00e1n Hajd\u00fach<\/strong><br \/>\nDavid Koribsk\u00fd<br \/>\nTom\u00e1\u0161 Dole\u017eal<br \/>\nAle\u0161 Tichop\u00e1d<br \/>\nMartin Pali\u010dka<br \/>\nMichal Kub\u00edk<\/p>\n<p>Cituji d\u00e1le:<br \/>\nPan docent Ma\u010far je m\u00fdm poradcem pro oblast ve\u0159ejn\u00e9ho zdrav\u00ed. Jeho \u00fakolem bude pod\u00edlet se na p\u0159\u00edprav\u011b reformy syst\u00e9mu ochrany ve\u0159ejn\u00e9ho zdrav\u00ed, co\u017e je jedna z m\u00fdch z\u00e1sadn\u00edch priorit,\u201c \u0159ekl v \u00fater\u00fd ve\u010der na\u0161\u00ed redakci ministr zdravotnictv\u00ed.<\/p>\n<p>Co si o tom mysl\u00edte? [<a href=\"https:\/\/www.facebook.com\/TomasNielsen22\/posts\/pfbid02uKsymxijAzDuj14FE5XiuPrsnrYNARa2UzsLoDFGfPWqmLTD5nM9cztTwZAC4CFXl\" target=\"_blank\" rel=\"noopener\">zdroj<\/a>]<\/p>\n<p><em>Foto: adamvojtech.cz<\/em><\/p>\n<p><span style=\"font-size: 10pt;\"><a href=\"https:\/\/www.nespokojeny.cz\/zadna-sebereflexe-covidove-totality-u-nove-vlady-nehrozi-fanaticti-poradci-jsou-zpet\/\">NESPOKOJEN\u00dd<\/a><\/span><\/p>\n<p>&nbsp;<\/p>\n","protected":false},"excerpt":{"rendered":"<p>Jmenov\u00e1n\u00ed Adama Vojt\u011bcha\u00a0na ministerstvo zdravotnictv\u00ed a Roberta Plagy na ministerstvo \u0161kolstv\u00ed u\u017e p\u0159edem uk\u00e1zalo, \u017ee\u00a0\u017e\u00e1dn\u00e1&#8230;<\/p>\n","protected":false},"author":2,"featured_media":96618,"comment_status":"closed","ping_status":"closed","sticky":false,"template":"","format":"standard","meta":[],"categories":[6],"tags":[978,23,1503,1424,4087,10384],"_links":{"self":[{"href":"https:\/\/www.infokuryr.cz\/n\/wp-json\/wp\/v2\/posts\/96617"}],"collection":[{"href":"https:\/\/www.infokuryr.cz\/n\/wp-json\/wp\/v2\/posts"}],"about":[{"href":"https:\/\/www.infokuryr.cz\/n\/wp-json\/wp\/v2\/types\/post"}],"author":[{"embeddable":true,"href":"https:\/\/www.infokuryr.cz\/n\/wp-json\/wp\/v2\/users\/2"}],"replies":[{"embeddable":true,"href":"https:\/\/www.infokuryr.cz\/n\/wp-json\/wp\/v2\/comments?post=96617"}],"version-history":[{"count":0,"href":"https:\/\/www.infokuryr.cz\/n\/wp-json\/wp\/v2\/posts\/96617\/revisions"}],"wp:featuredmedia":[{"embeddable":true,"href":"https:\/\/www.infokuryr.cz\/n\/wp-json\/wp\/v2\/media\/96618"}],"wp:attachment":[{"href":"https:\/\/www.infokuryr.cz\/n\/wp-json\/wp\/v2\/media?parent=96617"}],"wp:term":[{"taxonomy":"category","embeddable":true,"href":"https:\/\/www.infokuryr.cz\/n\/wp-json\/wp\/v2\/categories?post=96617"},{"taxonomy":"post_tag","embeddable":true,"href":"https:\/\/www.infokuryr.cz\/n\/wp-json\/wp\/v2\/tags?post=96617"}],"curies":[{"name":"wp","href":"https:\/\/api.w.org\/{rel}","templated":true}]}}