{"id":96611,"date":"2026-01-11T00:13:06","date_gmt":"2026-01-10T23:13:06","guid":{"rendered":"https:\/\/www.infokuryr.cz\/n\/?p=96611"},"modified":"2026-01-10T09:48:52","modified_gmt":"2026-01-10T08:48:52","slug":"jana-markova-konecna-kolonizace","status":"publish","type":"post","link":"https:\/\/www.infokuryr.cz\/n\/2026\/01\/11\/jana-markova-konecna-kolonizace\/","title":{"rendered":"Jana Markov\u00e1: Kone\u010dn\u00e1 kolonizace"},"content":{"rendered":"<div id=\"fb-root\"><\/div>\n<p>A co, \u017ee se to ve Venezuele povedlo? No je to \u00fapln\u011b snadn\u00e9. Venezuela odevzd\u00e1 ropu Americe, kter\u00e1 na n\u00ed bude vyd\u011bl\u00e1vat, a to n\u011bco, co na tom vyd\u011bl\u00e1 Venezuela, zase bude muset utratit v americk\u00fdch firm\u00e1ch.<\/p>\n<p>Tedy jako byste pracovali pro pana X, ale v\u0161echno, co si za svou pr\u00e1ci vyd\u011bl\u00e1te, jste museli zase u pana X utratit. Pan X vyd\u011bl\u00e1 dvakr\u00e1t, bude ur\u010dovat ceny, kter\u00e9 v\u00e1m za pr\u00e1ci zaplat\u00ed a z\u00e1rove\u0148 ceny, za kter\u00e9 v\u00e1m pro \u017eivot nezbytn\u00e9 produkty prod\u00e1. A v neposledn\u00ed \u0159ad\u011b jak\u00e9 kvality. M\u016f\u017eete z\u00edskat jen p\u0159edra\u017een\u00fd odpad a nebudete sm\u011bt ani p\u00edpnout. A p\u0159ipome\u0148me, \u017ee se jedn\u00e1 o potraviny a l\u00e9ky. A ty americk\u00e9, \u00e9\u010dky narvan\u00e9 s\u2026 fakt nechce\u0161.<\/p>\n<p>Za mne je to prachsprost\u00e1 koloni\u00e1ln\u00ed spr\u00e1va za pomoci v\u00fdhr\u016f\u017eek a koupen\u00ed politik\u016f, kte\u0159\u00ed maj\u00ed kila m\u00e1sla na hlav\u011b a klidn\u011b svou zemi prodaj\u00ed. D\u016fsledek bude bu\u010f katastrofa nebo ob\u010dansk\u00e1 v\u00e1lka, p\u0159\u00edpadn\u011b oboj\u00ed. Na druhu stranu alespo\u0148 Ukrajinci vid\u00ed, co znamenala ta slavn\u00e1 dohoda o surovin\u00e1ch a hospod\u00e1\u0159sk\u00e9 pomoci ze strany USA. \u00dapln\u011b to sam\u00e9, jen v tom byly vz\u00e1cn\u00e9 kovy a ne ropa. V podstat\u011b jen p\u0159epsali hlavi\u010dku. D\u016fsledek by byl katastrofa a nebo ob\u010dansk\u00e1 v\u00e1lka. Nebo oboj\u00ed.<\/p>\n<p>Donalde se rozjel ve velk\u00e9m Reaganov\u011b stylu a nelze mu to m\u00edt za zl\u00e9. Sna\u017e\u00ed se Ameriku zachr\u00e1nit z tot\u00e1ln\u00edho kolapsu, kdy petrodolar a dolar v\u016fbec je u\u017e jen pap\u00edr. Pap\u00edr zadlu\u017een\u00fd tak, \u017ee bude muset vykr\u00e1st p\u016flku sv\u011bta, aby ho zachr\u00e1nil. A kdo v\u00ed, jestli to bude sta\u010dit. Sundal rukavice a jde do toho u\u017e bez obalu. Co\u017e je vid\u011bt na Gr\u00f3nsku, kter\u00e9 pr\u00fd u\u017e nehodl\u00e1 vojensky obsadit, ale koupit. Kolik d\u00e1, neuvedl. A co na to D\u00e1nsko? Po\u0161le LEGO? Pr\u00fd mu pom\u016f\u017ee Francie, ale krom\u011b toho, \u017ee by tam mohla vyst\u011bhovat v\u0161echny sv\u00e9 migranty, si prakticky neum\u00edm p\u0159edstavit jak. P\u0159eci jen je to v\u00edcem\u00e9n\u011b \u010dlen NATO a otev\u0159en\u011b vystoupit proti jin\u00e9mu \u010dlenu by byl mazec. Ob\u00e1v\u00e1m se, \u017ee Gr\u00f3\u0148an\u00e9 (Inuit\u00e9) by m\u011bli fofrem aktivovat \u010dl\u00e1nek tule\u0148, jinak to vid\u00edm bled\u011b a mraziv\u011b.<\/p>\n<p>Dal\u0161\u00edm bodem zlomu m\u016f\u017ee b\u00fdt \u00cdr\u00e1n, kde Donald hodl\u00e1 tvrd\u011b zas\u00e1hnout, pokud bude d\u00e1l zab\u00edjet demonstranty v ulic\u00edch. I zde si dovoluji p\u0159ipomenout modus operandi Ukrajina a Majdan. Stejn\u00fd sc\u00e9n\u00e1\u0159, jin\u00ed hr\u00e1\u010di. A je fuk, kter\u00fd dikt\u00e1tor nebo po\u0161ahan\u00fd ajatoll\u00e1h je te\u010f ten zl\u00fd. A je fuk, jestli skute\u010dn\u011b je. Lid \u00cdr\u00e1nu si p\u0159eje zm\u011bnu a dostane ji. Jen nev\u00edm, jestli takovou, kterou si po letech \u00fatrap zaslou\u017e\u00ed a po jak\u00e9 tou\u017e\u00ed. Ba\u0161\u00e1r Asad v\u00ed sv\u00e9. A mimochodem. Pod\u00edvala bych se, kdo v\u0161echno evakuuje izraelskou ambas\u00e1du\u2026<\/p>\n<p>Inu rok 2026 m\u00e1 b\u00fdt podle numerologie rokem nov\u00fdch za\u010d\u00e1tk\u016f a vypad\u00e1 to, \u017ee bude. USA se pod taktovkou Trumpa sna\u017e\u00ed zachr\u00e1nit roli hegemona, o\u0159ez\u00e1vaj\u00ed Rusko od jeho spojenc\u016f a vlivu BRICS a jen d\u00edky flegmatismu a vy\u010derp\u00e1n\u00ed Rus\u016f (ano, p\u0159esn\u011b k tomu slou\u017e\u00ed dlouh\u00e1 v\u00e1lka na Ukrajin\u011b) nezru\u0161ila rusk\u00e1 ponorka drz\u00e9 Am\u00edky p\u0159i \u00fanosu toho tankeru pluj\u00edc\u00edho pod ruskou vlajkou, na kter\u00fd nem\u011bli \u017e\u00e1dn\u00e9 pr\u00e1vo. Poru\u0161ili co se dalo a sv\u011bt zav\u0159el o\u010di, p\u00e1\u010d je v rozpac\u00edch a nerozhodn\u00fd. Sv\u011bt je zd\u011b\u0161en v\u00edc, ne\u017e Mirka N\u011bmcov\u00e1. Nem\u011bl by b\u00fdt. Roky americk\u00e9 pr\u00e1ce se \u00faro\u010d\u00ed. Nic ne\u010dekan\u00e9ho.<\/p>\n<p>Nem\u00e1m z toho radost, i kdy\u017e to ch\u00e1pu. Karty se otev\u0159ely, u\u017e to nen\u00ed pokoutn\u00e9 hran\u00ed si na k\u00e1mo\u0161e. \u017d\u00e1dn\u00ed nejsou. Jen velmoci a jejich z\u00e1jmy. A mal\u00e1 pozn\u00e1mka pod \u010darou na konec. Po\u0159\u00e1d jsme \u0161\u0165astn\u00ed, \u017ee jsme se p\u0159idali do klubu t\u011bch, co maj\u00ed podepsanou americkou dohodu o vojensk\u00fdch z\u00e1kladn\u00e1ch, kde mohou bez na\u0161eho v\u011bdom\u00ed p\u00e1chat co se jim zl\u00edb\u00ed? J\u00e1 jen abychom m\u011bli jasno\u2026.<\/p>\n<p><a href=\"https:\/\/web.litterate.cz\/konecna-kolonizace\/\">Jana Markov\u00e1<\/a><\/p>\n<p><img decoding=\"async\" loading=\"lazy\" class=\"alignnone size-full wp-image-34862\" src=\"http:\/\/www.infokuryr.cz\/n\/wp-content\/uploads\/2023\/08\/jana-markova.jpg\" alt=\"\" width=\"180\" height=\"180\" srcset=\"https:\/\/www.infokuryr.cz\/n\/wp-content\/uploads\/2023\/08\/jana-markova.jpg 180w, https:\/\/www.infokuryr.cz\/n\/wp-content\/uploads\/2023\/08\/jana-markova-150x150.jpg 150w\" sizes=\"(max-width: 180px) 100vw, 180px\" \/><\/p>\n<p>&nbsp;<\/p>\n","protected":false},"excerpt":{"rendered":"<p>A co, \u017ee se to ve Venezuele povedlo? No je to \u00fapln\u011b snadn\u00e9. Venezuela odevzd\u00e1&#8230;<\/p>\n","protected":false},"author":2,"featured_media":96131,"comment_status":"closed","ping_status":"closed","sticky":false,"template":"","format":"standard","meta":[],"categories":[6],"tags":[1352,1503,181],"_links":{"self":[{"href":"https:\/\/www.infokuryr.cz\/n\/wp-json\/wp\/v2\/posts\/96611"}],"collection":[{"href":"https:\/\/www.infokuryr.cz\/n\/wp-json\/wp\/v2\/posts"}],"about":[{"href":"https:\/\/www.infokuryr.cz\/n\/wp-json\/wp\/v2\/types\/post"}],"author":[{"embeddable":true,"href":"https:\/\/www.infokuryr.cz\/n\/wp-json\/wp\/v2\/users\/2"}],"replies":[{"embeddable":true,"href":"https:\/\/www.infokuryr.cz\/n\/wp-json\/wp\/v2\/comments?post=96611"}],"version-history":[{"count":0,"href":"https:\/\/www.infokuryr.cz\/n\/wp-json\/wp\/v2\/posts\/96611\/revisions"}],"wp:featuredmedia":[{"embeddable":true,"href":"https:\/\/www.infokuryr.cz\/n\/wp-json\/wp\/v2\/media\/96131"}],"wp:attachment":[{"href":"https:\/\/www.infokuryr.cz\/n\/wp-json\/wp\/v2\/media?parent=96611"}],"wp:term":[{"taxonomy":"category","embeddable":true,"href":"https:\/\/www.infokuryr.cz\/n\/wp-json\/wp\/v2\/categories?post=96611"},{"taxonomy":"post_tag","embeddable":true,"href":"https:\/\/www.infokuryr.cz\/n\/wp-json\/wp\/v2\/tags?post=96611"}],"curies":[{"name":"wp","href":"https:\/\/api.w.org\/{rel}","templated":true}]}}