{"id":96603,"date":"2026-01-11T00:22:21","date_gmt":"2026-01-10T23:22:21","guid":{"rendered":"https:\/\/www.infokuryr.cz\/n\/?p=96603"},"modified":"2026-01-10T09:30:51","modified_gmt":"2026-01-10T08:30:51","slug":"50-mrtvych-v-bitve-o-aleppo-kurdove-slibuji-obranu-svych-ctvrti-pred-syrskou-armadou","status":"publish","type":"post","link":"https:\/\/www.infokuryr.cz\/n\/2026\/01\/11\/50-mrtvych-v-bitve-o-aleppo-kurdove-slibuji-obranu-svych-ctvrti-pred-syrskou-armadou\/","title":{"rendered":"50 mrtv\u00fdch v bitv\u011b o Aleppo, Kurdov\u00e9 slibuj\u00ed obranu sv\u00fdch \u010dtvrt\u00ed p\u0159ed syrskou arm\u00e1dou"},"content":{"rendered":"<div id=\"fb-root\"><\/div>\n<p><strong><span dir=\"auto\">V kurdsk\u00fdch \u010dtvrt\u00edch \u0160ajch Maks\u00fad a A\u0161rafija v Aleppu zu\u0159ily 9. ledna st\u0159ety mezi silami syrsk\u00e9 prozat\u00edmn\u00ed vl\u00e1dy veden\u00e9 islamisty a bojovn\u00edky napojen\u00fdmi na Syrsk\u00e9 demokratick\u00e9 s\u00edly (SDF). Zpr\u00e1vy uv\u00e1d\u011bj\u00ed, \u017ee po\u010det ob\u011bt\u00ed bitvy v severosyrsk\u00e9m m\u011bst\u011b vzrostl na 50.<\/span><\/strong><\/p>\n<p><span dir=\"auto\">Eskalace za\u010dala na za\u010d\u00e1tku t\u00fddne po kole rozhovor\u016f v Dama\u0161ku, kter\u00e9 nep\u0159inesly \u017e\u00e1dn\u00fd pokrok sm\u011brem k implementaci Machovy integra\u010dn\u00ed dohody.<\/span><\/p>\n<p><span dir=\"auto\">Vl\u00e1dn\u00ed s\u00edly zah\u00e1jily o den d\u0159\u00edve plnohodnotnou vojenskou operaci s c\u00edlem dob\u00fdt ob\u011b \u010dtvrti od kurdsk\u00fdch bojovn\u00edk\u016f. Sil\u00e1m se poda\u0159ilo za\u00fato\u010dit na A\u0161rafiju a st\u00e1tn\u00ed m\u00e9dia informovala, \u017ee \u010dtvr\u0165 byla z\u00edsk\u00e1na pod kontrolu. Druh\u00e1 strana v\u0161ak uvedla, \u017ee byla ztracena pouze \u010d\u00e1st \u010dtvrti.<\/span><\/p>\n<p><span dir=\"auto\">Brzy r\u00e1no bylo mezi 3. a 9. hodinou rann\u00ed vyhl\u00e1\u0161eno do\u010dasn\u00e9 p\u0159\u00edm\u011b\u0159\u00ed s vl\u00e1dou, kter\u00e1 tak\u00e9 vyslala autobusy k vjezdu do \u0160ajch Maks\u00fadu a A\u0161rafije s tvrzen\u00edm, \u017ee s SDF bylo dosa\u017eeno dohody o sta\u017een\u00ed kurdsk\u00fdch bojovn\u00edk\u016f odtud.<\/span><\/p>\n<p><span dir=\"auto\">Kaskad\u00e9rsk\u00fd kousek se v\u0161ak nepovedl a obecn\u00e1 rada obou \u010dtvrt\u00ed pozd\u011bji vydala prohl\u00e1\u0161en\u00ed, v n\u011bm\u017e odm\u00edtla v\u00fdzvy ke kapitulaci.<\/span><\/p>\n<p><em><span dir=\"auto\">\u201eV\u00fdzvy, kter\u00e9 dama\u0161sk\u00e9 vl\u00e1dn\u00ed s\u00edly adresovaly na\u0161emu lidu a na\u0161im bezpe\u010dnostn\u00edm sil\u00e1m, jsou v\u00fdzvami ke kapitulaci. Na\u0161i lid\u00e9 v t\u011bchto \u010dtvrt\u00edch jsou v\u0161ak odhodl\u00e1ni z\u016fstat a br\u00e1nit je,\u201c uv\u00e1d\u00ed se v prohl\u00e1\u0161en\u00ed.<\/span><\/em><\/p>\n<p><span dir=\"auto\">V n\u00e1sledn\u00e9m prohl\u00e1\u0161en\u00ed gener\u00e1ln\u00ed rada zopakovala sv\u016fj postoj a uvedla, \u017ee od ochrany \u010dtvrt\u00ed neustoup\u00ed.<\/span><\/p>\n<p><em><span dir=\"auto\">\u201eNem\u016f\u017eeme ud\u011blat ani krok zp\u011bt, pokud jde o ochranu na\u0161ich \u010dtvrt\u00ed. Rozhodli jsme se z\u016fstat ve sv\u00fdch \u010dtvrt\u00edch a br\u00e1nit je,\u201c dodali.<\/span><\/em><\/p>\n<p><span dir=\"auto\">Pot\u00e9, co se vl\u00e1dn\u00edm sil\u00e1m nepoda\u0159ilo donutit kurdsk\u00e9 bojovn\u00edky k \u00fastupu, ozn\u00e1mily, \u017ee v dan\u00fdch \u010dtvrt\u00edch otev\u0159ou \u201ehumanit\u00e1rn\u00ed koridor\u201c, aby umo\u017enily lidem evakuaci. Boje ji\u017e podle st\u00e1tn\u00edch m\u00e9di\u00ed a \u00fa\u0159edn\u00edk\u016f vyhnaly z domov\u016f p\u0159ibli\u017en\u011b 16 000 lid\u00ed.<\/span><\/p>\n<p><em><span dir=\"auto\">\u201eOpera\u010dn\u00ed velitelstv\u00ed Syrsk\u00e9 arabsk\u00e9 arm\u00e1dy sd\u011blilo agentu\u0159e SANA, \u017ee humanit\u00e1rn\u00ed koridor bude otev\u0159en od 16:00 do 18:00. Vyzvali obyvatele \u010dtvrti \u0160ajch Maks\u00fad, aby ji urychlen\u011b opustili a p\u0159esunuli se do jin\u00fdch \u010dtvrt\u00ed Aleppa koridorem al-Avar\u00edd, a vyzvali bojovn\u00edky SDF, aby slo\u017eili zbran\u011b, s t\u00edm, \u017ee budou zabezpe\u010deni,\u201c uvedla st\u00e1tn\u00ed tiskov\u00e1 agentura SANA.<\/span><\/em><\/p>\n<p><span dir=\"auto\">B\u011bhem p\u0159\u00edm\u011b\u0159\u00ed se objevily zpr\u00e1vy, \u017ee vl\u00e1da uzav\u0159ela v\u0161echny cesty vedouc\u00ed na \u00fazem\u00ed kontrolovan\u00e1 SDF v severn\u00ed a v\u00fdchodn\u00ed S\u00fdrii, v\u010detn\u011b p\u0159echodu \u0159eky Eufrat. Objevily se tak\u00e9 zpr\u00e1vy o obnoven\u00e9m diplomatick\u00e9m \u00fasil\u00ed o deeskalaci, kdy do S\u00fdrie odcestoval vyslanec Spojen\u00fdch st\u00e1t\u016f Tom Barrack a prezident Ahmad a\u0161-\u0160ara telefonoval v\u016fdci ir\u00e1ck\u00fdch Kurd\u016f Mas\u00fadu Baraz\u00e1n\u00edmu.<\/span><\/p>\n<p><span dir=\"auto\">P\u0159\u00edm\u011b\u0159\u00ed v\u0161ak skon\u010dilo bez dohody a st\u0159ety se rychle obnovily, vl\u00e1dn\u00ed s\u00edly vydaly varov\u00e1n\u00ed a pot\u00e9 ost\u0159elovaly n\u011bkolik \u010d\u00e1st\u00ed \u0160ajch Maks\u00fadu a A\u0161rafije.<\/span><\/p>\n<p><iframe loading=\"lazy\" src=\"https:\/\/s1.cdnstatic.space\/wp-content\/uploads\/2026\/01\/shelling.mp4\" width=\"600\" height=\"338\" data-mce-fragment=\"1\"><\/iframe><\/p>\n<p><iframe loading=\"lazy\" src=\"https:\/\/s1.cdnstatic.space\/wp-content\/uploads\/2026\/01\/shelling1.mp4\" width=\"600\" height=\"338\" data-mce-fragment=\"1\"><\/iframe><\/p>\n<p><span dir=\"auto\">Mezi zasa\u017een\u00fdmi c\u00edli byla nemocnice Khaled Fajr v srdci Sheikh Maqsoudu. Bylo hl\u00e1\u0161eno n\u011bkolik v\u00fdbuch\u016f a rozs\u00e1hl\u00fd po\u017e\u00e1r.<\/span><\/p>\n<p><iframe loading=\"lazy\" src=\"https:\/\/s1.cdnstatic.space\/wp-content\/uploads\/2026\/01\/host.mp4\" width=\"600\" height=\"338\" data-mce-fragment=\"1\"><\/iframe><\/p>\n<p><iframe loading=\"lazy\" src=\"https:\/\/s1.cdnstatic.space\/wp-content\/uploads\/2026\/01\/host2.mp4\" width=\"600\" height=\"338\" data-mce-fragment=\"1\"><\/iframe><\/p>\n<p><iframe loading=\"lazy\" src=\"https:\/\/s1.cdnstatic.space\/wp-content\/uploads\/2026\/01\/host3.mp4\" width=\"600\" height=\"338\" data-mce-fragment=\"1\"><\/iframe><\/p>\n<p><iframe loading=\"lazy\" src=\"https:\/\/s1.cdnstatic.space\/wp-content\/uploads\/2026\/01\/host4.mp4\" width=\"600\" height=\"338\" data-mce-fragment=\"1\"><\/iframe><\/p>\n<p><span dir=\"auto\">Ve zpr\u00e1v\u011b o situaci lond\u00fdnsk\u00e1 Syrsk\u00e1 observato\u0159 pro lidsk\u00e1 pr\u00e1va uvedla, \u017ee od za\u010d\u00e1tku eskalace v Aleppu bylo zabito 50 lid\u00ed, v\u010detn\u011b 21 civilist\u016f v kurdsk\u00fdch \u010dtvrt\u00edch a 24 p\u0159\u00edslu\u0161n\u00edk\u016f vl\u00e1dn\u00edch sil.<\/span><\/p>\n<p><span dir=\"auto\">Navzdory zpr\u00e1v\u00e1m o obnoven\u00fdch rozhovorech mezi vl\u00e1dou a SDF v Dama\u0161ku je trval\u00e9 p\u0159\u00edm\u011b\u0159\u00ed velmi nepravd\u011bpodobn\u00e9.<\/span><\/p>\n<p><span dir=\"auto\">Vl\u00e1da neustoup\u00ed, zejm\u00e9na vzhledem k tomu, \u017ee Turecko opakovan\u011b zd\u016fraznilo svou podporu jej\u00ed operaci. SDF se ze sv\u00e9 strany nemohou snadno st\u00e1hnout, proto\u017ee takov\u00e1 por\u00e1\u017eka by vl\u00e1du povzbudila k tomu, aby pozd\u011bji zah\u00e1jila dal\u0161\u00ed bitvu na jin\u00e9 front\u011b.<\/span><\/p>\n<p><span dir=\"auto\">Jak\u00e1koli dal\u0161\u00ed eskalace by mohla zp\u016fsobit roz\u0161\u00ed\u0159en\u00ed st\u0159et\u016f na dal\u0161\u00ed fronty, nap\u0159\u00edklad do m\u011bsta Deir Hafer ve v\u00fdchodn\u00edm Aleppu, kde si ob\u011b strany v posledn\u00edch n\u011bkolika dnech st\u0159\u00edlej\u00ed.<\/span><\/p>\n<p><img decoding=\"async\" loading=\"lazy\" class=\"alignnone size-full wp-image-1185\" src=\"http:\/\/www.infokuryr.cz\/n\/wp-content\/uploads\/2021\/04\/kuryr-podpis.png\" alt=\"\" width=\"84\" height=\"24\" \/><\/p>\n<p>&nbsp;<\/p>\n","protected":false},"excerpt":{"rendered":"<p>V kurdsk\u00fdch \u010dtvrt\u00edch \u0160ajch Maks\u00fad a A\u0161rafija v Aleppu zu\u0159ily 9. ledna st\u0159ety mezi silami&#8230;<\/p>\n","protected":false},"author":2,"featured_media":96604,"comment_status":"closed","ping_status":"closed","sticky":false,"template":"","format":"standard","meta":[],"categories":[7],"tags":[6558,1917,290,147,5135],"_links":{"self":[{"href":"https:\/\/www.infokuryr.cz\/n\/wp-json\/wp\/v2\/posts\/96603"}],"collection":[{"href":"https:\/\/www.infokuryr.cz\/n\/wp-json\/wp\/v2\/posts"}],"about":[{"href":"https:\/\/www.infokuryr.cz\/n\/wp-json\/wp\/v2\/types\/post"}],"author":[{"embeddable":true,"href":"https:\/\/www.infokuryr.cz\/n\/wp-json\/wp\/v2\/users\/2"}],"replies":[{"embeddable":true,"href":"https:\/\/www.infokuryr.cz\/n\/wp-json\/wp\/v2\/comments?post=96603"}],"version-history":[{"count":0,"href":"https:\/\/www.infokuryr.cz\/n\/wp-json\/wp\/v2\/posts\/96603\/revisions"}],"wp:featuredmedia":[{"embeddable":true,"href":"https:\/\/www.infokuryr.cz\/n\/wp-json\/wp\/v2\/media\/96604"}],"wp:attachment":[{"href":"https:\/\/www.infokuryr.cz\/n\/wp-json\/wp\/v2\/media?parent=96603"}],"wp:term":[{"taxonomy":"category","embeddable":true,"href":"https:\/\/www.infokuryr.cz\/n\/wp-json\/wp\/v2\/categories?post=96603"},{"taxonomy":"post_tag","embeddable":true,"href":"https:\/\/www.infokuryr.cz\/n\/wp-json\/wp\/v2\/tags?post=96603"}],"curies":[{"name":"wp","href":"https:\/\/api.w.org\/{rel}","templated":true}]}}