{"id":96560,"date":"2026-01-10T00:33:32","date_gmt":"2026-01-09T23:33:32","guid":{"rendered":"https:\/\/www.infokuryr.cz\/n\/?p=96560"},"modified":"2026-01-09T19:56:41","modified_gmt":"2026-01-09T18:56:41","slug":"albert-v-roce-2025-dve-desitky-zmodernizovanych-i-novych-prodejen-a-4-345-tun-darovanych-potravin","status":"publish","type":"post","link":"https:\/\/www.infokuryr.cz\/n\/2026\/01\/10\/albert-v-roce-2025-dve-desitky-zmodernizovanych-i-novych-prodejen-a-4-345-tun-darovanych-potravin\/","title":{"rendered":"Albert v roce 2025: dv\u011b des\u00edtky zmodernizovan\u00fdch i nov\u00fdch prodejen a 4 345 tun darovan\u00fdch potravin"},"content":{"rendered":"<div id=\"fb-root\"><\/div>\n<p><strong>Spole\u010dnost Albert m\u00e1 za sebou siln\u00fd rok. Zmodernizovala dvan\u00e1ct prodejen a\u00a0otev\u0159ela p\u011bt nov\u00fdch po cel\u00e9 republice. Intenzivn\u011b se v\u011bnovala tak\u00e9 boji proti pl\u00fdtv\u00e1n\u00ed: potravinov\u00fdm bank\u00e1m loni darovala celkem 4 345 tun potravin. Z\u00e1rove\u0148 pokra\u010dovala v investic\u00edch do rozvoje vlastn\u00edch zna\u010dek, podpory zdrav\u00e9ho stravov\u00e1n\u00ed i do sv\u00fdch zam\u011bstnanc\u016f.<\/strong><\/p>\n<h3>Nov\u00e9 a modernizovan\u00e9 obchody<\/h3>\n<p>Nov\u00e9 prodejny obchodn\u00edk otev\u0159el v Hlu\u010d\u00edn\u011b, Strakonic\u00edch, Ostrav\u011b, Praze a Brn\u011b. Krom\u011b otev\u00edr\u00e1n\u00ed nov\u00fdch obchod\u016f \u0159et\u011bzec investuje do renovace t\u011bch st\u00e1vaj\u00edc\u00edch a\u00a0v\u00a0roce 2026 pl\u00e1nuje v\u00a0expanzi pokra\u010dovat je\u0161t\u011b rychlej\u0161\u00edm tempem. \u201e<em>Modernizujeme prodejny, abychom vy\u0161li vst\u0159\u00edc m\u011bn\u00edc\u00edm se n\u00e1rok\u016fm z\u00e1kazn\u00edk\u016f. Ti oce\u0148uj\u00ed n\u00edzk\u00e9 ceny, \u010derstvost, dobr\u00fd v\u00fdb\u011br a dostupnost zbo\u017e\u00ed. Ka\u017ed\u00fd t\u00fdden u n\u00e1s nakoup\u00ed v\u00edce ne\u017e 4,5 milionu z\u00e1kazn\u00edk\u016f, proto letos nav\u00fd\u0161\u00edme investice do nov\u00fdch prodejen i rekonstrukc\u00ed t\u011bch st\u00e1vaj\u00edc\u00edch na 2,5 miliardy korun<\/em>,\u201c \u0159\u00edk\u00e1 Ji\u0159\u00ed Mare\u010dek, \u0159editel komunikace spole\u010dnosti Albert.<\/p>\n<h3>Systematick\u00fd boj proti pl\u00fdtv\u00e1n\u00ed potravinami<\/h3>\n<p>Minimalizace potravinov\u00fdch p\u0159ebytk\u016f pat\u0159\u00ed mezi kl\u00ed\u010dov\u00e9 pil\u00ed\u0159e strategie udr\u017eitelnosti Albertu dlouhodob\u011b. Z\u00e1sadn\u00ed roli v tomto \u00fasil\u00ed hraje darov\u00e1n\u00ed neprodan\u00fdch potravin. V roce 2024 Albert daroval potravinov\u00fdm bank\u00e1m 3 852 tun potravin, pro rok 2025 si stanovil c\u00edl 4 000 tun, kter\u00fd p\u0159es\u00e1hl o 345 tun.<\/p>\n<p>R\u016fst dar\u016f je v\u00fdsledkem dlouhodob\u00e9 spolupr\u00e1ce s potravinov\u00fdmi bankami, zav\u00e1d\u011bn\u00ed inovac\u00ed, zefektiv\u0148ov\u00e1n\u00ed proces\u016f v prodejn\u00e1ch i pr\u00e1ce zam\u011bstnanc\u016f. V\u00fdznamn\u011b p\u0159isp\u011bl tak\u00e9 projekt ve\u010dern\u00edho darov\u00e1n\u00ed, kter\u00fd umo\u017e\u0148uje zachr\u00e1nit je\u0161t\u011b v\u011bt\u0161\u00ed mno\u017estv\u00ed potravin v \u010dase t\u011bsn\u011b p\u0159ed uzav\u0159en\u00edm prodejen. Navy\u0161ovat dary se da\u0159\u00ed tak\u00e9 d\u00edky chlad\u00edc\u00edm dod\u00e1vk\u00e1m, kter\u00e9 obchodn\u00edk v\u00a0pr\u016fb\u011bhu posledn\u00edch let potravinov\u00fdm bank\u00e1m daroval. Koncem lo\u0148sk\u00e9ho roku p\u0159ibylo v\u00a0po\u0159ad\u00ed u\u017e \u010dtrn\u00e1ct\u00e9 vozidlo, kter\u00e9 pom\u00e1h\u00e1 s\u00a0rozvozem \u010derstv\u00fdch potravin, jich\u017e maj\u00ed lidi v\u00a0nouzi nedostatek.<\/p>\n<h3>Vlastn\u00ed zna\u010dky a zdrav\u00e9 stravov\u00e1n\u00ed<\/h3>\n<p>Albert je mezi z\u00e1kazn\u00edky dlouhodob\u011b vn\u00edm\u00e1n jako obchodn\u00edk s\u00a0nejv\u011bt\u0161\u00ed nab\u00eddkou zdrav\u00fdch potravin a rozvojem vlastn\u00edch zna\u010dek reaguje na popt\u00e1vku po kvalitn\u00edch, dostupn\u00fdch a nutri\u010dn\u011b vyv\u00e1\u017een\u00fdch produktech. Jednou z\u00a0nejv\u011bt\u0161\u00edch produktov\u00fdch novinek roku 2025 jsou \u010derstv\u00e9 zeleninov\u00e9 p\u0159\u00edlohy a sm\u011bsi pod n\u00e1zvem Menu inspirace. Tyto produkty jsou ji\u017e nakr\u00e1jen\u00e9 a p\u0159ipraven\u00e9 pro snadnou p\u0159\u00edpravu chutn\u00fdch a zdrav\u00fdch j\u00eddel. Obchodn\u00edk loni tak\u00e9 roz\u0161\u00ed\u0159il svou \u0159adu Mlyn\u00e1\u0159sk\u00e9ho \u017eitn\u00e9ho pe\u010diva. K\u00a0chlebu, rohl\u00edku, vece a brio\u0161ce p\u0159idal toustov\u00fd chl\u00e9b.<\/p>\n<h3>Navy\u0161ov\u00e1n\u00ed mezd<\/h3>\n<p>Albert v roce 2025 pokra\u010doval tak\u00e9 v investic\u00edch do sv\u00fdch zam\u011bstnanc\u016f. V\u00a0dubnu spole\u010dnost ozn\u00e1mila r\u016fst mezd nap\u0159\u00ed\u010d pro zam\u011bstnance na provozn\u00edch pozic\u00edch v\u00a0prodejn\u00e1ch v\u00a0pr\u016fm\u011bru o 6 %, do kter\u00e9ho investovala p\u0159es 350 milion\u016f korun. V sou\u010dtu za posledn\u00ed t\u0159i roky obchodn\u00edk nav\u00fd\u0161il mzdy provozn\u00edm zam\u011bstnanc\u016fm v\u00a0prodejn\u00e1ch v pr\u016fm\u011bru o 26 %. Zvy\u0161ovat mzdy bude Albert i v\u00a0roce 2026.<\/p>\n<p>Albert je jedn\u00edm z nejv\u011bt\u0161\u00edch soukrom\u00fdch zam\u011bstnavatel\u016f v \u010cesku a nab\u00edz\u00ed skv\u011bl\u00e9 m\u00edsto pro pr\u00e1ci 20 tis\u00edc\u016fm lid\u00ed. D\u00edky d\u016frazu na f\u00e9rov\u00e9 pracovn\u00ed podm\u00ednky a podporu zam\u011bstnanc\u016f si Albert dlouhodob\u011b udr\u017euje n\u00edzkou m\u00edru fluktuace, co\u017e potvrzuje jeho stabiln\u00ed pozici mezi zam\u011bstnavateli.<\/p>\n<p><img decoding=\"async\" loading=\"lazy\" class=\"alignnone size-full wp-image-1185\" src=\"http:\/\/www.infokuryr.cz\/n\/wp-content\/uploads\/2021\/04\/kuryr-podpis.png\" alt=\"\" width=\"84\" height=\"24\" \/><\/p>\n<p>&nbsp;<\/p>\n<p>&nbsp;<\/p>\n","protected":false},"excerpt":{"rendered":"<p>Spole\u010dnost Albert m\u00e1 za sebou siln\u00fd rok. Zmodernizovala dvan\u00e1ct prodejen a\u00a0otev\u0159ela p\u011bt nov\u00fdch po cel\u00e9&#8230;<\/p>\n","protected":false},"author":2,"featured_media":96561,"comment_status":"closed","ping_status":"closed","sticky":false,"template":"","format":"standard","meta":[],"categories":[6],"tags":[7032,6763,331],"_links":{"self":[{"href":"https:\/\/www.infokuryr.cz\/n\/wp-json\/wp\/v2\/posts\/96560"}],"collection":[{"href":"https:\/\/www.infokuryr.cz\/n\/wp-json\/wp\/v2\/posts"}],"about":[{"href":"https:\/\/www.infokuryr.cz\/n\/wp-json\/wp\/v2\/types\/post"}],"author":[{"embeddable":true,"href":"https:\/\/www.infokuryr.cz\/n\/wp-json\/wp\/v2\/users\/2"}],"replies":[{"embeddable":true,"href":"https:\/\/www.infokuryr.cz\/n\/wp-json\/wp\/v2\/comments?post=96560"}],"version-history":[{"count":1,"href":"https:\/\/www.infokuryr.cz\/n\/wp-json\/wp\/v2\/posts\/96560\/revisions"}],"predecessor-version":[{"id":96562,"href":"https:\/\/www.infokuryr.cz\/n\/wp-json\/wp\/v2\/posts\/96560\/revisions\/96562"}],"wp:featuredmedia":[{"embeddable":true,"href":"https:\/\/www.infokuryr.cz\/n\/wp-json\/wp\/v2\/media\/96561"}],"wp:attachment":[{"href":"https:\/\/www.infokuryr.cz\/n\/wp-json\/wp\/v2\/media?parent=96560"}],"wp:term":[{"taxonomy":"category","embeddable":true,"href":"https:\/\/www.infokuryr.cz\/n\/wp-json\/wp\/v2\/categories?post=96560"},{"taxonomy":"post_tag","embeddable":true,"href":"https:\/\/www.infokuryr.cz\/n\/wp-json\/wp\/v2\/tags?post=96560"}],"curies":[{"name":"wp","href":"https:\/\/api.w.org\/{rel}","templated":true}]}}