{"id":96554,"date":"2026-01-10T00:29:13","date_gmt":"2026-01-09T23:29:13","guid":{"rendered":"https:\/\/www.infokuryr.cz\/n\/?p=96554"},"modified":"2026-01-09T19:52:58","modified_gmt":"2026-01-09T18:52:58","slug":"urad-prace-cr-prosincova-nezamestnanost-v-cesku-vzrostla-na-48-v-souladu-s-kazdorocnim-trendem","status":"publish","type":"post","link":"https:\/\/www.infokuryr.cz\/n\/2026\/01\/10\/urad-prace-cr-prosincova-nezamestnanost-v-cesku-vzrostla-na-48-v-souladu-s-kazdorocnim-trendem\/","title":{"rendered":"\u00da\u0159ad pr\u00e1ce \u010cR: Prosincov\u00e1 nezam\u011bstnanost v \u010cesku vzrostla na 4,8 % v souladu s ka\u017edoro\u010dn\u00edm trendem"},"content":{"rendered":"<div id=\"fb-root\"><\/div>\n<h2 class=\"subject\">\u00da\u0159ad pr\u00e1ce \u010cR podpo\u0159il ve vzd\u011bl\u00e1v\u00e1n\u00ed rekordn\u00edch 143 tis\u00edc osob<\/h2>\n<p class=\"v1MsoNormal\">STRU\u010cN\u00c9 SHRNUT\u00cd:<\/p>\n<ul>\n<li><b>\u00da\u0159ad pr\u00e1ce \u010cR (\u00daP \u010cR) evidoval k 31. prosinci 2025 celkem 354 314 uchaze\u010d\u016f o\u00a0zam\u011bstn\u00e1n\u00ed, co\u017e bylo o 13 003 v\u00edce ne\u017e v\u00a0listopadu a o 47 836 uchaze\u010d\u016f v\u00edce ne\u017e loni.<\/b><b><\/b><\/li>\n<li><b>Pod\u00edl nezam\u011bstnan\u00fdch ke konci prosince vzrostl o 0,2 procentn\u00edho bodu na 4,8\u00a0%,<\/b>\u00a0<b>co\u017e odpov\u00edd\u00e1 ka\u017edoro\u010dn\u00edmu sez\u00f3nn\u00edmu n\u00e1r\u016fstu. Meziro\u010dn\u011b do\u0161lo<br \/>\nk n\u00e1r\u016fstu o\u00a00,7 procentn\u00edho bodu. N\u00e1r\u016fst byl znateln\u00fd ve v\u0161ech kraj\u00edch.<\/b><\/li>\n<li><b>Po\u010det nov\u011b evidovan\u00fdch osob za prosinec byl oproti p\u0159edchoz\u00edmu m\u011bs\u00edci vy\u0161\u0161\u00ed<\/b>\u00a0<b>o\u00a01 813 osob, meziro\u010dn\u011b byl vy\u0161\u0161\u00ed o 329 osob.<\/b><b><\/b><\/li>\n<li><a name=\"v1_Hlk218845102\"><\/a><b>V\u00a0praxi se n\u00e1m ji\u017e za\u010d\u00edn\u00e1 projevovat Flexinovela. Z\u00a0dat lze vyvodit, \u017ee p\u0159ibylo uchaze\u010d\u016f o zam\u011bstnan\u00ed, kte\u0159\u00ed po\u017e\u00e1dali o podporu a\u017e od ledna. M\u00edru dopadu budeme moci p\u0159esn\u011bji vyhodnotit na konci ledna 2026.<\/b><\/li>\n<li><b>Za rok 2025 se skrze \u00fa\u0159ady pr\u00e1ce poda\u0159ilo podpo\u0159it v\u00a0rekvalifikac\u00edch a dal\u0161\u00edm vzd\u011bl\u00e1v\u00e1n\u00ed rekordn\u00edch 143 tis\u00edc osob.<\/b><\/li>\n<\/ul>\n<a href=\"https:\/\/www.infokuryr.cz\/n\/wp-content\/uploads\/2026\/01\/TZ_nezamestnanost_PROSINEC_25-fin-1.pdf\" class=\"pdfemb-viewer\" style=\"\" data-width=\"max\" data-height=\"max\" data-toolbar=\"top\" data-toolbar-fixed=\"on\">TZ_nezamestnanost_PROSINEC_25-fin (1)<\/a>\n<h2 class=\"subject\">Nezam\u011bstnanost v \u00dasteck\u00e9m kraji v prosinci vzrostla na 7,1 %<\/h2>\n<a href=\"https:\/\/www.infokuryr.cz\/n\/wp-content\/uploads\/2026\/01\/ULK_TZ_nezamestnanost_PROSINEC_25-fin.pdf\" class=\"pdfemb-viewer\" style=\"\" data-width=\"max\" data-height=\"max\" data-toolbar=\"top\" data-toolbar-fixed=\"on\">ULK_TZ_nezamestnanost_PROSINEC_25-fin<\/a>\n<p>&nbsp;<\/p>\n<a href=\"https:\/\/www.infokuryr.cz\/n\/wp-content\/uploads\/2026\/01\/Slovnicek-pojmu-nezamestnanost.pdf\" class=\"pdfemb-viewer\" style=\"\" data-width=\"max\" data-height=\"max\" data-toolbar=\"top\" data-toolbar-fixed=\"on\">Slovn\u00ed\u010dek pojm\u016f nezam\u011bstnanost<\/a>\n<p>&nbsp;<\/p>\n<h3>Zvukov\u00fd z\u00e1znam:<\/h3>\n<!--[if lt IE 9]><script>document.createElement('audio');<\/script><![endif]-->\n<audio class=\"wp-audio-shortcode\" id=\"audio-96554-1\" preload=\"none\" style=\"width: 100%;\" controls=\"controls\"><source type=\"audio\/mpeg\" src=\"http:\/\/www.infokuryr.cz\/n\/wp-content\/uploads\/2026\/01\/zvuk_ULK_TZ_nezamestnanost_PROSINEC-25_reditelka_Martina-Becvarova.m4a?_=1\" \/><a href=\"http:\/\/www.infokuryr.cz\/n\/wp-content\/uploads\/2026\/01\/zvuk_ULK_TZ_nezamestnanost_PROSINEC-25_reditelka_Martina-Becvarova.m4a\">http:\/\/www.infokuryr.cz\/n\/wp-content\/uploads\/2026\/01\/zvuk_ULK_TZ_nezamestnanost_PROSINEC-25_reditelka_Martina-Becvarova.m4a<\/a><\/audio>\n<p>&nbsp;<\/p>\n<p><img decoding=\"async\" loading=\"lazy\" class=\"alignnone size-full wp-image-1185\" src=\"http:\/\/www.infokuryr.cz\/n\/wp-content\/uploads\/2021\/04\/kuryr-podpis.png\" alt=\"\" width=\"84\" height=\"24\" \/><\/p>\n<p>&nbsp;<\/p>\n<p>&nbsp;<\/p>\n","protected":false},"excerpt":{"rendered":"<p>\u00da\u0159ad pr\u00e1ce \u010cR podpo\u0159il ve vzd\u011bl\u00e1v\u00e1n\u00ed rekordn\u00edch 143 tis\u00edc osob STRU\u010cN\u00c9 SHRNUT\u00cd: \u00da\u0159ad pr\u00e1ce \u010cR&#8230;<\/p>\n","protected":false},"author":2,"featured_media":46615,"comment_status":"closed","ping_status":"closed","sticky":false,"template":"","format":"standard","meta":[],"categories":[6],"tags":[3013,96,331,5682],"_links":{"self":[{"href":"https:\/\/www.infokuryr.cz\/n\/wp-json\/wp\/v2\/posts\/96554"}],"collection":[{"href":"https:\/\/www.infokuryr.cz\/n\/wp-json\/wp\/v2\/posts"}],"about":[{"href":"https:\/\/www.infokuryr.cz\/n\/wp-json\/wp\/v2\/types\/post"}],"author":[{"embeddable":true,"href":"https:\/\/www.infokuryr.cz\/n\/wp-json\/wp\/v2\/users\/2"}],"replies":[{"embeddable":true,"href":"https:\/\/www.infokuryr.cz\/n\/wp-json\/wp\/v2\/comments?post=96554"}],"version-history":[{"count":1,"href":"https:\/\/www.infokuryr.cz\/n\/wp-json\/wp\/v2\/posts\/96554\/revisions"}],"predecessor-version":[{"id":96559,"href":"https:\/\/www.infokuryr.cz\/n\/wp-json\/wp\/v2\/posts\/96554\/revisions\/96559"}],"wp:featuredmedia":[{"embeddable":true,"href":"https:\/\/www.infokuryr.cz\/n\/wp-json\/wp\/v2\/media\/46615"}],"wp:attachment":[{"href":"https:\/\/www.infokuryr.cz\/n\/wp-json\/wp\/v2\/media?parent=96554"}],"wp:term":[{"taxonomy":"category","embeddable":true,"href":"https:\/\/www.infokuryr.cz\/n\/wp-json\/wp\/v2\/categories?post=96554"},{"taxonomy":"post_tag","embeddable":true,"href":"https:\/\/www.infokuryr.cz\/n\/wp-json\/wp\/v2\/tags?post=96554"}],"curies":[{"name":"wp","href":"https:\/\/api.w.org\/{rel}","templated":true}]}}