{"id":96546,"date":"2026-01-10T00:32:58","date_gmt":"2026-01-09T23:32:58","guid":{"rendered":"https:\/\/www.infokuryr.cz\/n\/?p=96546"},"modified":"2026-01-09T19:32:55","modified_gmt":"2026-01-09T18:32:55","slug":"masove-protesty-pokracuji-jak-dlouho-se-jeste-muze-mullahsky-rezim-v-iranu-udrzet","status":"publish","type":"post","link":"https:\/\/www.infokuryr.cz\/n\/2026\/01\/10\/masove-protesty-pokracuji-jak-dlouho-se-jeste-muze-mullahsky-rezim-v-iranu-udrzet\/","title":{"rendered":"Masov\u00e9 protesty pokra\u010duj\u00ed: Jak dlouho se je\u0161t\u011b m\u016f\u017ee mull\u00e1hsk\u00fd re\u017eim v \u00cdr\u00e1nu udr\u017eet?"},"content":{"rendered":"<div id=\"fb-root\"><\/div>\n<p><strong><span dir=\"auto\">Situace v \u00cdr\u00e1nu z\u016fst\u00e1v\u00e1 napjat\u00e1. Nespo\u010det lid\u00ed nad\u00e1le vych\u00e1z\u00ed do ulic, aby svrhli islamistick\u00fd re\u017eim mull\u00e1h\u016f. Jak dlouho se je\u0161t\u011b mohou ajatoll\u00e1hov\u00e9 a jejich zkorumpovan\u00e1 klika dr\u017eet u moci?<\/span><\/strong><\/p>\n<p><span dir=\"auto\">\u00cdr\u00e1nci u\u017e n\u011bkolik dn\u00ed vych\u00e1zej\u00ed do ulic. Ve st\u00e1le v\u00edce m\u011bstech ztr\u00e1c\u00ed islamistick\u00fd re\u017eim mull\u00e1h\u016f kontrolu a i v hlavn\u00edm m\u011bst\u011b Teher\u00e1nu se situace st\u00e1v\u00e1 st\u00e1le nep\u0159\u00edjemn\u011bj\u0161\u00ed.<\/span><\/p>\n<h4>Video:<\/h4>\n<figure class=\"wp-block-embed is-type-rich is-provider-twitter wp-block-embed-twitter\">\n<div class=\"wp-block-embed__wrapper\">\n<div class=\"twitter-tweet twitter-tweet-rendered\"><iframe id=\"twitter-widget-0\" class=\"\" title=\"X P\u0159\u00edsp\u011bvek\" src=\"https:\/\/platform.twitter.com\/embed\/Tweet.html?dnt=true&amp;embedId=twitter-widget-0&amp;features=eyJ0ZndfdGltZWxpbmVfbGlzdCI6eyJidWNrZXQiOltdLCJ2ZXJzaW9uIjpudWxsfSwidGZ3X2ZvbGxvd2VyX2NvdW50X3N1bnNldCI6eyJidWNrZXQiOnRydWUsInZlcnNpb24iOm51bGx9LCJ0ZndfdHdlZXRfZWRpdF9iYWNrZW5kIjp7ImJ1Y2tldCI6Im9uIiwidmVyc2lvbiI6bnVsbH0sInRmd19yZWZzcmNfc2Vzc2lvbiI6eyJidWNrZXQiOiJvbiIsInZlcnNpb24iOm51bGx9LCJ0ZndfZm9zbnJfc29mdF9pbnRlcnZlbnRpb25zX2VuYWJsZWQiOnsiYnVja2V0Ijoib24iLCJ2ZXJzaW9uIjpudWxsfSwidGZ3X21peGVkX21lZGlhXzE1ODk3Ijp7ImJ1Y2tldCI6InRyZWF0bWVudCIsInZlcnNpb24iOm51bGx9LCJ0ZndfZXhwZXJpbWVudHNfY29va2llX2V4cGlyYXRpb24iOnsiYnVja2V0IjoxMjA5NjAwLCJ2ZXJzaW9uIjpudWxsfSwidGZ3X3Nob3dfYmlyZHdhdGNoX3Bpdm90c19lbmFibGVkIjp7ImJ1Y2tldCI6Im9uIiwidmVyc2lvbiI6bnVsbH0sInRmd19kdXBsaWNhdGVfc2NyaWJlc190b19zZXR0aW5ncyI6eyJidWNrZXQiOiJvbiIsInZlcnNpb24iOm51bGx9LCJ0ZndfdXNlX3Byb2ZpbGVfaW1hZ2Vfc2hhcGVfZW5hYmxlZCI6eyJidWNrZXQiOiJvbiIsInZlcnNpb24iOm51bGx9LCJ0ZndfdmlkZW9faGxzX2R5bmFtaWNfbWFuaWZlc3RzXzE1MDgyIjp7ImJ1Y2tldCI6InRydWVfYml0cmF0ZSIsInZlcnNpb24iOm51bGx9LCJ0ZndfbGVnYWN5X3RpbWVsaW5lX3N1bnNldCI6eyJidWNrZXQiOnRydWUsInZlcnNpb24iOm51bGx9LCJ0ZndfdHdlZXRfZWRpdF9mcm9udGVuZCI6eyJidWNrZXQiOiJvbiIsInZlcnNpb24iOm51bGx9fQ%3D%3D&amp;frame=false&amp;hideCard=false&amp;hideThread=false&amp;id=2009349196164255980&amp;lang=cs&amp;origin=https%3A%2F%2Freport24.news%2Fmassenproteste-halten-an-wie-lange-kann-sich-das-mullah-regime-im-iran-noch-halten%2F&amp;sessionId=112e0d6fdf67ff8678bc028cd80fe7aef1cab65d&amp;theme=light&amp;widgetsVersion=2615f7e52b7e0%3A1702314776716&amp;width=550px\" frameborder=\"0\" scrolling=\"no\" allowfullscreen=\"allowfullscreen\" data-tweet-id=\"2009349196164255980\" data-mce-fragment=\"1\"><\/iframe><\/div>\n<\/div>\n<\/figure>\n<p><span dir=\"auto\">P\u0159esto\u017ee se re\u017eim sna\u017e\u00ed potla\u010dit protesty represivn\u00edm n\u00e1sil\u00edm prost\u0159ednictv\u00edm (st\u00e1le) loaj\u00e1ln\u00edch bezpe\u010dnostn\u00edch slo\u017eek, lid\u00e9 se nenechaj\u00ed zastra\u0161it. Na rozd\u00edl od p\u0159edchoz\u00edch protest\u016f se lid\u00e9 ji\u017e nevzd\u00e1vaj\u00ed.<\/span><\/p>\n<p><span dir=\"auto\">Zpr\u00e1vy nazna\u010duj\u00ed, \u017ee internet byl z velk\u00e9 \u010d\u00e1sti uzav\u0159en, ale stejn\u011b jako mnoho \u00cdr\u00e1nc\u016f v minulosti obch\u00e1zelo cenzurn\u00ed opat\u0159en\u00ed, nyn\u00ed nach\u00e1zej\u00ed zp\u016fsoby, jak \u0161\u00ed\u0159it videa na soci\u00e1ln\u00edch s\u00edt\u00edch a uk\u00e1zat sv\u011btu, \u017ee se necht\u011bj\u00ed vzd\u00e1t.<\/span><\/p>\n<h4>Video:<\/h4>\n<figure class=\"wp-block-embed is-type-rich is-provider-twitter wp-block-embed-twitter\">\n<div class=\"wp-block-embed__wrapper\">\n<div class=\"twitter-tweet twitter-tweet-rendered\"><iframe id=\"twitter-widget-2\" class=\"\" title=\"X P\u0159\u00edsp\u011bvek\" src=\"https:\/\/platform.twitter.com\/embed\/Tweet.html?dnt=true&amp;embedId=twitter-widget-2&amp;features=eyJ0ZndfdGltZWxpbmVfbGlzdCI6eyJidWNrZXQiOltdLCJ2ZXJzaW9uIjpudWxsfSwidGZ3X2ZvbGxvd2VyX2NvdW50X3N1bnNldCI6eyJidWNrZXQiOnRydWUsInZlcnNpb24iOm51bGx9LCJ0ZndfdHdlZXRfZWRpdF9iYWNrZW5kIjp7ImJ1Y2tldCI6Im9uIiwidmVyc2lvbiI6bnVsbH0sInRmd19yZWZzcmNfc2Vzc2lvbiI6eyJidWNrZXQiOiJvbiIsInZlcnNpb24iOm51bGx9LCJ0ZndfZm9zbnJfc29mdF9pbnRlcnZlbnRpb25zX2VuYWJsZWQiOnsiYnVja2V0Ijoib24iLCJ2ZXJzaW9uIjpudWxsfSwidGZ3X21peGVkX21lZGlhXzE1ODk3Ijp7ImJ1Y2tldCI6InRyZWF0bWVudCIsInZlcnNpb24iOm51bGx9LCJ0ZndfZXhwZXJpbWVudHNfY29va2llX2V4cGlyYXRpb24iOnsiYnVja2V0IjoxMjA5NjAwLCJ2ZXJzaW9uIjpudWxsfSwidGZ3X3Nob3dfYmlyZHdhdGNoX3Bpdm90c19lbmFibGVkIjp7ImJ1Y2tldCI6Im9uIiwidmVyc2lvbiI6bnVsbH0sInRmd19kdXBsaWNhdGVfc2NyaWJlc190b19zZXR0aW5ncyI6eyJidWNrZXQiOiJvbiIsInZlcnNpb24iOm51bGx9LCJ0ZndfdXNlX3Byb2ZpbGVfaW1hZ2Vfc2hhcGVfZW5hYmxlZCI6eyJidWNrZXQiOiJvbiIsInZlcnNpb24iOm51bGx9LCJ0ZndfdmlkZW9faGxzX2R5bmFtaWNfbWFuaWZlc3RzXzE1MDgyIjp7ImJ1Y2tldCI6InRydWVfYml0cmF0ZSIsInZlcnNpb24iOm51bGx9LCJ0ZndfbGVnYWN5X3RpbWVsaW5lX3N1bnNldCI6eyJidWNrZXQiOnRydWUsInZlcnNpb24iOm51bGx9LCJ0ZndfdHdlZXRfZWRpdF9mcm9udGVuZCI6eyJidWNrZXQiOiJvbiIsInZlcnNpb24iOm51bGx9fQ%3D%3D&amp;frame=false&amp;hideCard=false&amp;hideThread=false&amp;id=2009351869240623349&amp;lang=cs&amp;origin=https%3A%2F%2Freport24.news%2Fmassenproteste-halten-an-wie-lange-kann-sich-das-mullah-regime-im-iran-noch-halten%2F&amp;sessionId=112e0d6fdf67ff8678bc028cd80fe7aef1cab65d&amp;theme=light&amp;widgetsVersion=2615f7e52b7e0%3A1702314776716&amp;width=550px\" frameborder=\"0\" scrolling=\"no\" allowfullscreen=\"allowfullscreen\" data-tweet-id=\"2009351869240623349\" data-mce-fragment=\"1\"><\/iframe><\/div>\n<\/div>\n<\/figure>\n<p><span dir=\"auto\">Opakovan\u011b lze sly\u0161et skandov\u00e1n\u00ed \u201eD\u017eavid \u0160\u00e1h\u201c (A\u0165 \u017eije \u0160\u00e1h!). Izrael\u0161t\u00ed koment\u00e1to\u0159i vyjad\u0159uj\u00ed podporu \u00cdr\u00e1nc\u016fm, kte\u0159\u00ed se cht\u011bj\u00ed osvobodit od islamistick\u00e9ho re\u017eimu. Jak vid\u00edte, Izrael nechov\u00e1 \u017e\u00e1dnou nen\u00e1vist v\u016f\u010di \u00edr\u00e1nsk\u00e9mu lidu \u2013 odm\u00edt\u00e1n je protiizraelsk\u00fd re\u017eim mull\u00e1ha.<\/span><\/p>\n<h4>Video:<\/h4>\n<figure class=\"wp-block-embed is-type-rich is-provider-twitter wp-block-embed-twitter\">\n<div class=\"wp-block-embed__wrapper\">\n<div class=\"twitter-tweet twitter-tweet-rendered\"><iframe id=\"twitter-widget-3\" class=\"\" title=\"X P\u0159\u00edsp\u011bvek\" src=\"https:\/\/platform.twitter.com\/embed\/Tweet.html?dnt=true&amp;embedId=twitter-widget-3&amp;features=eyJ0ZndfdGltZWxpbmVfbGlzdCI6eyJidWNrZXQiOltdLCJ2ZXJzaW9uIjpudWxsfSwidGZ3X2ZvbGxvd2VyX2NvdW50X3N1bnNldCI6eyJidWNrZXQiOnRydWUsInZlcnNpb24iOm51bGx9LCJ0ZndfdHdlZXRfZWRpdF9iYWNrZW5kIjp7ImJ1Y2tldCI6Im9uIiwidmVyc2lvbiI6bnVsbH0sInRmd19yZWZzcmNfc2Vzc2lvbiI6eyJidWNrZXQiOiJvbiIsInZlcnNpb24iOm51bGx9LCJ0ZndfZm9zbnJfc29mdF9pbnRlcnZlbnRpb25zX2VuYWJsZWQiOnsiYnVja2V0Ijoib24iLCJ2ZXJzaW9uIjpudWxsfSwidGZ3X21peGVkX21lZGlhXzE1ODk3Ijp7ImJ1Y2tldCI6InRyZWF0bWVudCIsInZlcnNpb24iOm51bGx9LCJ0ZndfZXhwZXJpbWVudHNfY29va2llX2V4cGlyYXRpb24iOnsiYnVja2V0IjoxMjA5NjAwLCJ2ZXJzaW9uIjpudWxsfSwidGZ3X3Nob3dfYmlyZHdhdGNoX3Bpdm90c19lbmFibGVkIjp7ImJ1Y2tldCI6Im9uIiwidmVyc2lvbiI6bnVsbH0sInRmd19kdXBsaWNhdGVfc2NyaWJlc190b19zZXR0aW5ncyI6eyJidWNrZXQiOiJvbiIsInZlcnNpb24iOm51bGx9LCJ0ZndfdXNlX3Byb2ZpbGVfaW1hZ2Vfc2hhcGVfZW5hYmxlZCI6eyJidWNrZXQiOiJvbiIsInZlcnNpb24iOm51bGx9LCJ0ZndfdmlkZW9faGxzX2R5bmFtaWNfbWFuaWZlc3RzXzE1MDgyIjp7ImJ1Y2tldCI6InRydWVfYml0cmF0ZSIsInZlcnNpb24iOm51bGx9LCJ0ZndfbGVnYWN5X3RpbWVsaW5lX3N1bnNldCI6eyJidWNrZXQiOnRydWUsInZlcnNpb24iOm51bGx9LCJ0ZndfdHdlZXRfZWRpdF9mcm9udGVuZCI6eyJidWNrZXQiOiJvbiIsInZlcnNpb24iOm51bGx9fQ%3D%3D&amp;frame=false&amp;hideCard=false&amp;hideThread=false&amp;id=2009367926542094803&amp;lang=cs&amp;origin=https%3A%2F%2Freport24.news%2Fmassenproteste-halten-an-wie-lange-kann-sich-das-mullah-regime-im-iran-noch-halten%2F&amp;sessionId=112e0d6fdf67ff8678bc028cd80fe7aef1cab65d&amp;theme=light&amp;widgetsVersion=2615f7e52b7e0%3A1702314776716&amp;width=550px\" frameborder=\"0\" scrolling=\"no\" allowfullscreen=\"allowfullscreen\" data-tweet-id=\"2009367926542094803\" data-mce-fragment=\"1\"><\/iframe><\/div>\n<\/div>\n<\/figure>\n<p><span dir=\"auto\">Zat\u00edmco miliony \u00cdr\u00e1nc\u016f riskuj\u00ed sv\u00e9 \u017eivoty za svobodu, mainstreamov\u00e1 m\u00e9dia z\u016fst\u00e1vaj\u00ed n\u00e1padn\u011b rezervovan\u00e1. Ani BBC, ani Tagesschau, ani ORF nevys\u00edlaj\u00ed speci\u00e1ln\u00ed report\u00e1\u017ee. M\u00edsto toho se objevuje kritika Trumpa a zam\u011b\u0159en\u00ed na okrajov\u00e1 t\u00e9mata.<\/span><\/p>\n<p><span dir=\"auto\">Pr\u00e1v\u011b te\u010f, kdy\u017e \u00edr\u00e1nsk\u00fd lid zoufale pot\u0159ebuje mezin\u00e1rodn\u00ed podporu, Z\u00e1pad okat\u011b ml\u010d\u00ed. N\u00e1vrat \u0161\u00e1ha by v\u0161ak mohl ukon\u010dit mnoho st\u00e1vaj\u00edc\u00edch konflikt\u016f na Bl\u00edzk\u00e9m v\u00fdchod\u011b \u2013 v\u010detn\u011b \u010detn\u00fdch z\u00e1stupn\u00fdch v\u00e1lek proti Izraeli veden\u00fdch \u0161\u00editsk\u00fdmi milicemi, jako je Hizball\u00e1h a AnsarAll\u00e1h (H\u00fat\u00edov\u00e9).<\/span><\/p>\n<h4>Video:<\/h4>\n<figure class=\"wp-block-embed is-type-rich is-provider-twitter wp-block-embed-twitter\">\n<div class=\"wp-block-embed__wrapper\">\n<div class=\"twitter-tweet twitter-tweet-rendered\"><iframe id=\"twitter-widget-5\" class=\"\" title=\"X P\u0159\u00edsp\u011bvek\" src=\"https:\/\/platform.twitter.com\/embed\/Tweet.html?dnt=true&amp;embedId=twitter-widget-5&amp;features=eyJ0ZndfdGltZWxpbmVfbGlzdCI6eyJidWNrZXQiOltdLCJ2ZXJzaW9uIjpudWxsfSwidGZ3X2ZvbGxvd2VyX2NvdW50X3N1bnNldCI6eyJidWNrZXQiOnRydWUsInZlcnNpb24iOm51bGx9LCJ0ZndfdHdlZXRfZWRpdF9iYWNrZW5kIjp7ImJ1Y2tldCI6Im9uIiwidmVyc2lvbiI6bnVsbH0sInRmd19yZWZzcmNfc2Vzc2lvbiI6eyJidWNrZXQiOiJvbiIsInZlcnNpb24iOm51bGx9LCJ0ZndfZm9zbnJfc29mdF9pbnRlcnZlbnRpb25zX2VuYWJsZWQiOnsiYnVja2V0Ijoib24iLCJ2ZXJzaW9uIjpudWxsfSwidGZ3X21peGVkX21lZGlhXzE1ODk3Ijp7ImJ1Y2tldCI6InRyZWF0bWVudCIsInZlcnNpb24iOm51bGx9LCJ0ZndfZXhwZXJpbWVudHNfY29va2llX2V4cGlyYXRpb24iOnsiYnVja2V0IjoxMjA5NjAwLCJ2ZXJzaW9uIjpudWxsfSwidGZ3X3Nob3dfYmlyZHdhdGNoX3Bpdm90c19lbmFibGVkIjp7ImJ1Y2tldCI6Im9uIiwidmVyc2lvbiI6bnVsbH0sInRmd19kdXBsaWNhdGVfc2NyaWJlc190b19zZXR0aW5ncyI6eyJidWNrZXQiOiJvbiIsInZlcnNpb24iOm51bGx9LCJ0ZndfdXNlX3Byb2ZpbGVfaW1hZ2Vfc2hhcGVfZW5hYmxlZCI6eyJidWNrZXQiOiJvbiIsInZlcnNpb24iOm51bGx9LCJ0ZndfdmlkZW9faGxzX2R5bmFtaWNfbWFuaWZlc3RzXzE1MDgyIjp7ImJ1Y2tldCI6InRydWVfYml0cmF0ZSIsInZlcnNpb24iOm51bGx9LCJ0ZndfbGVnYWN5X3RpbWVsaW5lX3N1bnNldCI6eyJidWNrZXQiOnRydWUsInZlcnNpb24iOm51bGx9LCJ0ZndfdHdlZXRfZWRpdF9mcm9udGVuZCI6eyJidWNrZXQiOiJvbiIsInZlcnNpb24iOm51bGx9fQ%3D%3D&amp;frame=false&amp;hideCard=false&amp;hideThread=false&amp;id=2009207210908270658&amp;lang=cs&amp;origin=https%3A%2F%2Freport24.news%2Fmassenproteste-halten-an-wie-lange-kann-sich-das-mullah-regime-im-iran-noch-halten%2F&amp;sessionId=112e0d6fdf67ff8678bc028cd80fe7aef1cab65d&amp;theme=light&amp;widgetsVersion=2615f7e52b7e0%3A1702314776716&amp;width=550px\" frameborder=\"0\" scrolling=\"no\" allowfullscreen=\"allowfullscreen\" data-tweet-id=\"2009207210908270658\" data-mce-fragment=\"1\"><\/iframe><\/div>\n<\/div>\n<\/figure>\n<p><span dir=\"auto\">Jak dlouho to bude trvat, ne\u017e ajatoll\u00e1h Chamene\u00ed a veden\u00ed mull\u00e1h\u016f odejdou do (rusk\u00e9ho?) exilu?<\/span><\/p>\n<p><img decoding=\"async\" loading=\"lazy\" class=\"alignnone size-full wp-image-1185\" src=\"http:\/\/www.infokuryr.cz\/n\/wp-content\/uploads\/2021\/04\/kuryr-podpis.png\" alt=\"\" width=\"84\" height=\"24\" \/><\/p>\n<p>&nbsp;<\/p>\n","protected":false},"excerpt":{"rendered":"<p>Situace v \u00cdr\u00e1nu z\u016fst\u00e1v\u00e1 napjat\u00e1. Nespo\u010det lid\u00ed nad\u00e1le vych\u00e1z\u00ed do ulic, aby svrhli islamistick\u00fd re\u017eim&#8230;<\/p>\n","protected":false},"author":2,"featured_media":96547,"comment_status":"closed","ping_status":"closed","sticky":false,"template":"","format":"standard","meta":[],"categories":[7],"tags":[38,239,95],"_links":{"self":[{"href":"https:\/\/www.infokuryr.cz\/n\/wp-json\/wp\/v2\/posts\/96546"}],"collection":[{"href":"https:\/\/www.infokuryr.cz\/n\/wp-json\/wp\/v2\/posts"}],"about":[{"href":"https:\/\/www.infokuryr.cz\/n\/wp-json\/wp\/v2\/types\/post"}],"author":[{"embeddable":true,"href":"https:\/\/www.infokuryr.cz\/n\/wp-json\/wp\/v2\/users\/2"}],"replies":[{"embeddable":true,"href":"https:\/\/www.infokuryr.cz\/n\/wp-json\/wp\/v2\/comments?post=96546"}],"version-history":[{"count":1,"href":"https:\/\/www.infokuryr.cz\/n\/wp-json\/wp\/v2\/posts\/96546\/revisions"}],"predecessor-version":[{"id":96548,"href":"https:\/\/www.infokuryr.cz\/n\/wp-json\/wp\/v2\/posts\/96546\/revisions\/96548"}],"wp:featuredmedia":[{"embeddable":true,"href":"https:\/\/www.infokuryr.cz\/n\/wp-json\/wp\/v2\/media\/96547"}],"wp:attachment":[{"href":"https:\/\/www.infokuryr.cz\/n\/wp-json\/wp\/v2\/media?parent=96546"}],"wp:term":[{"taxonomy":"category","embeddable":true,"href":"https:\/\/www.infokuryr.cz\/n\/wp-json\/wp\/v2\/categories?post=96546"},{"taxonomy":"post_tag","embeddable":true,"href":"https:\/\/www.infokuryr.cz\/n\/wp-json\/wp\/v2\/tags?post=96546"}],"curies":[{"name":"wp","href":"https:\/\/api.w.org\/{rel}","templated":true}]}}