{"id":96544,"date":"2026-01-10T00:31:28","date_gmt":"2026-01-09T23:31:28","guid":{"rendered":"https:\/\/www.infokuryr.cz\/n\/?p=96544"},"modified":"2026-01-09T19:28:18","modified_gmt":"2026-01-09T18:28:18","slug":"iransky-lid-povstava-revoluce-proti-muslimske-diktature","status":"publish","type":"post","link":"https:\/\/www.infokuryr.cz\/n\/2026\/01\/10\/iransky-lid-povstava-revoluce-proti-muslimske-diktature\/","title":{"rendered":"\u00cdr\u00e1nsk\u00fd lid povst\u00e1v\u00e1: Revoluce proti muslimsk\u00e9 diktatu\u0159e"},"content":{"rendered":"<div id=\"fb-root\"><\/div>\n<p><strong><span dir=\"auto\">Od konce prosince 2025 ot\u0159\u00e1saj\u00ed \u00cdr\u00e1nem masivn\u00ed protesty, kter\u00e9 jsou vyvol\u00e1ny rozs\u00e1hl\u00fdm \u0161patn\u00fdm hospoda\u0159en\u00edm, buj\u00edc\u00ed korupc\u00ed a hlubok\u00fdm odm\u00edtnut\u00edm isl\u00e1msk\u00e9 vl\u00e1dy. St\u00e1vky a demonstrace se v posledn\u00edch t\u0159ech dnech d\u00e1le zintenzivnily a toto povst\u00e1n\u00ed by mohlo znamenat konec ajatoll\u00e1h\u016f.<\/span><\/strong><\/p>\n<p><span dir=\"auto\">Nepokoje, kter\u00e9 za\u010daly na teher\u00e1nsk\u00e9m bazaru 28. prosince 2025, se v prvn\u00edch lednov\u00fdch dnech roku 2026 roz\u0161\u00ed\u0159ily do v\u00edce ne\u017e 150 m\u011bst a 31 provinci\u00ed. B\u011bhem posledn\u00edch t\u0159\u00ed dn\u016f \u00edr\u00e1nsk\u00e9 zdroje na soci\u00e1ln\u00edch s\u00edt\u00edch informovaly o st\u00e1vk\u00e1ch na trz\u00edch v \u0160\u00edr\u00e1zu, Teher\u00e1nu a Kerm\u00e1n\u0161\u00e1hu, stejn\u011b jako o prob\u00edhaj\u00edc\u00edch demonstrac\u00edch v Ma\u0161hadu, Abdananu a Aligudarzu.<\/span><\/p>\n<figure class=\"wp-block-embed is-type-rich is-provider-twitter wp-block-embed-twitter\">\n<div class=\"wp-block-embed__wrapper\">\n<div class=\"twitter-tweet twitter-tweet-rendered\"><iframe id=\"twitter-widget-0\" class=\"\" title=\"X P\u0159\u00edsp\u011bvek\" src=\"https:\/\/platform.twitter.com\/embed\/Tweet.html?dnt=true&amp;embedId=twitter-widget-0&amp;features=eyJ0ZndfdGltZWxpbmVfbGlzdCI6eyJidWNrZXQiOltdLCJ2ZXJzaW9uIjpudWxsfSwidGZ3X2ZvbGxvd2VyX2NvdW50X3N1bnNldCI6eyJidWNrZXQiOnRydWUsInZlcnNpb24iOm51bGx9LCJ0ZndfdHdlZXRfZWRpdF9iYWNrZW5kIjp7ImJ1Y2tldCI6Im9uIiwidmVyc2lvbiI6bnVsbH0sInRmd19yZWZzcmNfc2Vzc2lvbiI6eyJidWNrZXQiOiJvbiIsInZlcnNpb24iOm51bGx9LCJ0ZndfZm9zbnJfc29mdF9pbnRlcnZlbnRpb25zX2VuYWJsZWQiOnsiYnVja2V0Ijoib24iLCJ2ZXJzaW9uIjpudWxsfSwidGZ3X21peGVkX21lZGlhXzE1ODk3Ijp7ImJ1Y2tldCI6InRyZWF0bWVudCIsInZlcnNpb24iOm51bGx9LCJ0ZndfZXhwZXJpbWVudHNfY29va2llX2V4cGlyYXRpb24iOnsiYnVja2V0IjoxMjA5NjAwLCJ2ZXJzaW9uIjpudWxsfSwidGZ3X3Nob3dfYmlyZHdhdGNoX3Bpdm90c19lbmFibGVkIjp7ImJ1Y2tldCI6Im9uIiwidmVyc2lvbiI6bnVsbH0sInRmd19kdXBsaWNhdGVfc2NyaWJlc190b19zZXR0aW5ncyI6eyJidWNrZXQiOiJvbiIsInZlcnNpb24iOm51bGx9LCJ0ZndfdXNlX3Byb2ZpbGVfaW1hZ2Vfc2hhcGVfZW5hYmxlZCI6eyJidWNrZXQiOiJvbiIsInZlcnNpb24iOm51bGx9LCJ0ZndfdmlkZW9faGxzX2R5bmFtaWNfbWFuaWZlc3RzXzE1MDgyIjp7ImJ1Y2tldCI6InRydWVfYml0cmF0ZSIsInZlcnNpb24iOm51bGx9LCJ0ZndfbGVnYWN5X3RpbWVsaW5lX3N1bnNldCI6eyJidWNrZXQiOnRydWUsInZlcnNpb24iOm51bGx9LCJ0ZndfdHdlZXRfZWRpdF9mcm9udGVuZCI6eyJidWNrZXQiOiJvbiIsInZlcnNpb24iOm51bGx9fQ%3D%3D&amp;frame=false&amp;hideCard=false&amp;hideThread=false&amp;id=2008994441726710063&amp;lang=cs&amp;origin=https%3A%2F%2Freport24.news%2Firans-volk-erhebt-sich-auch-eine-revolution-gegen-die-muslimische-diktatur%2F&amp;sessionId=9de82d973c983b4f81fc068ec6c4f6525bf83ef2&amp;theme=light&amp;widgetsVersion=2615f7e52b7e0%3A1702314776716&amp;width=550px\" frameborder=\"0\" scrolling=\"no\" allowfullscreen=\"allowfullscreen\" data-tweet-id=\"2008994441726710063\" data-mce-fragment=\"1\"><\/iframe><\/div>\n<\/div>\n<\/figure>\n<p><span dir=\"auto\">Videa ukazuj\u00ed des\u00edtky tis\u00edc demonstrant\u016f, jak strh\u00e1vaj\u00ed symboly re\u017eimu a skanduj\u00ed hesla jako \u201eD\u017eav\u00edd \u0160\u00e1h\u201c pro korunn\u00edho prince Rezu Pahlav\u00edho. Povst\u00e1n\u00ed v \u00cdr\u00e1nu se nyn\u00ed\u00a0<\/span><a href=\"https:\/\/www.reuters.com\/world\/middle-east\/irans-rulers-face-legitimacy-crisis-amid-spreading-unrest-2026-01-09\/\" target=\"_blank\" rel=\"noreferrer noopener\"><span dir=\"auto\">dostalo i k z\u00e1padn\u00edm tiskov\u00fdm agentur\u00e1m<\/span><\/a><span dir=\"auto\">\u00a0.<\/span><\/p>\n<p><span dir=\"auto\">Protesty nejsou nam\u00ed\u0159eny proti korupci a ekonomick\u00fdm selh\u00e1n\u00edm isl\u00e1msk\u00e9ho re\u017eimu obecn\u011b, ale proti teokratick\u00e9mu \u00fatlaku ve jm\u00e9nu All\u00e1ha. Demonstranti h\u00e1zej\u00ed do vzduchu r\u00fd\u017ei ze sklad\u016f IRGC, co\u017e je symbol odm\u00edtnut\u00ed almu\u017eny od nen\u00e1vid\u011bn\u00e9ho syst\u00e9mu. \u017deny p\u00e1l\u00ed vnucen\u00e9 \u0161\u00e1tky; nevol\u00e1 se \u201eAll\u00e1hu Akbar\u201c, nenos\u00ed se kefije; povstalci m\u00edsto toho po\u017eaduj\u00ed svobodu a n\u00e1vrat k p\u0159edisl\u00e1msk\u00e9 persk\u00e9 identit\u011b.<\/span><\/p>\n<figure class=\"wp-block-embed is-type-rich is-provider-twitter wp-block-embed-twitter\">\n<div class=\"wp-block-embed__wrapper\">\n<div class=\"twitter-tweet twitter-tweet-rendered\"><iframe id=\"twitter-widget-1\" class=\"\" title=\"X P\u0159\u00edsp\u011bvek\" src=\"https:\/\/platform.twitter.com\/embed\/Tweet.html?dnt=true&amp;embedId=twitter-widget-1&amp;features=eyJ0ZndfdGltZWxpbmVfbGlzdCI6eyJidWNrZXQiOltdLCJ2ZXJzaW9uIjpudWxsfSwidGZ3X2ZvbGxvd2VyX2NvdW50X3N1bnNldCI6eyJidWNrZXQiOnRydWUsInZlcnNpb24iOm51bGx9LCJ0ZndfdHdlZXRfZWRpdF9iYWNrZW5kIjp7ImJ1Y2tldCI6Im9uIiwidmVyc2lvbiI6bnVsbH0sInRmd19yZWZzcmNfc2Vzc2lvbiI6eyJidWNrZXQiOiJvbiIsInZlcnNpb24iOm51bGx9LCJ0ZndfZm9zbnJfc29mdF9pbnRlcnZlbnRpb25zX2VuYWJsZWQiOnsiYnVja2V0Ijoib24iLCJ2ZXJzaW9uIjpudWxsfSwidGZ3X21peGVkX21lZGlhXzE1ODk3Ijp7ImJ1Y2tldCI6InRyZWF0bWVudCIsInZlcnNpb24iOm51bGx9LCJ0ZndfZXhwZXJpbWVudHNfY29va2llX2V4cGlyYXRpb24iOnsiYnVja2V0IjoxMjA5NjAwLCJ2ZXJzaW9uIjpudWxsfSwidGZ3X3Nob3dfYmlyZHdhdGNoX3Bpdm90c19lbmFibGVkIjp7ImJ1Y2tldCI6Im9uIiwidmVyc2lvbiI6bnVsbH0sInRmd19kdXBsaWNhdGVfc2NyaWJlc190b19zZXR0aW5ncyI6eyJidWNrZXQiOiJvbiIsInZlcnNpb24iOm51bGx9LCJ0ZndfdXNlX3Byb2ZpbGVfaW1hZ2Vfc2hhcGVfZW5hYmxlZCI6eyJidWNrZXQiOiJvbiIsInZlcnNpb24iOm51bGx9LCJ0ZndfdmlkZW9faGxzX2R5bmFtaWNfbWFuaWZlc3RzXzE1MDgyIjp7ImJ1Y2tldCI6InRydWVfYml0cmF0ZSIsInZlcnNpb24iOm51bGx9LCJ0ZndfbGVnYWN5X3RpbWVsaW5lX3N1bnNldCI6eyJidWNrZXQiOnRydWUsInZlcnNpb24iOm51bGx9LCJ0ZndfdHdlZXRfZWRpdF9mcm9udGVuZCI6eyJidWNrZXQiOiJvbiIsInZlcnNpb24iOm51bGx9fQ%3D%3D&amp;frame=false&amp;hideCard=false&amp;hideThread=false&amp;id=2008983730552230204&amp;lang=cs&amp;origin=https%3A%2F%2Freport24.news%2Firans-volk-erhebt-sich-auch-eine-revolution-gegen-die-muslimische-diktatur%2F&amp;sessionId=9de82d973c983b4f81fc068ec6c4f6525bf83ef2&amp;theme=light&amp;widgetsVersion=2615f7e52b7e0%3A1702314776716&amp;width=550px\" frameborder=\"0\" scrolling=\"no\" allowfullscreen=\"allowfullscreen\" data-tweet-id=\"2008983730552230204\" data-mce-fragment=\"1\"><\/iframe><\/div>\n<\/div>\n<\/figure>\n<p><span dir=\"auto\">Tento antiisl\u00e1msk\u00fd charakter \u00edr\u00e1nsk\u00e9 revoluce tak\u00e9 vysv\u011btluje tlumen\u00e9 medi\u00e1ln\u00ed pokryt\u00ed na Z\u00e1pad\u011b. Zat\u00edmco teror Ham\u00e1su a proham\u00e1sovsk\u00e9 demonstrace s islamistick\u00fdmi symboly byly informov\u00e1ny rozs\u00e1hle a p\u0159\u00edzniv\u011b, \u00edr\u00e1nsk\u00e9 povst\u00e1n\u00ed z\u016fst\u00e1v\u00e1 okrajov\u00fdm t\u00e9matem. Jako by se na Z\u00e1pad\u011b neochota tr\u00e1pit citliv\u00e9 stoupence islamofa\u0161ismu. Mimochodem, \u00edr\u00e1nsk\u00e1 diaspora organizuje svou solidaritu pokojn\u011b, bez n\u00e1sil\u00ed a antisemitismu, na rozd\u00edl od stoupenc\u016f Ham\u00e1su, kte\u0159\u00ed rozpoutali n\u00e1sil\u00ed v evropsk\u00fdch m\u011bstech.<\/span><\/p>\n<p><span dir=\"auto\">Re\u017eim reaguje n\u00e1sil\u00edm; dosud bylo zabito nejm\u00e9n\u011b 36 lid\u00ed. Do\u0161lo tak\u00e9 k pokus\u016fm\u00a0<\/span><a href=\"https:\/\/x.com\/HamasAtrocities\/status\/2009336760405574009\" target=\"_blank\" rel=\"noreferrer noopener\"><span dir=\"auto\">o \u00fapln\u00e9 zablokov\u00e1n\u00ed internetu v \u00cdr\u00e1nu<\/span><\/a><span dir=\"auto\">\u00a0, pravd\u011bpodobn\u011b za \u00fa\u010delem neru\u0161en\u00e9ho prov\u00e1d\u011bn\u00ed vra\u017ed.<\/span><\/p>\n<p><span dir=\"auto\">V\u00a0<\/span><a href=\"https:\/\/x.com\/gghamari\/status\/2009351869240623349\" target=\"_blank\" rel=\"noreferrer noopener\"><span dir=\"auto\">ned\u00e1vn\u00e9m videu z Ma\u0161hadu<\/span><\/a><span dir=\"auto\">\u00a0povstalci \u017e\u00e1daj\u00ed USA o pomoc. Donald Trump ji\u017e varoval isl\u00e1msk\u00fd re\u017eim p\u0159ed pou\u017eit\u00edm n\u00e1sil\u00ed proti protestuj\u00edc\u00edm, za co\u017e korunn\u00ed princ Pahlav\u00ed\u00a0<\/span><a href=\"https:\/\/x.com\/PahlaviReza\/status\/2009410143176273964\" target=\"_blank\" rel=\"noreferrer noopener\"><span dir=\"auto\">vyj\u00e1d\u0159il vd\u011b\u010dnost<\/span><\/a><span dir=\"auto\">\u00a0. Situace se rychle vyv\u00edj\u00ed, ale zd\u00e1 se, \u017ee re\u017eim m\u00e1 vliv.<\/span><\/p>\n<p><span dir=\"auto\">V televizi Figaro report\u00e9r Emmanuel Razavi\u00a0<\/span><a href=\"https:\/\/x.com\/Le_Figaro\/status\/2008940942250660132\" target=\"_blank\" rel=\"noreferrer noopener\"><span dir=\"auto\">v po\u0159adu \u201ePoints de Vue\u201c<\/span><\/a><span dir=\"auto\">\u00a0informoval , \u017ee vysoce postaven\u00ed \u010dlenov\u00e9 isl\u00e1msk\u00e9ho re\u017eimu za\u010d\u00ednaj\u00ed dezertovat a sna\u017e\u00ed se z\u00edskat francouzsk\u00e1 v\u00edza pro sebe a sv\u00e9 rodiny.<\/span><\/p>\n<p><span dir=\"auto\">Evropa nesm\u00ed ud\u011blat tu chybu, \u017ee poskytne \u00fato\u010di\u0161t\u011b prchaj\u00edc\u00edm poskok\u016fm islamofa\u0161ismu. Syrsk\u00e9 islamisty jsme u\u017e p\u0159ijali; a\u0165 ti \u00edr\u00e1n\u0161t\u00ed z\u016fstanou v \u00cdr\u00e1nu a dostanou trest od sv\u00e9ho lidu.<\/span><\/p>\n<p><span dir=\"auto\">Zda se \u00edr\u00e1nsk\u00fd lid dok\u00e1\u017ee set\u0159\u00e1st diktatury, zda se dok\u00e1\u017ee zbavit jha politick\u00e9ho isl\u00e1mu, uk\u00e1\u017eou nadch\u00e1zej\u00edc\u00ed dny. Jedna v\u011bc je v\u0161ak jasn\u00e1: \u00cdr\u00e1nci u\u017e maj\u00ed 45 let teokracie dost.<\/span><\/p>\n<p><em><span dir=\"auto\">Od <a href=\"https:\/\/report24.news\/irans-volk-erhebt-sich-auch-eine-revolution-gegen-die-muslimische-diktatur\/\">Chrise Vebera<\/a><\/span><\/em><\/p>\n<p>&nbsp;<\/p>\n","protected":false},"excerpt":{"rendered":"<p>Od konce prosince 2025 ot\u0159\u00e1saj\u00ed \u00cdr\u00e1nem masivn\u00ed protesty, kter\u00e9 jsou vyvol\u00e1ny rozs\u00e1hl\u00fdm \u0161patn\u00fdm hospoda\u0159en\u00edm, buj\u00edc\u00ed&#8230;<\/p>\n","protected":false},"author":2,"featured_media":96545,"comment_status":"closed","ping_status":"closed","sticky":false,"template":"","format":"standard","meta":[],"categories":[7],"tags":[38,1503,95],"_links":{"self":[{"href":"https:\/\/www.infokuryr.cz\/n\/wp-json\/wp\/v2\/posts\/96544"}],"collection":[{"href":"https:\/\/www.infokuryr.cz\/n\/wp-json\/wp\/v2\/posts"}],"about":[{"href":"https:\/\/www.infokuryr.cz\/n\/wp-json\/wp\/v2\/types\/post"}],"author":[{"embeddable":true,"href":"https:\/\/www.infokuryr.cz\/n\/wp-json\/wp\/v2\/users\/2"}],"replies":[{"embeddable":true,"href":"https:\/\/www.infokuryr.cz\/n\/wp-json\/wp\/v2\/comments?post=96544"}],"version-history":[{"count":0,"href":"https:\/\/www.infokuryr.cz\/n\/wp-json\/wp\/v2\/posts\/96544\/revisions"}],"wp:featuredmedia":[{"embeddable":true,"href":"https:\/\/www.infokuryr.cz\/n\/wp-json\/wp\/v2\/media\/96545"}],"wp:attachment":[{"href":"https:\/\/www.infokuryr.cz\/n\/wp-json\/wp\/v2\/media?parent=96544"}],"wp:term":[{"taxonomy":"category","embeddable":true,"href":"https:\/\/www.infokuryr.cz\/n\/wp-json\/wp\/v2\/categories?post=96544"},{"taxonomy":"post_tag","embeddable":true,"href":"https:\/\/www.infokuryr.cz\/n\/wp-json\/wp\/v2\/tags?post=96544"}],"curies":[{"name":"wp","href":"https:\/\/api.w.org\/{rel}","templated":true}]}}