{"id":96542,"date":"2026-01-10T00:30:37","date_gmt":"2026-01-09T23:30:37","guid":{"rendered":"https:\/\/www.infokuryr.cz\/n\/?p=96542"},"modified":"2026-01-09T19:26:09","modified_gmt":"2026-01-09T18:26:09","slug":"danska-premierka-nemeli-byste-tu-byt-ostry-vzkaz-proti-nelegalnim-migrantum","status":"publish","type":"post","link":"https:\/\/www.infokuryr.cz\/n\/2026\/01\/10\/danska-premierka-nemeli-byste-tu-byt-ostry-vzkaz-proti-nelegalnim-migrantum\/","title":{"rendered":"D\u00e1nsk\u00e1 premi\u00e9rka: \u201eNem\u011bli byste tu b\u00fdt\u201c \u2013 Ostr\u00fd vzkaz proti neleg\u00e1ln\u00edm migrant\u016fm"},"content":{"rendered":"<div id=\"fb-root\"><\/div>\n<p><strong><span dir=\"auto\">D\u00e1nsk\u00e1 soci\u00e1ln\u011bdemokratick\u00e1 premi\u00e9rka Mette Frederiksenov\u00e1 ve sv\u00e9m novoro\u010dn\u00edm projevu jasn\u011b vyj\u00e1d\u0159ila sv\u016fj postoj: Neleg\u00e1ln\u00ed imigranti nemaj\u00ed v zemi m\u00edsto. Jej\u00ed vl\u00e1da pl\u00e1nuje dal\u0161\u00ed rozs\u00e1hl\u00e9 reformy deportac\u00ed, aby bojovala proti islamizaci a formov\u00e1n\u00ed paraleln\u00edch spole\u010dnost\u00ed.<\/span><\/strong><\/p>\n<p><span dir=\"auto\">Mette Frederiksenov\u00e1, kter\u00e1 v D\u00e1nsku vede soci\u00e1ln\u011bdemokratickou vl\u00e1du od roku 2019, vyu\u017eila sv\u00e9ho novoro\u010dn\u00edho projevu z 1. ledna 2026 k dal\u0161\u00edmu zp\u0159\u00edsn\u011bn\u00ed sv\u00e9 migra\u010dn\u00ed politiky. V \u017eiv\u011b vys\u00edlan\u00e9m\u00a0<\/span><a href=\"https:\/\/ekstrabladet.dk\/nyheder\/politik\/danskpolitik\/mette-f.-vil-indfoere-omfattende-udvisningsreform\/11053272\" target=\"_blank\" rel=\"noreferrer noopener\"><span dir=\"auto\">projevu k n\u00e1rodu<\/span><\/a><span dir=\"auto\"> ozn\u00e1mila komplexn\u00ed reformu deportac\u00ed, kter\u00e1 m\u00e1 b\u00fdt zavedena do l\u00e9ta. Cizinci odsouzen\u00ed k trestu odn\u011bt\u00ed svobody v d\u00e9lce nejm\u00e9n\u011b jednoho roku budou automaticky deportov\u00e1ni bez ohledu na rodinn\u00e9 vazby nebo d\u00e9lku pobytu.<\/span><\/p>\n<p><span dir=\"auto\">Kl\u00ed\u010dov\u00e1 pas\u00e1\u017e Frederiksenova projevu je p\u0159\u00edmo adresov\u00e1na neleg\u00e1ln\u00edm migrant\u016fm. Zde je doslovn\u00fd p\u0159eklad: \u201eProto \u2013 lidem, kte\u0159\u00ed sem p\u0159i\u0161li a p\u00e1chaj\u00ed trestn\u00e9 \u010diny: Nem\u011bli byste tu b\u00fdt. Nechceme ani va\u0161i bezohlednou j\u00edzdu, ani va\u0161i dominantn\u00ed kulturu. Ni\u010d\u00edte nejkr\u00e1sn\u011bj\u0161\u00ed zemi na sv\u011bt\u011b. A nem\u011blo by v\u00e1m b\u00fdt dovoleno to d\u011blat. T\u011bm, kte\u0159\u00ed p\u0159ijali D\u00e1nsko a kter\u00e9 v na\u0161\u00ed spole\u010dnosti pot\u0159ebujeme: M\u016f\u017eete b\u00fdt D\u00e1ny, i kdy\u017e nem\u00e1te r\u00e1di masov\u00e9 kuli\u010dky. Ale v D\u00e1nsku, kdy\u017e se demokracie st\u0159et\u00e1v\u00e1 s n\u00e1bo\u017eenstv\u00edm, B\u016fh mus\u00ed ustoupit do pozad\u00ed.\u201c<\/span><\/p>\n<p><span dir=\"auto\">Od n\u00e1stupu do \u00fa\u0159adu v roce 2019 zavedli soci\u00e1ln\u00ed demokrat\u00e9 jednu z nejp\u0159\u00edsn\u011bj\u0161\u00edch migra\u010dn\u00edch politik v Evrop\u011b. C\u00edlem je dlouhodob\u011b nulov\u00e1 azylov\u00e1 imigrace. M\u00edsto toho existuje pouze do\u010dasn\u00e1 ochrana (co\u017e azyl ve skute\u010dnosti znamen\u00e1) a d\u016fsledn\u00e9 deportace. Mezi opat\u0159en\u00ed proti azylov\u00e9 invazi pat\u0159\u00ed z\u00e1kon o \u201eparaleln\u00edch spole\u010dnostech\u201c, kter\u00fd umo\u017e\u0148uje demolici nebo prodej bytov\u00fdch dom\u016f v probl\u00e9mov\u00fdch \u010dtvrt\u00edch za \u00fa\u010delem likvidace ghett. \u017dadatel\u00e9 o azyl dost\u00e1vaj\u00ed pouze do\u010dasn\u00e1 povolen\u00ed k pobytu, slu\u010dov\u00e1n\u00ed rodin je p\u0159\u00edsn\u011b omezeno a odm\u00edtnut\u00ed \u017eadatel\u00e9 o azyl jsou deportov\u00e1ni rychleji, a to i do t\u0159et\u00edch zem\u00ed. Do sv\u00e9ho odjezdu mus\u00ed \u017e\u00edt v deporta\u010dn\u00edch centrech, aby se podpo\u0159il dobrovoln\u00fd n\u00e1vrat. D\u00e1nsko tak\u00e9 ji\u017e ne\u010dek\u00e1 na zm\u011bny Evropsk\u00e9 \u00famluvy o lidsk\u00fdch pr\u00e1vech, ale jedn\u00e1 samostatn\u011b.<\/span><\/p>\n<p><span dir=\"auto\">Frederiksenov\u00e1 tak zaujala postoje d\u0159\u00edve p\u0159ipisovan\u00e9 pravici, aby ochr\u00e1nila svou zemi p\u0159ed pl\u00ed\u017eivou islamizac\u00ed, kter\u00e1 v z\u00e1padn\u00ed Evrop\u011b nad\u00e1le nekontrolovan\u011b zu\u0159\u00ed. V d\u016fsledku toho D\u00e1nsko v roce 2024 zaznamenalo pouze 2 300 \u017eadatel\u016f o azyl. St\u00e1le p\u0159\u00edli\u0161 mnoho, ale mnohem m\u00e9n\u011b ne\u017e v jin\u00fdch z\u00e1padoevropsk\u00fdch zem\u00edch. Zat\u00edmco N\u011bmecko a Rakousko nad\u00e1le nejen toleruj\u00ed, ale tak\u00e9 dotuj\u00ed neleg\u00e1ln\u00ed masovou imigraci kulturn\u011b ciz\u00edch a \u010dasto n\u00e1siln\u00fdch mu\u017e\u016f ze spole\u010dnost\u00ed socializovan\u00fdch podle st\u0159edov\u011bk\u00fdch isl\u00e1msk\u00fdch princip\u016f miliardami pen\u011bz da\u0148ov\u00fdch poplatn\u00edk\u016f, D\u00e1nsko ukazuje, \u017ee i levicov\u00e1 strana m\u016f\u017ee azylovou invazi zastavit. Pokud chce.<\/span><\/p>\n<p><span dir=\"auto\">Dominantn\u00ed kultura, kterou Frederiksen oslovuje, v kombinaci s kmenov\u00fdmi strukturami a zd\u011bd\u011bn\u00fdm sklonem k n\u00e1sil\u00ed z n\u011bkter\u00fdch zem\u00ed p\u016fvodu, ji\u017e v Kodani nem\u00e1 m\u00edsto. D\u00e1nsko dokazuje, \u017ee tvrd\u00e1 politika proti azylov\u00e9 invazi funguje. Vl\u00e1dy ve zbytku z\u00e1padn\u00ed Evropy nyn\u00ed jen mus\u00ed naj\u00edt v\u016fli ukon\u010dit azylovou invazi i ve sv\u00fdch vlastn\u00edch zem\u00edch.<\/span><\/p>\n<p><img decoding=\"async\" loading=\"lazy\" class=\"alignnone size-full wp-image-1185\" src=\"http:\/\/www.infokuryr.cz\/n\/wp-content\/uploads\/2021\/04\/kuryr-podpis.png\" alt=\"\" width=\"84\" height=\"24\" \/><\/p>\n<p>&nbsp;<\/p>\n","protected":false},"excerpt":{"rendered":"<p>D\u00e1nsk\u00e1 soci\u00e1ln\u011bdemokratick\u00e1 premi\u00e9rka Mette Frederiksenov\u00e1 ve sv\u00e9m novoro\u010dn\u00edm projevu jasn\u011b vyj\u00e1d\u0159ila sv\u016fj postoj: Neleg\u00e1ln\u00ed imigranti&#8230;<\/p>\n","protected":false},"author":2,"featured_media":96543,"comment_status":"closed","ping_status":"closed","sticky":false,"template":"","format":"standard","meta":[],"categories":[7],"tags":[500,119,3231,538],"_links":{"self":[{"href":"https:\/\/www.infokuryr.cz\/n\/wp-json\/wp\/v2\/posts\/96542"}],"collection":[{"href":"https:\/\/www.infokuryr.cz\/n\/wp-json\/wp\/v2\/posts"}],"about":[{"href":"https:\/\/www.infokuryr.cz\/n\/wp-json\/wp\/v2\/types\/post"}],"author":[{"embeddable":true,"href":"https:\/\/www.infokuryr.cz\/n\/wp-json\/wp\/v2\/users\/2"}],"replies":[{"embeddable":true,"href":"https:\/\/www.infokuryr.cz\/n\/wp-json\/wp\/v2\/comments?post=96542"}],"version-history":[{"count":0,"href":"https:\/\/www.infokuryr.cz\/n\/wp-json\/wp\/v2\/posts\/96542\/revisions"}],"wp:featuredmedia":[{"embeddable":true,"href":"https:\/\/www.infokuryr.cz\/n\/wp-json\/wp\/v2\/media\/96543"}],"wp:attachment":[{"href":"https:\/\/www.infokuryr.cz\/n\/wp-json\/wp\/v2\/media?parent=96542"}],"wp:term":[{"taxonomy":"category","embeddable":true,"href":"https:\/\/www.infokuryr.cz\/n\/wp-json\/wp\/v2\/categories?post=96542"},{"taxonomy":"post_tag","embeddable":true,"href":"https:\/\/www.infokuryr.cz\/n\/wp-json\/wp\/v2\/tags?post=96542"}],"curies":[{"name":"wp","href":"https:\/\/api.w.org\/{rel}","templated":true}]}}