{"id":96538,"date":"2026-01-10T00:27:47","date_gmt":"2026-01-09T23:27:47","guid":{"rendered":"https:\/\/www.infokuryr.cz\/n\/?p=96538"},"modified":"2026-01-09T19:22:10","modified_gmt":"2026-01-09T18:22:10","slug":"nelidsky-podvod-s-co2-proc-net-zero-nezmeni-absolutne-nic","status":"publish","type":"post","link":"https:\/\/www.infokuryr.cz\/n\/2026\/01\/10\/nelidsky-podvod-s-co2-proc-net-zero-nezmeni-absolutne-nic\/","title":{"rendered":"Nelidsk\u00fd podvod s CO2: Pro\u010d \u201eNet Zero\u201c nezm\u011bn\u00ed absolutn\u011b nic"},"content":{"rendered":"<div id=\"fb-root\"><\/div>\n<p><strong><span dir=\"auto\">Vliv \u010dlov\u011bkem zp\u016fsoben\u00e9ho CO2 na glob\u00e1ln\u00ed klima je tak zanedbateln\u00fd, \u017ee ve\u0161ker\u00e1 opat\u0159en\u00ed ke sn\u00ed\u017een\u00ed emis\u00ed jsou ne\u00fa\u010dinn\u00e1. Jin\u00e9 klimatick\u00e9 faktory jsou mnohem d\u016fle\u017eit\u011bj\u0161\u00ed ne\u017e tento stopov\u00fd plyn.<\/span><\/strong><\/p>\n<p><span dir=\"auto\">Studie s n\u00e1zvem \u201e\u00a0<\/span><a href=\"https:\/\/www.mdpi.com\/2413-4155\/7\/4\/152\"><span dir=\"auto\">Vztah mezi lidsk\u00fdmi a p\u0159\u00edrodn\u00edmi vlivy na klima a biodiverzitu: Souvislost s oxidem uhli\u010dit\u00fdm<\/span><\/a><span dir=\"auto\">\u00a0\u201c od profesora\u00a0<\/span><a href=\"http:\/\/www.environmentalstudiesinstitute.org\/W-Jackson-Davis.pdf\"><span dir=\"auto\">W. Jacksona Davise<\/span><\/a><span dir=\"auto\"> , publikovan\u00e1 v \u010dasopise Sci, vyvrac\u00ed hysterii kolem CO2 st\u0159\u00edzliv\u00fdmi \u010d\u00edsly: Od roku 1750 je pouh\u00fdch 1,57 procenta glob\u00e1ln\u00edch teplotn\u00edch zm\u011bn zp\u016fsobeno lidsk\u00fdmi emisemi CO2. Jin\u00fdmi slovy, 98,43 procenta takzvan\u00fdch \u201eklimatick\u00fdch faktor\u016f\u201c je p\u0159\u00edrodn\u00edho p\u016fvodu \u2013 sopky, mraky, oce\u00e1ny, slunce, kosmick\u00e9 z\u00e1\u0159en\u00ed a dlouhodob\u00e9 geologick\u00e9 cykly.<\/span><\/p>\n<p><span dir=\"auto\">Davis to jednozna\u010dn\u011b \u0159\u00edk\u00e1: \u201eZb\u00fdvaj\u00edc\u00edch 98,43 procenta ovliv\u0148ov\u00e1n\u00ed klimatu poch\u00e1z\u00ed ze zdroj\u016f, kter\u00e9 nemaj\u00ed nic spole\u010dn\u00e9ho s antropogenn\u00edm CO2.\u201c To znamen\u00e1, \u017ee CO2 hraje v oteplov\u00e1n\u00ed jen malou roli \u2013 roli, kter\u00e1 se s rostouc\u00ed koncentrac\u00ed st\u00e1le v\u00edce zmen\u0161uje. Radia\u010dn\u00ed vliv CO2 je proto nejen mal\u00fd, ale tak\u00e9 podl\u00e9h\u00e1 z\u00e1konu klesaj\u00edc\u00edch v\u00fdnos\u016f.<\/span><\/p>\n<p><span dir=\"auto\">Studie poukazuje na to, \u017ee CO2 dnes \u2013 p\u0159i koncentraci 420 ppm \u2013 m\u00e1 m\u00e9n\u011b ne\u017e t\u0159etinu radia\u010dn\u00edho \u00fa\u010dinku, kter\u00fd m\u011bl v roce 1750. Paradoxn\u011b vy\u0161\u0161\u00ed koncentrace CO2 v atmosf\u00e9\u0159e vede k ni\u017e\u0161\u00edmu oteplovac\u00edmu efektu na ka\u017edou dal\u0161\u00ed molekulu kv\u016fli\u00a0<\/span><a href=\"https:\/\/report24.news\/co2-und-treibhauseffekt-ist-der-saettigungspunkt-bald-erreicht\/\"><span dir=\"auto\">efektu nasycen\u00ed<\/span><\/a><span dir=\"auto\">\u00a0. Krom\u011b toho existuje v narativu o klimatick\u00e9 katastrof\u011b dal\u0161\u00ed ru\u0161iv\u00fd faktor: 80 procent tepla \u201ezachycen\u00e9ho\u201c CO2 se odr\u00e1\u017e\u00ed p\u0159\u00edmo zp\u011bt do vesm\u00edru aerosoly.<\/span><\/p>\n<p><span dir=\"auto\">Dal\u0161\u00ed Davis\u016fv cit\u00e1t vrac\u00ed debatu zp\u011bt na zem: \u201eRadia\u010dn\u00ed s\u00edla CO2 nyn\u00ed klesla na m\u00e9n\u011b ne\u017e t\u0159etinu, proto\u017ee vynucuj\u00edc\u00ed \u00fa\u010dinek CO2 se p\u0159i vy\u0161\u0161\u00edch koncentrac\u00edch sni\u017euje.\u201c Pokud by CO2 nad\u00e1le exponenci\u00e1ln\u011b r\u016fst \u2013 jak bylo pozorov\u00e1no v posledn\u00edch 67 letech \u2013 jeho dodate\u010dn\u00fd p\u0159\u00edsp\u011bvek k oteplov\u00e1n\u00ed bude tak\u00e9 exponenci\u00e1ln\u011b klesat. To p\u0159\u00edmo odporuje politick\u00e9mu p\u0159edpokladu, \u017ee v\u00edce CO2 automaticky znamen\u00e1 v\u011bt\u0161\u00ed oteplov\u00e1n\u00ed. P\u0159\u00edrodn\u00ed v\u011bda jasn\u011b ukazuje opak: V\u00edce CO2 znamen\u00e1 men\u0161\u00ed dodate\u010dn\u00fd dopad.<\/span><\/p>\n<p><span dir=\"auto\">V\u011bdec tak\u00e9 zd\u016fraz\u0148uje, \u017ee pouze 6,27 procenta radia\u010dn\u00edho p\u016fsoben\u00ed CO2 mezi lety 1750 a 2020 lze p\u0159ipsat lidsk\u00fdm emis\u00edm, zat\u00edmco 93,73 procenta je p\u0159\u00edrodn\u00edho p\u016fvodu. V kombinaci s empiricky odhadovan\u00fdm 25% p\u0159\u00edsp\u011bvkem CO2 k celkov\u00e9mu teplotn\u00edmu p\u016fsoben\u00ed to vede k kone\u010dn\u00e9mu \u010d\u00edslu: 6,27 procenta z 25 procent odpov\u00edd\u00e1 1,57 procenta.<\/span><\/p>\n<p><span dir=\"auto\">Obzvl\u00e1\u0161t\u011b v\u00fdmluvn\u00fd je odkaz na celkovou energii CO2: s koncentrac\u00ed 420 ppm p\u0159edstavuje CO2 pouh\u00fdch 0,0058 procenta energie na zemsk\u00e9m povrchu. Z\u00e1rove\u0148 dlouhodob\u00fd geologick\u00fd pohled na 425 milion\u016f let ukazuje negativn\u00ed korelaci r = -0,19 mezi CO2 a teplotou: koncentrace CO2 stoup\u00e1 s ochlazov\u00e1n\u00edm a kles\u00e1 s oteplov\u00e1n\u00edm.<\/span><\/p>\n<p><span dir=\"auto\">A za tento 1,57procentn\u00ed p\u0159\u00edsp\u011bvek k oteplov\u00e1n\u00ed N\u011bmecko a Evropsk\u00e1 unie se sv\u00fdm projektem p\u0159erozd\u011blov\u00e1n\u00ed energetick\u00e9 transformace \u201eEvropsk\u00e1 zelen\u00e1 dohoda\u201c ni\u010d\u00ed ekonomiku a po\u0161kozuj\u00ed sv\u00e9 vlastn\u00ed ob\u010dany t\u00edm, \u017ee omezuj\u00ed jejich \u017eivobyt\u00ed. Tato posedlost nulov\u00fdmi emisemi tak nep\u0159in\u00e1\u0161\u00ed \u017e\u00e1dnou zm\u011bnu samotn\u00e9ho klimatu, ale m\u00e1 v\u00e1\u017en\u00e9 d\u016fsledky pro \u017eivoty lid\u00ed a ekonomiku.<\/span><\/p>\n<p><img decoding=\"async\" loading=\"lazy\" class=\"alignnone size-full wp-image-1185\" src=\"http:\/\/www.infokuryr.cz\/n\/wp-content\/uploads\/2021\/04\/kuryr-podpis.png\" alt=\"\" width=\"84\" height=\"24\" \/><\/p>\n<p>&nbsp;<\/p>\n","protected":false},"excerpt":{"rendered":"<p>Vliv \u010dlov\u011bkem zp\u016fsoben\u00e9ho CO2 na glob\u00e1ln\u00ed klima je tak zanedbateln\u00fd, \u017ee ve\u0161ker\u00e1 opat\u0159en\u00ed ke sn\u00ed\u017een\u00ed&#8230;<\/p>\n","protected":false},"author":2,"featured_media":96539,"comment_status":"closed","ping_status":"closed","sticky":false,"template":"","format":"standard","meta":[],"categories":[7],"tags":[2692,873,794],"_links":{"self":[{"href":"https:\/\/www.infokuryr.cz\/n\/wp-json\/wp\/v2\/posts\/96538"}],"collection":[{"href":"https:\/\/www.infokuryr.cz\/n\/wp-json\/wp\/v2\/posts"}],"about":[{"href":"https:\/\/www.infokuryr.cz\/n\/wp-json\/wp\/v2\/types\/post"}],"author":[{"embeddable":true,"href":"https:\/\/www.infokuryr.cz\/n\/wp-json\/wp\/v2\/users\/2"}],"replies":[{"embeddable":true,"href":"https:\/\/www.infokuryr.cz\/n\/wp-json\/wp\/v2\/comments?post=96538"}],"version-history":[{"count":0,"href":"https:\/\/www.infokuryr.cz\/n\/wp-json\/wp\/v2\/posts\/96538\/revisions"}],"wp:featuredmedia":[{"embeddable":true,"href":"https:\/\/www.infokuryr.cz\/n\/wp-json\/wp\/v2\/media\/96539"}],"wp:attachment":[{"href":"https:\/\/www.infokuryr.cz\/n\/wp-json\/wp\/v2\/media?parent=96538"}],"wp:term":[{"taxonomy":"category","embeddable":true,"href":"https:\/\/www.infokuryr.cz\/n\/wp-json\/wp\/v2\/categories?post=96538"},{"taxonomy":"post_tag","embeddable":true,"href":"https:\/\/www.infokuryr.cz\/n\/wp-json\/wp\/v2\/tags?post=96538"}],"curies":[{"name":"wp","href":"https:\/\/api.w.org\/{rel}","templated":true}]}}