{"id":96536,"date":"2026-01-10T00:26:57","date_gmt":"2026-01-09T23:26:57","guid":{"rendered":"https:\/\/www.infokuryr.cz\/n\/?p=96536"},"modified":"2026-01-09T19:20:30","modified_gmt":"2026-01-09T18:20:30","slug":"zima-misto-globalniho-prevarovani-zeleny-hamburk-naprosto-zahlcen","status":"publish","type":"post","link":"https:\/\/www.infokuryr.cz\/n\/2026\/01\/10\/zima-misto-globalniho-prevarovani-zeleny-hamburk-naprosto-zahlcen\/","title":{"rendered":"Zima m\u00edsto glob\u00e1ln\u00edho p\u0159eva\u0159ov\u00e1n\u00ed: Zelen\u00fd Hamburk naprosto zahlcen!"},"content":{"rendered":"<div id=\"fb-root\"><\/div>\n<p><strong><span dir=\"auto\">Hamburk je poh\u0159ben\u00fd ve sn\u011bhu \u2013 a lid\u00e9 si l\u00e1mou kosti. Rudo-zelen\u00fd Sen\u00e1t se rozhodl pro zjevn\u00e9 pop\u0159en\u00ed reality a postupn\u011b ochromoval zimn\u00ed \u00fadr\u017ebu silnic. Z ekologick\u00fdch d\u016fvod\u016f dokonce zak\u00e1zal posypovou s\u016fl. Te\u010f je tu zima a katastrofa je hotov\u00e1.<\/span><\/strong><\/p>\n<p><span dir=\"auto\">Hambursk\u00e1 Strana zelen\u00fdch l\u00e9ta k\u00e1zala o ochran\u011b \u017eivotn\u00edho prost\u0159ed\u00ed \u2013 s\u016fl se vsakuje do zem\u011b a po\u0161kozuje stromy a rostliny, argumentovali. Proto ji zak\u00e1zali a m\u00edsto toho se spol\u00e9hali na protiskluzov\u00e9 materi\u00e1ly, jako je \u0161t\u011brk. To fungovalo v m\u00edrn\u00fdch zim\u00e1ch, ale nyn\u00ed, s \u00fadajn\u011b nejsiln\u011bj\u0161\u00edmi sn\u011b\u017een\u00edmi za posledn\u00edch 15 let, to u\u017e nesta\u010d\u00ed. A\u017e 20 centimetr\u016f sn\u011bhu, vytrval\u00fd mr\u00e1z a neust\u00e1l\u00e9 mrznut\u00ed a t\u00e1n\u00ed prom\u011bnily chodn\u00edky a cyklostezky v kluzi\u0161t\u011b. D\u016fsledek: hromadn\u00e9 p\u00e1dy, zran\u011bn\u00ed v nemocnic\u00edch, zru\u0161en\u00e9 poh\u0159by a uzav\u0159en\u00e9 parky. Dalo by se \u0159\u00edci, \u017ee zelen\u00e1 bol\u00ed.<\/span><\/p>\n<p><span dir=\"auto\">M\u011bstsk\u00fd hygienick\u00fd \u00fa\u0159ad m\u00e1 zhruba\u00a0<\/span><a href=\"https:\/\/www.welt.de\/regionales\/hamburg\/article695d2c868dd8bd1bb409890b\/winterwetter-senat-bricht-mit-dem-tabu-tausalz-cdu-attackiert-rot-gruen-wegen-raeumproblemen.html?utm_social_handle_id=8720562&amp;utm_social_post_id=643893412&amp;wtrid=socialmedia.socialflow....socialflow_twitter\"><span dir=\"auto\">730 zam\u011bstnanc\u016f a 360 vozidel<\/span><\/a><span dir=\"auto\">\u00a0\u2013 to m\u016f\u017ee zn\u00edt p\u016fsobiv\u011b, ale nen\u00ed. V posledn\u00edch letech \u010derveno-zelen\u00e1 koalice systematicky omezuje\u00a0<\/span><a href=\"https:\/\/www.mopo.de\/hamburg\/nicht-fuer-extremwetter-geplant-stadtreinigung-verteidigt-peronalabbau-bei-winterdienst\/\"><span dir=\"auto\">zimn\u00ed<\/span><\/a><span dir=\"auto\">\u00a0slu\u017eby : sni\u017euje po\u010det zam\u011bstnanc\u016f i vozidel. Klimati\u010dt\u00ed fanatici a kazatel\u00e9 glob\u00e1ln\u00ed katastrofy zjevn\u011b nep\u0159edpokl\u00e1dali skute\u010dnou zimu s chladem, sn\u011bhem a ledem: ideologie se st\u0159et\u00e1v\u00e1 s realitou.<\/span><\/p>\n<p><span dir=\"auto\">Nov\u00e1 vedouc\u00ed m\u011bstsk\u00e9ho hygienick\u00e9ho odd\u011blen\u00ed Daniela Ensleinov\u00e1 p\u0159ipou\u0161t\u00ed, \u017ee slu\u017eba \u201enen\u00ed ur\u010dena pro extr\u00e9mn\u00ed po\u010das\u00ed\u201c. Zimn\u00ed \u00fadr\u017eba se zam\u011b\u0159uje na \u010di\u0161t\u011bn\u00ed hlavn\u00edch silnic, autobusov\u00fdch linek, most\u016f, strm\u00fdch svah\u016f a vybran\u00fdch cyklostezek. Komplexn\u00ed \u010di\u0161t\u011bn\u00ed je nemo\u017en\u00e9. Ensleinov\u00e1 hovo\u0159\u00ed o \u201e\u0161esti plnohodnotn\u00fdch akc\u00edch za sebou\u201c \u2013 co\u017e je tlak, kter\u00fd \u201ev posledn\u00edch letech neexistoval\u201c.<\/span><\/p>\n<p><span dir=\"auto\">Jako gesto dobr\u00e9 v\u016fle se proto nyn\u00ed m\u016f\u017ee rozmrazovac\u00ed s\u016fl op\u011bt rozmetat na chodn\u00edc\u00edch a cyklostezk\u00e1ch do 21. ledna: Sen\u00e1torka pro dopravu Anjes Tjarks (Zelen\u00ed) vydala 6. ledna\u00a0<\/span><a href=\"https:\/\/www.hamburg.de\/politik-und-verwaltung\/aktuelles\/das-gilt-in-hamburg-1132072\"><span dir=\"auto\">obecn\u00e9 na\u0159\u00edzen\u00ed<\/span><\/a><span dir=\"auto\"> , kter\u00e9 povoluje pou\u017e\u00edv\u00e1n\u00ed rozmrazovac\u00ed soli na chodn\u00edc\u00edch a cyklostezk\u00e1ch do tohoto data. Ob\u010dan\u00e9 jsou v\u0161ak vyz\u00fdv\u00e1ni, aby \u201erozmrazovac\u00ed s\u016fl pou\u017e\u00edvali st\u0159\u00eddm\u011b\u201c. Druh\u00e1 starostka Katharina Fegebank (Zelen\u00ed) tak\u00e9 p\u0159ipom\u00edn\u00e1 obyvatel\u016fm jejich povinnost \u010distit chodn\u00edky: \u201eO hlavn\u00ed silnice se star\u00e1 m\u011bstsk\u00fd \u00faklidov\u00fd odbor; za chodn\u00edky jsou zodpov\u011bdn\u00ed majitel\u00e9 nemovitost\u00ed.\u201c Dodala, \u017ee str\u00e1\u017en\u00edci chodn\u00edk\u016f ji\u017e prov\u00e1d\u011bj\u00ed kontroly. Pro Fegebank jsou vy\u010di\u0161t\u011bn\u00e9 chodn\u00edky \u201edemonstrac\u00ed solidarity v akci\u201c.<\/span><\/p>\n<p><span dir=\"auto\">Zde za\u010d\u00edn\u00e1 ostr\u00e1 kritika opozice.\u00a0<\/span><a href=\"https:\/\/cduhh.de\/thering-spd-und-gruene-versagen-im-winterchaos\/\"><span dir=\"auto\">P\u0159edseda parlamentn\u00ed skupiny CDU Dennis Thering<\/span><\/a><span dir=\"auto\"> hovo\u0159\u00ed o selh\u00e1n\u00ed rudo-zelen\u00e9 koalice: \u201eV Hamburku u\u017e p\u00e1t\u00fd den sn\u011b\u017e\u00ed a m\u011bsto si prost\u011b nedok\u00e1\u017ee poradit s odkl\u00edzen\u00edm sn\u011bhu. SPD a Zelen\u00ed se mus\u00ed na sebe d\u016fkladn\u011b a v\u00e1\u017en\u011b pod\u00edvat: mnoho ulic, chodn\u00edk\u016f a cyklostezek, kter\u00e9 spadaj\u00ed pod m\u011bsto, st\u00e1le nen\u00ed odklizeno. P\u0159ed \u0161kolami, na mnoha autobusov\u00fdch zast\u00e1vk\u00e1ch a na mnoha dal\u0161\u00edch m\u00edstech je to st\u00e1le jako ledov\u00e1 pokr\u00fdvka. To ohro\u017euje mnoho lid\u00ed a zp\u016fsobuje \u010detn\u00e1 zran\u011bn\u00ed. Je skute\u010dn\u011b trapn\u00e9, \u017ee Hamburk, na rozd\u00edl od jin\u00fdch m\u011bst, nedok\u00e1\u017ee tuto situaci dostat pod kontrolu.\u201c V\u00fdzvy k soukrom\u00fdm ob\u010dan\u016fm by byly mnohem \u00fa\u010dinn\u011bj\u0161\u00ed, kdyby si Sen\u00e1t ud\u011blal vlastn\u00ed dom\u00e1c\u00ed \u00fakoly. CDU po\u017eaduje, aby \u201ebyly urychlen\u011b pos\u00edleny \u00faklidov\u00e9 slu\u017eby m\u011bsta a nasazeno v\u00edce sn\u011bhov\u00fdch pluh\u016f\u201c. M\u011bsto \u201enesm\u00ed vstoupit do dal\u0161\u00edch zim tak nep\u0159ipraven\u00e9\u201c. Je v\u0161ak velmi ot\u00e1zkou, zda by CDU, kter\u00e1 nyn\u00ed prosazuje svou vlastn\u00ed radik\u00e1ln\u011b zelenou politiku, m\u011bsto na zimu l\u00e9pe p\u0159ipravila&#8230;<\/span><\/p>\n<p><span dir=\"auto\">Zimn\u00ed po\u010das\u00ed bude pokra\u010dovat i v p\u0159\u00ed\u0161t\u00edch n\u011bkolika dnech. O\u010dek\u00e1v\u00e1 se, \u017ee teploty z\u016fstanou n\u00edzk\u00e9 a p\u0159es severn\u00ed N\u011bmecko se pravd\u011bpodobn\u011b p\u0159esune bou\u0159kov\u00fd syst\u00e9m s hust\u00fdm sn\u011b\u017een\u00edm. Fegebank spol\u00e9h\u00e1 na \u201esmysl pro komunitu\u201c obyvatel Hamburku: \u201ePokud budeme v\u0161ichni dr\u017eet pohromad\u011b, Hamburk bude obzvl\u00e1\u0161t\u011b siln\u00fd.\u201c<\/span><\/p>\n<p><img decoding=\"async\" loading=\"lazy\" class=\"alignnone size-full wp-image-1185\" src=\"http:\/\/www.infokuryr.cz\/n\/wp-content\/uploads\/2021\/04\/kuryr-podpis.png\" alt=\"\" width=\"84\" height=\"24\" \/><\/p>\n<p>&nbsp;<\/p>\n","protected":false},"excerpt":{"rendered":"<p>Hamburk je poh\u0159ben\u00fd ve sn\u011bhu \u2013 a lid\u00e9 si l\u00e1mou kosti. Rudo-zelen\u00fd Sen\u00e1t se rozhodl&#8230;<\/p>\n","protected":false},"author":2,"featured_media":96537,"comment_status":"closed","ping_status":"closed","sticky":false,"template":"","format":"standard","meta":[],"categories":[7],"tags":[873,1503,84,1101],"_links":{"self":[{"href":"https:\/\/www.infokuryr.cz\/n\/wp-json\/wp\/v2\/posts\/96536"}],"collection":[{"href":"https:\/\/www.infokuryr.cz\/n\/wp-json\/wp\/v2\/posts"}],"about":[{"href":"https:\/\/www.infokuryr.cz\/n\/wp-json\/wp\/v2\/types\/post"}],"author":[{"embeddable":true,"href":"https:\/\/www.infokuryr.cz\/n\/wp-json\/wp\/v2\/users\/2"}],"replies":[{"embeddable":true,"href":"https:\/\/www.infokuryr.cz\/n\/wp-json\/wp\/v2\/comments?post=96536"}],"version-history":[{"count":0,"href":"https:\/\/www.infokuryr.cz\/n\/wp-json\/wp\/v2\/posts\/96536\/revisions"}],"wp:featuredmedia":[{"embeddable":true,"href":"https:\/\/www.infokuryr.cz\/n\/wp-json\/wp\/v2\/media\/96537"}],"wp:attachment":[{"href":"https:\/\/www.infokuryr.cz\/n\/wp-json\/wp\/v2\/media?parent=96536"}],"wp:term":[{"taxonomy":"category","embeddable":true,"href":"https:\/\/www.infokuryr.cz\/n\/wp-json\/wp\/v2\/categories?post=96536"},{"taxonomy":"post_tag","embeddable":true,"href":"https:\/\/www.infokuryr.cz\/n\/wp-json\/wp\/v2\/tags?post=96536"}],"curies":[{"name":"wp","href":"https:\/\/api.w.org\/{rel}","templated":true}]}}