{"id":96502,"date":"2026-01-10T00:12:29","date_gmt":"2026-01-09T23:12:29","guid":{"rendered":"https:\/\/www.infokuryr.cz\/n\/?p=96502"},"modified":"2026-01-09T08:56:12","modified_gmt":"2026-01-09T07:56:12","slug":"vice-nez-jen-odzbrojeni-co-izrael-skutecne-chce-od-libanonu","status":"publish","type":"post","link":"https:\/\/www.infokuryr.cz\/n\/2026\/01\/10\/vice-nez-jen-odzbrojeni-co-izrael-skutecne-chce-od-libanonu\/","title":{"rendered":"V\u00edce ne\u017e jen odzbrojen\u00ed: Co Izrael skute\u010dn\u011b chce od Libanonu"},"content":{"rendered":"<div id=\"fb-root\"><\/div>\n<p><strong>C\u00edlem Tel Avivu nen\u00ed jen demilitarizovan\u00fd ji\u017en\u00ed Libanon, ale trvale oslaben\u00fd libanonsk\u00fd st\u00e1t, neschopn\u00fd odolat z\u00e1sah\u016fm izraelsk\u00fdch a z\u00e1padn\u00edch z\u00e1jm\u016f.<\/strong><\/p>\n<div class=\"article-content\">\n<p><span dir=\"auto\">Americk\u00fd prezident Donald Trump se dnes na Florid\u011b setk\u00e1 s izraelsk\u00fdm premi\u00e9rem Benjaminem Netanjahuem, aby projednal region\u00e1ln\u00ed z\u00e1le\u017eitosti, v\u010detn\u011b Libanonu a \u00cdr\u00e1nu, jen n\u011bkolik dn\u00ed p\u0159ed 31. prosincov\u00fdm term\u00ednem, kter\u00fd stanovil Washington pro odzbrojen\u00ed Hizball\u00e1hu.\u00a0<\/span><\/p>\n<p><span dir=\"auto\">A\u010dkoli se sch\u016fzka v Trumpov\u011b klubu Mar-a-Lago v Miami ofici\u00e1ln\u011b to\u010d\u00ed kolem Gazy a region\u00e1ln\u00ed deeskalace, bude se tak\u00e9 zab\u00fdvat \u0161ir\u0161\u00edmi strategick\u00fdmi kroky Izraele: od\u00a0\u00a0<\/span><a href=\"https:\/\/thecradle.co\/articles\/netanyahu-to-seek-trumps-approval-for-attacks-on-irans-missile-program-report\"><span dir=\"auto\">oslaben\u00ed \u00edr\u00e1nsk\u00e9ho vlivu<\/span><\/a><span dir=\"auto\">\u00a0v Levant\u011b a\u017e po p\u0159etv\u00e1\u0159en\u00ed libanonsk\u00e9ho politick\u00e9ho a bezpe\u010dnostn\u00edho \u0159\u00e1du zp\u016fsobem, kter\u00fd\u00a0\u00a0<\/span><a href=\"https:\/\/thecradle.co\/articles-id\/34492\"><span dir=\"auto\">rozlo\u017e\u00ed<\/span><\/a><span dir=\"auto\">\u00a0osu odporu a zajist\u00ed severn\u00ed frontu Tel Avivu.<\/span><\/p>\n<h3><strong><span dir=\"auto\">K\u0159ehk\u00e1 realita Libanonu<\/span><\/strong><\/h3>\n<p><span dir=\"auto\">Bezpe\u010dnostn\u00ed realita Libanonu dnes odr\u00e1\u017e\u00ed desetilet\u00ed asymetrick\u00e9 moci, opakovan\u00e9 poru\u0161ov\u00e1n\u00ed suverenity a pokra\u010duj\u00edc\u00ed boj obyvatel Jihu o \u017eivot bez okupace a zahrani\u010dn\u00ed nadvl\u00e1dy. Situace pod\u00e9l ji\u017en\u00ed hranice je dlouhodob\u00e1 a z\u00e1rove\u0148 zintenzivn\u011bn\u00e1.\u00a0<\/span><\/p>\n<p><span dir=\"auto\">P\u0159\u00edm\u011b\u0159\u00ed mezi Bejr\u00fatem a Tel Avivem z roku 2024 sice omezilo tot\u00e1ln\u00ed v\u00e1lku, ale nep\u0159ineslo trval\u00fd klid.\u00a0\u00a0<\/span><a href=\"https:\/\/thecradle.co\/articles\/what-us-mediation-1000-israeli-violations-in-lebanon-go-unchecked\"><span dir=\"auto\">Izraelsk\u00e9 poru\u0161ov\u00e1n\u00ed pravidel<\/span><\/a><span dir=\"auto\">\u00a0pokra\u010duje a odr\u00e1\u017e\u00ed d\u0159\u00edv\u011bj\u0161\u00ed vzorce sahaj\u00edc\u00ed a\u017e do izraelsk\u00e9 okupace Libanonu v letech 1982\u20132000. Pro mnoh\u00e9 jsou tyto podm\u00ednky sou\u010d\u00e1st\u00ed \u0161ir\u0161\u00edho modelu n\u00e1tlaku, kter\u00fd s libanonskou p\u016fdou a \u017eivoty zach\u00e1z\u00ed jako s nemo\u017en\u00fdm v r\u00e1mci region\u00e1ln\u00edho mocensk\u00e9ho kalkulu.<\/span><\/p>\n<p><span dir=\"auto\">V t\u00e9to souvislosti z\u016fst\u00e1v\u00e1 libanonsk\u00fd odboj \u00fast\u0159edn\u00edm bodem n\u00e1rodn\u00edho p\u0159\u00edb\u011bhu. Bez ohledu na nesouhlas s jeho sou\u010dasn\u00fdmi strategiemi je v\u0161eobecn\u011b uzn\u00e1v\u00e1no, \u017ee odpor\u00a0\u00a0<\/span><a href=\"https:\/\/www.middleeastmonitor.com\/20220527-its-worth-remembering-that-it-was-hezbollah-that-liberated-south-lebanon-from-israels-occupation-through-armed-struggle\/\"><span dir=\"auto\">vze\u0161el z nutnosti<\/span><\/a><span dir=\"auto\"> , nikoli z ideologie: z reakce na st\u00e1t, kter\u00fd bu\u010f nebyl schopen, nebo ochoten chr\u00e1nit sv\u00e9 obyvatele, a na vn\u011bj\u0161\u00edho agresora schopn\u00e9ho beztrestn\u011b naru\u0161ovat hranice.\u00a0<\/span><\/p>\n<p><span dir=\"auto\">Tuto realitu implicitn\u011b uzn\u00e1vaj\u00ed akt\u00e9\u0159i, kte\u0159\u00ed stoj\u00ed v \u010dele \u00fasil\u00ed o rozbit\u00ed odporu; ned\u00e1vn\u00e9 koment\u00e1\u0159e americk\u00e9ho vyslance Toma Barracka varovaly, \u017ee je\u00a0\u00a0<\/span><a href=\"https:\/\/www.haaretz.com\/israel-news\/2025-12-14\/ty-article\/.premium\/disarming-hezbollah-and-hamas-from-existential-imperative-to-diplomatic-bargaining-chip\/0000019b-1b2b-d93d-a5fb-3b7b8b7b0000\"><span dir=\"auto\">nerozumn\u00e9<\/span><\/a><span dir=\"auto\">\u00a0o\u010dek\u00e1vat, \u017ee Hizball\u00e1h, hlavn\u00ed libanonsk\u00e1 s\u00edla odporu, bude n\u00e1siln\u011b odzbrojen, a p\u0159ipustily hlubok\u00e9 zako\u0159en\u011bn\u00ed tohoto hnut\u00ed v libanonsk\u00e9 politick\u00e9 a bezpe\u010dnostn\u00ed struktu\u0159e.\u00a0<\/span><\/p>\n<p><span dir=\"auto\">Jeho pozn\u00e1mky odhaluj\u00ed dlouhodob\u00fd paradox: v\u00fdzvy k odzbrojen\u00ed p\u0159etrv\u00e1vaj\u00ed, i kdy\u017e podm\u00ednky, kter\u00e9 vedly k ozbrojen\u00e9mu odporu \u2013 nejistota, sousedn\u00ed expanzivn\u00ed koloni\u00e1ln\u00ed entita a ohro\u017een\u00e1 suverenita \u2013 p\u0159etrv\u00e1vaj\u00ed.<\/span><\/p>\n<p><span dir=\"auto\">Vnit\u0159n\u00ed politick\u00fd \u0159\u00e1d Libanonu se v\u0161ak nicm\u00e9n\u011b m\u011bn\u00ed spolu s \u0161ir\u0161\u00ed transformac\u00ed region\u00e1ln\u00ed mocensk\u00e9 rovnov\u00e1hy. Zat\u00edmco v\u011bt\u0161ina Libanonc\u016f odm\u00edt\u00e1 jakoukoli\u00a0\u00a0<\/span><a href=\"https:\/\/thecradle.co\/articles\/all-of-lebanon-rejects-normalization-pm\"><span dir=\"auto\">normalizaci<\/span><\/a><span dir=\"auto\">\u00a0vztah\u016f s Izraelem \u2013 co\u017e je \u00fastavn\u00ed zlo\u010din \u2013 v elitn\u00edch krajn\u011b pravicov\u00fdch kruz\u00edch a vybran\u00fdch medi\u00e1ln\u00edch platform\u00e1ch se objevila mal\u00e1, ale hlasit\u00e1 proizraelsk\u00e1 diskuse, \u010dasto zesilovan\u00e1 extern\u00edm financov\u00e1n\u00edm nebo z\u00e1padn\u00edmi zdroji.\u00a0<\/span><\/p>\n<p><span dir=\"auto\">Toto, spolu s v\u00fdsledkem v\u00e1lky v roce 2024, kter\u00e1 odhalila limity vojensk\u00fdch \u0159e\u0161en\u00ed pro oslaben\u00ed odporu, vytvo\u0159ilo\u00a0\u00a0<\/span><a href=\"https:\/\/www.inss.org.il\/publication\/hezbollah-2025\/\"><span dir=\"auto\">pro Izrael vz\u00e1cnou strategickou p\u0159\u00edle\u017eitost<\/span><\/a><span dir=\"auto\">\u00a0p\u0159esunout svou pozornost k nov\u00e9 politice, kter\u00e1 p\u0159esahuje r\u00e1mec odzbrojen\u00ed Hizball\u00e1hu: k p\u0159etvo\u0159en\u00ed libanonsk\u00e9 politick\u00e9 struktury s c\u00edlem vytvo\u0159it trvalou v\u00fdhodu a potla\u010dit aktivn\u00ed odpor v\u016f\u010di Izraeli.<\/span><\/p>\n<p><span dir=\"auto\">Izraelsk\u00e1\u00a0\u00a0<\/span><a href=\"https:\/\/thecradle.co\/articles\/israels-military-strategy-in-lebanon-escalation-propaganda-sedition\"><span dir=\"auto\">strategie<\/span><\/a><span dir=\"auto\"> se dnes st\u00e1le v\u00edce zam\u011b\u0159uje na ovliv\u0148ov\u00e1n\u00ed libanonsk\u00e9ho politick\u00e9ho \u0159\u00e1du zevnit\u0159, odkl\u00e1n\u00ed se od tradi\u010dn\u00edho c\u00edle vojensk\u00e9 degradace Hizball\u00e1hu sm\u011brem k dlouhodob\u00e9 strategick\u00e9 vizi zam\u011b\u0159en\u00e9 na sn\u00ed\u017een\u00ed podpory \u00cdr\u00e1nu prost\u0159ednictv\u00edm politick\u00fdch zm\u011bn.\u00a0<\/span><\/p>\n<p><span dir=\"auto\">C\u00edlem je rekonfigurovat libanonsk\u00e9 instituce tak, aby se podkopaly soci\u00e1ln\u00ed z\u00e1klady podporuj\u00edc\u00ed odboj, p\u0159esm\u011brovala frustrace ve\u0159ejnosti sm\u011brem k vnit\u0159n\u00edm akt\u00e9r\u016fm a kultivovalo se politick\u00e9 klima pod\u0159\u00edzen\u00e9 izraelsk\u00fdm a z\u00e1padn\u00edm z\u00e1jm\u016fm.<\/span><\/p>\n<p><span dir=\"auto\">Z dekoloni\u00e1ln\u00edho hlediska to p\u0159edstavuje zn\u00e1m\u00fd vzorec: kdy\u017e se p\u0159\u00edm\u00e1 nadvl\u00e1da stane p\u0159\u00edli\u0161 n\u00e1kladnou, nep\u0159\u00edm\u00fd vliv se p\u0159etv\u00e1\u0159\u00ed v \u201ereformu\u201c a p\u0159etv\u00e1\u0159en\u00ed politick\u00e9 identity se st\u00e1v\u00e1 roz\u0161\u00ed\u0159en\u00edm vojensk\u00e9 strategie. V tomto r\u00e1mci se samotn\u00e1 politick\u00e1 identita st\u00e1v\u00e1 boji\u0161t\u011bm.<\/span><\/p>\n<h3><strong><span dir=\"auto\">P\u0159eformulov\u00e1n\u00ed agendy odzbrojen\u00ed<\/span><\/strong><\/h3>\n<p><span dir=\"auto\">Navzdory ned\u00e1vn\u00fdm prohl\u00e1\u0161en\u00edm veden\u00ed UNIFIL, kter\u00e1 pop\u00edraj\u00ed d\u016fkazy o obnov\u011b Hizball\u00e1hu na jihu, v Izraeli panuje st\u00e1le v\u011bt\u0161\u00ed shoda v tom, \u017ee hnut\u00ed odporu obnovuje sv\u00e9 kapacity rychleji, ne\u017e jsou likvidov\u00e1ny.<\/span><\/p>\n<p><span dir=\"auto\">I kdy\u017e by to mohlo b\u00fdt p\u0159edpokladem k ospravedln\u011bn\u00ed obnoven\u00e9 izraelsk\u00e9 eskalace, funguje to tak\u00e9 jako n\u00e1tlakov\u00fd mechanismus proti libanonsk\u00e9mu st\u00e1tu, kter\u00fd jej nal\u00e9h\u00e1 na zintenzivn\u011bn\u00ed \u00fasil\u00ed proti Hizball\u00e1hu. Izrael\u0161t\u00ed analytici \u010dasto ozna\u010duj\u00ed\u00a0\u00a0<\/span><a href=\"https:\/\/www.bicom.org.uk\/podcasts\/episode-279-will-the-ceasefire-with-hezbollah-hold\/\"><span dir=\"auto\">zb\u00fdvaj\u00edc\u00ed arzen\u00e1l<\/span><\/a><span dir=\"auto\">\u00a0Hizball\u00e1hu za existen\u010dn\u00ed hrozbu a zd\u016fraz\u0148uj\u00ed, \u017ee \u201eb\u00fdt v bezpe\u010d\u00ed\u201c a \u201epocit bezpe\u010d\u00ed\u201c nen\u00ed tot\u00e9\u017e.\u00a0<\/span><\/p>\n<p><span dir=\"auto\">Navzdory rozs\u00e1hl\u00e9mu \u00fasil\u00ed o likvidaci m\u00edst napojen\u00fdch na Hizball\u00e1h za hranicemi z\u016fst\u00e1v\u00e1 mnoho severoizraelsk\u00fdch osad\u00a0\u00a0<\/span><a href=\"https:\/\/thecradle.co\/articles\/israeli-settlers-refuse-to-return-north-despite-extended-lebanon-ceasefire-report\"><span dir=\"auto\">z velk\u00e9 \u010d\u00e1sti opu\u0161t\u011bn\u00fdch<\/span><\/a><span dir=\"auto\"> , co\u017e ukazuje, \u017ee samotn\u00e9 vojensk\u00e9 akce nedok\u00e1\u017eou zajistit bezpe\u010dnost, o kterou Izrael usiluje.<\/span><\/p>\n<p><span dir=\"auto\">V hlub\u0161\u00edm kontextu izrael\u0161t\u00ed strat\u00e9gov\u00e9 uzn\u00e1vaj\u00ed, \u017ee Hizball\u00e1h nelze redukovat na konven\u010dn\u00ed milici. Je zakotven\u00fd v libanonsk\u00e9m politick\u00e9m syst\u00e9mu a p\u0159edstavuje nepostradatelnou frakci libanonsk\u00e9 spole\u010dnosti. I v p\u0159\u00edpad\u011b n\u00e1siln\u00e9ho odzbrojen\u00ed by mu jeho politick\u00fd vliv a organiza\u010dn\u00ed kapacita umo\u017enily obnovu.<\/span><\/p>\n<p><span dir=\"auto\">Nav\u00edc agresivn\u00ed kampa\u0148 zam\u011b\u0159en\u00e1 na odli\u0161ov\u00e1n\u00ed se od ostatn\u00edch se zam\u011b\u0159ila na libanonskou \u0161\u00editskou komunitu \u2013 p\u00e1te\u0159 podpory Hizball\u00e1hu \u2013 p\u0159ed v\u00e1lkou v roce 2024, b\u011bhem n\u00ed i po n\u00ed. To, spolu s vzestupem krajn\u011b pravicov\u00e9 proizraelsk\u00e9 r\u00e9toriky, dalo Izraeli p\u0159\u00edle\u017eitost zneu\u017e\u00edt vnit\u0159n\u00ed rozpory a podkopat Hizball\u00e1h nejen vojensky, ale tak\u00e9 ho politicky, soci\u00e1ln\u011b a ideologicky zni\u010dit.<\/span><\/p>\n<h3><strong><span dir=\"auto\">Co Tel Aviv vlastn\u011b chce od Bejr\u00fatu<\/span><\/strong><\/h3>\n<p><span dir=\"auto\">Izrael\u0161t\u00ed p\u0159edstavitel\u00e9 ji\u017e dlouho nazna\u010duj\u00ed, \u017ee si p\u0159ej\u00ed \u201ezodpov\u011bdnou a efektivn\u00ed vl\u00e1du\u201c v Bejr\u00fatu. Izrael se sice ve\u0159ejn\u011b vyh\u00fdb\u00e1 popisu toho, jak by m\u011bla vypadat vnit\u0159n\u00ed politika Libanonu, ale jeho dlouhodob\u00e9 z\u00e1jmy jsou jasn\u00e9.<\/span><\/p>\n<p><span dir=\"auto\">Sou\u010dasn\u00e9 libanonsk\u00e9 politick\u00e9 veden\u00ed je nyn\u00ed v\u0161eobecn\u011b pova\u017eov\u00e1no za nejotev\u0159en\u011bj\u0161\u00edho protihizball\u00e1hov\u00e9ho aktivistu v historii zem\u011b. Izrael to uv\u00edtal a pova\u017euje st\u00e1t za st\u00e1t, kter\u00fd se p\u0159ipojuje k jeho c\u00edl\u016fm oslabit hnut\u00ed odporu a vytvo\u0159it p\u0159\u00edzniv\u00e9 podm\u00ednky.<\/span><\/p>\n<p><span dir=\"auto\">Vzhledem k faktick\u00e9mu statusu vl\u00e1dy v San\u00e1 v Jemenu z\u016fst\u00e1v\u00e1 Hizball\u00e1h nejschopn\u011bj\u0161\u00edm nest\u00e1tn\u00edm spojencem \u00cdr\u00e1nu. Jak\u00fdkoli odklon v libanonsk\u00e9 politice od Teher\u00e1nu by poslou\u017eil dlouhodob\u00e9 bezpe\u010dnosti Izraele. Sou\u010dasn\u00e1 situace ob\u010das vytvo\u0159ila pro Libanon p\u0159\u00edle\u017eitosti k distanci od \u00cdr\u00e1nu a umo\u017en\u011bn\u00ed v\u011bt\u0161\u00edho vlivu z\u00e1padn\u00edch, Persk\u00fdch z\u00e1livov\u00fdch a dal\u0161\u00edch mezin\u00e1rodn\u00edch akt\u00e9r\u016f.<\/span><\/p>\n<p><span dir=\"auto\">Syst\u00e9m, kter\u00fd se vyh\u00fdb\u00e1 konfrontaci a omezuje moc Hizball\u00e1hu, by sn\u00ed\u017eil pravd\u011bpodobnost budouc\u00edch konflikt\u016f. V t\u00e9to souvislosti libanonsk\u00fd st\u00e1t st\u00e1le v\u00edce podl\u00e9h\u00e1\u00a0\u00a0<\/span><a href=\"https:\/\/thecradle.co\/articles\/lebanese-israeli-representatives-hold-first-direct-talks-in-decades\"><span dir=\"auto\">tlaku USA a Izraele<\/span><\/a><span dir=\"auto\">\u00a0a ob\u010das p\u0159ehl\u00ed\u017e\u00ed nebo dokonce poru\u0161uje \u00fastavn\u00ed principy upravuj\u00edc\u00ed postoj Libanonu v\u016f\u010di Izraeli.<\/span><\/p>\n<p><span dir=\"auto\">Pro Tel Aviv stabiln\u00ed severn\u00ed hranice sni\u017euje riziko chybn\u00e9ho odhadu a otev\u00edr\u00e1 p\u0159\u00edle\u017eitosti pro potenci\u00e1ln\u00ed hospod\u00e1\u0159skou spolupr\u00e1ci, jako je nap\u0159\u00edklad\u00a0\u00a0<\/span><a href=\"https:\/\/thecradle.co\/articles\/lebanon-and-israel-finalize-historic-maritime-border-deal\"><span dir=\"auto\">dohoda o n\u00e1mo\u0159n\u00ed hranici z roku 2022<\/span><\/a><span dir=\"auto\">\u00a0, kter\u00e1 uk\u00e1zala, \u017ee spolupr\u00e1ce je mo\u017en\u00e1 i bez form\u00e1ln\u00ed normalizace.<\/span><\/p>\n<p><strong><span dir=\"auto\">Vliv, ne invaze<\/span><\/strong><\/p>\n<p><span dir=\"auto\">Izrael z\u0159\u00eddka otev\u0159en\u011b zasahoval do libanonsk\u00e9 dom\u00e1c\u00ed politiky, a to p\u0159edev\u0161\u00edm kv\u016fli tomu, \u017ee se mu v roce 1982 nepoda\u0159ilo v\u0161t\u00edpit p\u0159\u00e1telskou vl\u00e1du. Dnes v\u0161ak vn\u00edman\u00e1 p\u0159\u00edle\u017eitost povzbudila k opatrn\u011bj\u0161\u00edmu, ale mnohostrann\u00e9mu p\u0159\u00edstupu s vyu\u017eit\u00edm p\u0159\u00edm\u00fdch i nep\u0159\u00edm\u00fdch n\u00e1stroj\u016f.<\/span><\/p>\n<p><span dir=\"auto\">Celost\u00e1tn\u00ed \u00fatoky na \u00fadajn\u011b napojenou infrastrukturu Hizball\u00e1hu pokra\u010duj\u00ed. C\u00edl mnoha z nich v\u0161ak z\u016fst\u00e1v\u00e1 dvoj\u00ed: naru\u0161it jak\u00e9koli \u00fasil\u00ed o obnoven\u00ed norm\u00e1lnosti mezi podporovateli Hizball\u00e1hu a vyv\u00edjet tlak na libanonsk\u00fd st\u00e1t, aby v\u016f\u010di t\u00e9to skupin\u011b p\u0159ijal tvrd\u0161\u00ed politiku v nad\u011bji, \u017ee se jeho podpora \u2013 a tedy i legitimita \u2013 nakonec zhor\u0161\u00ed.<\/span><\/p>\n<p><span dir=\"auto\">Izraelsk\u00e9 sd\u011blen\u00ed st\u00e1le v\u00edce zd\u016fraz\u0148uj\u00ed \u00fadajn\u00e9 ekonomick\u00e9 a soci\u00e1ln\u00ed n\u00e1klady protiizraelsk\u00e9ho postoje Hizball\u00e1hu a jeho vazeb na \u00cdr\u00e1n a z\u00e1rove\u0148 slibuj\u00ed prosperitu a bezpe\u010dnost komunit\u00e1m mimo osu odporu. Tato dvoj\u00ed kampa\u0148 si klade za c\u00edl naru\u0161it podporu ve\u0159ejnosti t\u00edm, \u017ee odboj vykresluje jako p\u0159ek\u00e1\u017eku n\u00e1rodn\u00edho blahobytu.<\/span><\/p>\n<p><span dir=\"auto\">Izrael se, by\u0165 nep\u0159\u00edmo, z\u00e1rove\u0148 zasazuje o \u201ereformy\u201c libanonsk\u00fdch finan\u010dn\u00edch instituc\u00ed v souladu s\u00a0\u00a0<\/span><a href=\"https:\/\/thecradle.co\/articles\/compromised-sovereignty-the-us-takeover-of-lebanon\"><span dir=\"auto\">americk\u00fdm opatrovnictv\u00edm<\/span><\/a><span dir=\"auto\">\u00a0nad Libanonem. N\u00e1vrhy, jako je \u201eekonomick\u00e1 z\u00f3na\u201c nap\u0159\u00ed\u010d vesnicemi na ji\u017en\u00ed hranici, d\u00e1le motivuj\u00ed st\u00e1t ke zv\u00fd\u0161en\u00ed tlaku na Hizball\u00e1h. Tuto dynamiku posiluje politika USA, kter\u00e1 o\u010dividn\u011b up\u0159ednost\u0148uje izraelsk\u00e9 c\u00edle, klesaj\u00edc\u00ed role Francie, tlak na UNIFIL a trval\u00fd\u00a0\u00a0<\/span><a href=\"https:\/\/thecradle.co\/articles-id\/29294\"><span dir=\"auto\">vliv Persk\u00e9ho z\u00e1livu<\/span><\/a><span dir=\"auto\">\u00a0na Libanon.<\/span><\/p>\n<h3><strong><span dir=\"auto\">Nahrazen\u00ed odporu pod\u0159\u00edzenost\u00ed<\/span><\/strong><\/h3>\n<p><span dir=\"auto\">Sou\u010dasn\u00e1 trajektorie Libanonu \u2013 up\u0159ednost\u0148ov\u00e1n\u00ed odzbrojen\u00ed Hizball\u00e1hu p\u0159ed nal\u00e9hav\u011bj\u0161\u00edmi bezpe\u010dnostn\u00edmi pot\u0159ebami \u2013 nazna\u010duje rostouc\u00ed shodu mezi st\u00e1tem podporovan\u00fdm USA a dlouhodobou viz\u00ed Izraele.\u00a0<\/span><\/p>\n<p><span dir=\"auto\">Po desetilet\u00edch konflikt\u016f a m\u011bn\u00edc\u00ed se region\u00e1ln\u00ed dynamiky a po vz\u00e1cn\u00e9 p\u0159\u00edle\u017eitosti nejen eliminovat Hizball\u00e1h jako vojenskou s\u00edlu, ale tak\u00e9 zm\u011bnit trajektorii Libanonu v\u016f\u010di Izraeli, si izrael\u0161t\u00ed tv\u016frci politik uv\u011bdomuj\u00ed, \u017ee libanonsk\u00fd st\u00e1t ovlivn\u011bn\u00fd USA, kter\u00fd omezuje \u00edr\u00e1nsk\u00fd dosah a nep\u0159\u00e1telskou r\u00e9toriku v\u016f\u010di Izraeli, je nezbytn\u00fd pro dlouhodobou bezpe\u010dnost Izraele.\u00a0<\/span><\/p>\n<p><span dir=\"auto\">S rychle se bl\u00ed\u017e\u00edc\u00edm term\u00ednem pro odzbrojen\u00ed Hizball\u00e1hu, kter\u00fd stanovily Spojen\u00e9 st\u00e1ty, se n\u011bkte\u0159\u00ed ob\u00e1vaj\u00ed, \u017ee izraelsk\u00e1 netrp\u011blivost by mohla spustit obnovenou ofenzivu. To je v\u0161ak\u00a0\u00a0<\/span><a href=\"https:\/\/thecradle.co\/articles\/threats-of-another-israeli-war-in-lebanon-are-just-noise\"><span dir=\"auto\">nepravd\u011bpodobn\u00e9<\/span><\/a><span dir=\"auto\"> \u2013 alespo\u0148 prozat\u00edm \u2013 jeliko\u017e p\u0159edchoz\u00ed v\u00e1lka jasn\u011b uk\u00e1zala limity izraelsk\u00e9 vojensk\u00e9 akce.\u00a0<\/span><\/p>\n<p><span dir=\"auto\">Alternativn\u011b by se term\u00edn mohl posunout, aby m\u011bl st\u00e1t v\u00edce \u010dasu. Pl\u00e1n v\u0161ak spo\u010d\u00edv\u00e1 v nahrazen\u00ed odporu st\u00e1tem, zat\u00edmco jeho poddajn\u00fd postoj v kombinaci s pokra\u010duj\u00edc\u00ed izraelskou agres\u00ed p\u0159in\u00e1\u0161\u00ed pouze opa\u010dn\u00e9 v\u00fdsledky: demonstruje bezmocnost st\u00e1tu v nejd\u016fle\u017eit\u011bj\u0161\u00ed oblasti \u2013 obran\u011b.\u00a0<\/span><\/p>\n<p><span dir=\"auto\">P\u0159etrv\u00e1vaj\u00ed obavy, \u017ee politick\u00e1 paral\u00fdza a vnit\u0159n\u00ed nap\u011bt\u00ed zhor\u0161\u00ed nestabilitu. Vzhledem k neschopnosti odzbrojit Hizball\u00e1h je pravd\u011bpodobn\u011bj\u0161\u00edm sc\u00e9n\u00e1\u0159em pokus o pos\u00edlen\u00ed st\u00e1vaj\u00edc\u00edho mechanismu p\u0159\u00edm\u011b\u0159\u00ed v\u011bt\u0161\u00edm po\u010dtem vojensk\u00e9ho a civiln\u00edho person\u00e1lu jako alternativy k dosa\u017een\u00ed odzbrojen\u00ed \u2013 co\u017e je p\u0159\u00edstup, kter\u00fd d\u00e1le rozn\u00edt\u00ed nap\u011bt\u00ed mezi st\u00e1tem a \u0161\u00editskou komunitou.<\/span><\/p>\n<p><span dir=\"auto\">Mnoz\u00ed si v\u0161ak strategickou nejednozna\u010dnost Hizball\u00e1hu uprost\u0159ed t\u011bchto ot\u0159es\u016f \u0161patn\u011b vykl\u00e1daj\u00ed. P\u0159ehl\u00ed\u017eej\u00ed tak\u00e9, jak se tento siln\u00fd tlak m\u016f\u017ee obr\u00e1tit proti nim a donutit libanonsk\u00e9 frakce ke sjednocen\u00ed kolem Hizball\u00e1hu pod praporem n\u00e1rodn\u00ed jednoty proti do o\u010d\u00ed bij\u00edc\u00ed izraelsk\u00e9 agend\u011b.\u00a0<\/span><\/p>\n<p><span dir=\"auto\">Navzdory nesporn\u00e9mu\u00a0\u00a0<\/span><a href=\"https:\/\/thecradle.co\/articles\/the-eyes-and-ears-that-decapitated-hezbollah\"><span dir=\"auto\">oslaben\u00ed<\/span><\/a><span dir=\"auto\">\u00a0Hizball\u00e1hu a \u0161\u00editsk\u00fdch skupin v cel\u00e9m regionu z\u016fst\u00e1v\u00e1 hloubka \u0161\u00editsk\u00e9 politick\u00e9 a n\u00e1bo\u017eensk\u00e9 identity v Libanonu jedn\u00edm z nejtrvalej\u0161\u00edch zdroj\u016f odporu. Skute\u010dn\u00fd pocit oble\u017een\u00ed a hrozby pravd\u011bpodobn\u011b povede k n\u00e1vratu k\u00a0\u00a0<\/span><a href=\"https:\/\/eismena.com\/en\/article\/iran-after-oct-7-the-shia-crescent-and-the-axis-of-resistance-interview-with-vali-nasr-2025-12-16\"><span dir=\"auto\">politice identity<\/span><\/a><span dir=\"auto\">\u00a0a znovuvytvo\u0159\u00ed podm\u00ednky, kter\u00e9 umo\u017enily vznik Hizball\u00e1hu.\u00a0<\/span><\/p>\n<p><span dir=\"auto\">Nav\u00edc snahy USA a zem\u00ed Persk\u00e9ho z\u00e1livu o odzbrojen\u00ed bez rekonstrukce v\u00e1lkou zni\u010den\u00fdch oblast\u00ed s \u0161\u00editskou v\u011bt\u0161inou sp\u00ed\u0161e znovu mobilizuj\u00ed komunitu k odporu, ne\u017e aby ji odradily \u2013 co\u017e je dilema, kter\u00e9 Izrael, USA a jejich spojenci v Persk\u00e9m z\u00e1livu dosud nepochopili.<\/span><\/p>\n<p><em><a href=\"https:\/\/thecradle.co\/articles\/beyond-disarmament-what-israel-really-wants-from-lebanon\"><span dir=\"auto\">Zainab Younes<\/span><\/a><\/em><\/p>\n<p><img decoding=\"async\" loading=\"lazy\" class=\"\" src=\"https:\/\/thecradle-main.oss-eu-central-1.aliyuncs.com\/public\/admins\/df530fb0-e4db-11f0-bf2f-00163e02c055.webp\" width=\"155\" height=\"155\" \/><\/p>\n<p>&nbsp;<\/p>\n<\/div>\n","protected":false},"excerpt":{"rendered":"<p>C\u00edlem Tel Avivu nen\u00ed jen demilitarizovan\u00fd ji\u017en\u00ed Libanon, ale trvale oslaben\u00fd libanonsk\u00fd st\u00e1t, neschopn\u00fd odolat&#8230;<\/p>\n","protected":false},"author":2,"featured_media":96503,"comment_status":"closed","ping_status":"closed","sticky":false,"template":"","format":"standard","meta":[],"categories":[7],"tags":[1042,107,405],"_links":{"self":[{"href":"https:\/\/www.infokuryr.cz\/n\/wp-json\/wp\/v2\/posts\/96502"}],"collection":[{"href":"https:\/\/www.infokuryr.cz\/n\/wp-json\/wp\/v2\/posts"}],"about":[{"href":"https:\/\/www.infokuryr.cz\/n\/wp-json\/wp\/v2\/types\/post"}],"author":[{"embeddable":true,"href":"https:\/\/www.infokuryr.cz\/n\/wp-json\/wp\/v2\/users\/2"}],"replies":[{"embeddable":true,"href":"https:\/\/www.infokuryr.cz\/n\/wp-json\/wp\/v2\/comments?post=96502"}],"version-history":[{"count":0,"href":"https:\/\/www.infokuryr.cz\/n\/wp-json\/wp\/v2\/posts\/96502\/revisions"}],"wp:featuredmedia":[{"embeddable":true,"href":"https:\/\/www.infokuryr.cz\/n\/wp-json\/wp\/v2\/media\/96503"}],"wp:attachment":[{"href":"https:\/\/www.infokuryr.cz\/n\/wp-json\/wp\/v2\/media?parent=96502"}],"wp:term":[{"taxonomy":"category","embeddable":true,"href":"https:\/\/www.infokuryr.cz\/n\/wp-json\/wp\/v2\/categories?post=96502"},{"taxonomy":"post_tag","embeddable":true,"href":"https:\/\/www.infokuryr.cz\/n\/wp-json\/wp\/v2\/tags?post=96502"}],"curies":[{"name":"wp","href":"https:\/\/api.w.org\/{rel}","templated":true}]}}