{"id":96493,"date":"2026-01-09T05:49:19","date_gmt":"2026-01-09T04:49:19","guid":{"rendered":"https:\/\/www.infokuryr.cz\/n\/?p=96493"},"modified":"2026-01-09T05:49:19","modified_gmt":"2026-01-09T04:49:19","slug":"v-syrskem-aleppu-zacina-velka-bitva-tisice-vojaku-utoci-na-kurdske-ctvrti","status":"publish","type":"post","link":"https:\/\/www.infokuryr.cz\/n\/2026\/01\/09\/v-syrskem-aleppu-zacina-velka-bitva-tisice-vojaku-utoci-na-kurdske-ctvrti\/","title":{"rendered":"V syrsk\u00e9m Aleppu za\u010d\u00edn\u00e1 velk\u00e1 bitva, tis\u00edce voj\u00e1k\u016f \u00fato\u010d\u00ed na kurdsk\u00e9 \u010dtvrti"},"content":{"rendered":"<div id=\"fb-root\"><\/div>\n<p><strong><span dir=\"auto\">S\u00edly syrsk\u00e9 prozat\u00edmn\u00ed vl\u00e1dy veden\u00e9 islamisty zah\u00e1jily ve\u010der 8. ledna, pouh\u00fd den pot\u00e9, co v severn\u00edm m\u011bst\u011b vypukly st\u0159ety, rozs\u00e1hlou ofenz\u00edvu s c\u00edlem dob\u00fdt kurdsk\u00e9 \u010dtvrti \u0160ajch Maks\u00fad a A\u0161rafija v Aleppu od bojovn\u00edk\u016f napojen\u00fdch na Syrsk\u00e9 demokratick\u00e9 s\u00edly (SDF).<\/span><\/strong><\/p>\n<p><span dir=\"auto\">Brzy r\u00e1no vydaly vl\u00e1dn\u00ed s\u00edly \u0159adu evakua\u010dn\u00edch p\u0159\u00edkaz\u016f, kter\u00e9 se t\u00fdkaly velk\u00fdch \u010d\u00e1st\u00ed obou \u010dtvrt\u00ed.<\/span><\/p>\n<p><span dir=\"auto\">Varov\u00e1n\u00ed spolu s intenzivn\u00edm ost\u0159elov\u00e1n\u00edm a d\u0159\u00edv\u011bj\u0161\u00edm na\u0159\u00edzen\u00edm prohl\u00e1sit \u0160ajch Maks\u00fad a A\u0161rafiju za \u201euzav\u0159enou vojenskou z\u00f3nu\u201c zp\u016fsobila masov\u00e9 vylou\u010den\u00ed z t\u011bchto \u010dtvrt\u00ed, p\u0159i\u010dem\u017e st\u00e1tn\u00ed m\u00e9dia informovala o vys\u00eddlen\u00ed v\u00edce ne\u017e 165 000 lid\u00ed za m\u00e9n\u011b ne\u017e 48 hodin.<\/span><\/p>\n<p><span dir=\"auto\">SDF uvedly, \u017ee jejich bezpe\u010dnostn\u00ed s\u00edly Asayish odrazily r\u00e1no a odpoledne n\u011bkolik \u00fatok\u016f na ob\u011b \u010dtvrti.<\/span><\/p>\n<p><span dir=\"auto\">Kdy\u017e ve\u010der za\u010dala ofenz\u00edva, objevila se na internetu videa, na kter\u00fdch jsou vid\u011bt des\u00edtky voj\u00e1k\u016f, \u00fadajn\u011b z 60., 72. a 98. divize nov\u00e9 arm\u00e1dy, jak se v obrn\u011bn\u00fdch transport\u00e9rech, z nich\u017e n\u011bkter\u00e9 ned\u00e1vno dodalo Turecko, a v hlavn\u00edch bojov\u00fdch tanc\u00edch hrnou do \u0160ajch Maks\u00fadu a A\u0161rafije.<\/span><\/p>\n<p><iframe loading=\"lazy\" src=\"https:\/\/s1.cdnstatic.space\/wp-content\/uploads\/2026\/01\/video_2026-01-08_22-19-26.mp4\" width=\"600\" height=\"338\" data-mce-fragment=\"1\"><\/iframe><\/p>\n<p><iframe loading=\"lazy\" src=\"https:\/\/s1.cdnstatic.space\/wp-content\/uploads\/2026\/01\/IMG_3817.mp4\" width=\"600\" height=\"338\" data-mce-fragment=\"1\"><\/iframe><\/p>\n<p><iframe loading=\"lazy\" src=\"https:\/\/s1.cdnstatic.space\/wp-content\/uploads\/2026\/01\/IMG_3816.mp4\" width=\"600\" height=\"338\" data-mce-fragment=\"1\"><\/iframe><\/p>\n<p><iframe loading=\"lazy\" src=\"https:\/\/s1.cdnstatic.space\/wp-content\/uploads\/2026\/01\/IMG_3815.mp4\" width=\"600\" height=\"338\" data-mce-fragment=\"1\"><\/iframe><\/p>\n<p><iframe loading=\"lazy\" src=\"https:\/\/s1.cdnstatic.space\/wp-content\/uploads\/2026\/01\/ttttt.mp4\" width=\"600\" height=\"338\" data-mce-fragment=\"1\"><\/iframe><\/p>\n<p><span dir=\"auto\">Ofici\u00e1ln\u00ed tiskov\u00e1 agentura SANA informovala o zb\u011bhnut\u00edch v \u0159ad\u00e1ch kurdsk\u00fdch bojovn\u00edk\u016f a uvedla, \u017ee m\u00edstn\u00ed obyvatel\u00e9 bez boje p\u0159edali vl\u00e1dn\u00edm sil\u00e1m \u010d\u00e1sti \u0160ajch Maks\u00fadu a A\u0161rafije. Jin\u00e9 medi\u00e1ln\u00ed zdroje spojen\u00e9 s vl\u00e1dou uvedly, \u017ee cel\u00e1 A\u0161rafije byla dobyta.<\/span><\/p>\n<p><span dir=\"auto\">Tato tvrzen\u00ed v\u0161ak odm\u00edtl mluv\u010d\u00ed SDF Farhad Shami, kter\u00fd na soci\u00e1ln\u00ed s\u00edti X uvedl, \u017ee Asayish se v Ashrafiehu st\u0159et\u00e1v\u00e1 s vl\u00e1dn\u00edmi silami a zabil 13 voj\u00e1k\u016f, zajal dva dal\u0161\u00ed a zni\u010dil dv\u011b obrn\u011bn\u00e1 vozidla.<\/span><\/p>\n<p><span dir=\"auto\">Syrsk\u00e1 observato\u0159 pro lidsk\u00e1 pr\u00e1va uvedla, \u017ee za posledn\u00edch 48 hodin bylo zabito pouze \u0161est p\u0159\u00edslu\u0161n\u00edk\u016f vl\u00e1dn\u00edch sil a \u017ee krom\u011b 17 civilist\u016f p\u0159i\u0161el o \u017eivot tak\u00e9 jeden p\u0159\u00edslu\u0161n\u00edk skupiny Asyish.<\/span><\/p>\n<p><iframe loading=\"lazy\" src=\"https:\/\/s1.cdnstatic.space\/wp-content\/uploads\/2026\/01\/IMG_3811.mp4\" width=\"600\" height=\"338\" data-mce-fragment=\"1\"><\/iframe><\/p>\n<p><span dir=\"auto\">Uprost\u0159ed chaosu byly dva d\u011blost\u0159eleck\u00e9 \u00fadery nam\u00ed\u0159eny proti nemocnici Khaled Fajr v Sheikh Maqsoudu, p\u0159i\u010dem\u017e SDF obvinily vl\u00e1dn\u00ed s\u00edly. Byly hl\u00e1\u0161eny ob\u011bti, a\u010dkoli kurdsk\u00e1 skupina neposkytla \u017e\u00e1dn\u00e9 podrobnosti.<\/span><\/p>\n<p><iframe loading=\"lazy\" src=\"https:\/\/s1.cdnstatic.space\/wp-content\/uploads\/2026\/01\/IMG_3822.mp4\" width=\"600\" height=\"338\" data-mce-fragment=\"1\"><\/iframe><\/p>\n<p><span dir=\"auto\">Agentura SANA mezit\u00edm uvedla, \u017ee kurdsk\u00e9 s\u00edly pobl\u00ed\u017e obou \u010dtvrt\u00ed zranily \u010dty\u0159i novin\u00e1\u0159e p\u0159i \u201eminometn\u00e9 palb\u011b\u201c.<\/span><\/p>\n<p><span dir=\"auto\">Vl\u00e1dn\u00ed s\u00edly se t\u011b\u0161\u00ed naprost\u00e9 p\u0159evaze v po\u010dtu i palebn\u00e9 s\u00edle. Bojovn\u00edci, kte\u0159\u00ed se dr\u017e\u00ed v \u0160ajch Maks\u00fadu a A\u0161rafiji, jsou v\u0161ak dob\u0159e vyzbrojeni a maj\u00ed velk\u00e9 zku\u0161enosti. \u010ctvrti se tak\u00e9 nach\u00e1zej\u00ed na vyv\u00fd\u0161en\u00fdch m\u00edstech a \u00fadajn\u011b jsou opevn\u011bn\u00e9, dokonce i s kompletn\u00ed s\u00edt\u00ed podzemn\u00edch tunel\u016f.<\/span><\/p>\n<p><span dir=\"auto\">SDF tak\u00e9 v posledn\u00edch dvou dnech znepokojuj\u00ed sv\u00e9 jednotky v Deir Hafer ve v\u00fdchodn\u00edm Aleppu a teoreticky by mohly zah\u00e1jit \u00fatok sm\u011brem k m\u011bstu, aby uvolnily \u0160ajcha Maks\u00fada a A\u0161rafiju.<\/span><\/p>\n<p><iframe loading=\"lazy\" src=\"https:\/\/s1.cdnstatic.space\/wp-content\/uploads\/2026\/01\/dd.mp4\" width=\"600\" height=\"338\" data-mce-fragment=\"1\"><\/iframe><\/p>\n<p><span dir=\"auto\">Eskalace v Aleppu za\u010dala hned pot\u00e9, co S\u00fdrie, Izrael a Spojen\u00e9 st\u00e1ty ozn\u00e1mily dohodu o spole\u010dn\u00e9m koordina\u010dn\u00edm mechanismu, kter\u00fd by demilitarizoval ji\u017en\u00ed S\u00fdrii a poskytl Izraeli bezpe\u010dnost a dokonce i ekonomick\u00fd vliv nad cel\u00fdm regionem.<\/span><\/p>\n<p><span dir=\"auto\">Je v\u0161ak pozoruhodn\u00e9, \u017ee Izrael byl jedinou zem\u00ed, kter\u00e1 \u00fatok vl\u00e1dy na kurdsk\u00e9 s\u00edly v Aleppu p\u0159\u00edmo odsoudila. Ministr zahrani\u010d\u00ed Gideon Sa&#8217;ar varoval, \u017ee \u00fatoky na Kurdy v Aleppu jsou \u201enebezpe\u010dn\u00e9 a alarmuj\u00edc\u00ed\u201c a \u017ee \u201emezin\u00e1rodn\u00ed spole\u010denstv\u00ed obecn\u011b a Z\u00e1pad zejm\u00e9na m\u00e1 mor\u00e1ln\u00ed dluh v\u016f\u010di Kurd\u016fm, kte\u0159\u00ed state\u010dn\u011b a \u00fasp\u011b\u0161n\u011b bojovali proti ISIS\u201c.<\/span><\/p>\n<p><span dir=\"auto\">Turecko ze sv\u00e9 strany zd\u016fraznilo svou podporu vl\u00e1d\u011b a dokonce nab\u00eddlo p\u0159\u00edmou pomoc s ofenz\u00edvou v Aleppu.<\/span><\/p>\n<p><em><span dir=\"auto\">\u201eNa\u0161e zem\u011b podporuje boj S\u00fdrie proti teroristick\u00fdm organizac\u00edm na z\u00e1klad\u011b jej\u00ed jednoty a \u00fazemn\u00ed celistvosti v souladu se z\u00e1sadou \u201aJeden st\u00e1t, jedna arm\u00e1da\u2018. V t\u00e9to souvislosti, pokud S\u00fdrie po\u017e\u00e1d\u00e1 o pomoc, Turecko poskytne nezbytnou podporu,\u201c uvedl na tiskov\u00e9 konferenci poradce tureck\u00e9ho ministerstva obrany pro tisk a PR admir\u00e1l Zeki Akt\u00fcrk.<\/span><\/em><\/p>\n<p><span dir=\"auto\">Vl\u00e1da a SDF dos\u00e1hly dohody o ukon\u010den\u00ed boj\u016f, ale pravd\u011bpodobn\u011b nebude akceptov\u00e1no nic men\u0161\u00edho ne\u017e sta\u017een\u00ed kurdsk\u00fdch bojovn\u00edk\u016f ze \u0160ajch Maks\u00fadu a A\u0161rafije.<\/span><\/p>\n<p><span dir=\"auto\">Pravd\u011bpodobn\u011bj\u0161\u00ed sc\u00e9n\u00e1\u0159 je v\u0161ak takov\u00fd, \u017ee tato bitva je pouze za\u010d\u00e1tkem \u0161ir\u0161\u00edho konfliktu mezi t\u011bmito dv\u011bma zem\u011bmi, kter\u00fd by se mohl rychle roz\u0161\u00ed\u0159it do Rakky, Deir az-Zoru a al-Hasky na severu a v\u00fdchod\u011b S\u00fdrie.<\/span><\/p>\n<p><img decoding=\"async\" loading=\"lazy\" class=\"alignnone size-full wp-image-1185\" src=\"http:\/\/www.infokuryr.cz\/n\/wp-content\/uploads\/2021\/04\/kuryr-podpis.png\" alt=\"\" width=\"84\" height=\"24\" \/><\/p>\n<p>&nbsp;<\/p>\n","protected":false},"excerpt":{"rendered":"<p>S\u00edly syrsk\u00e9 prozat\u00edmn\u00ed vl\u00e1dy veden\u00e9 islamisty zah\u00e1jily ve\u010der 8. ledna, pouh\u00fd den pot\u00e9, co v&#8230;<\/p>\n","protected":false},"author":2,"featured_media":96494,"comment_status":"closed","ping_status":"closed","sticky":false,"template":"","format":"standard","meta":[],"categories":[7],"tags":[6558,1917,290,147,5135],"_links":{"self":[{"href":"https:\/\/www.infokuryr.cz\/n\/wp-json\/wp\/v2\/posts\/96493"}],"collection":[{"href":"https:\/\/www.infokuryr.cz\/n\/wp-json\/wp\/v2\/posts"}],"about":[{"href":"https:\/\/www.infokuryr.cz\/n\/wp-json\/wp\/v2\/types\/post"}],"author":[{"embeddable":true,"href":"https:\/\/www.infokuryr.cz\/n\/wp-json\/wp\/v2\/users\/2"}],"replies":[{"embeddable":true,"href":"https:\/\/www.infokuryr.cz\/n\/wp-json\/wp\/v2\/comments?post=96493"}],"version-history":[{"count":0,"href":"https:\/\/www.infokuryr.cz\/n\/wp-json\/wp\/v2\/posts\/96493\/revisions"}],"wp:featuredmedia":[{"embeddable":true,"href":"https:\/\/www.infokuryr.cz\/n\/wp-json\/wp\/v2\/media\/96494"}],"wp:attachment":[{"href":"https:\/\/www.infokuryr.cz\/n\/wp-json\/wp\/v2\/media?parent=96493"}],"wp:term":[{"taxonomy":"category","embeddable":true,"href":"https:\/\/www.infokuryr.cz\/n\/wp-json\/wp\/v2\/categories?post=96493"},{"taxonomy":"post_tag","embeddable":true,"href":"https:\/\/www.infokuryr.cz\/n\/wp-json\/wp\/v2\/tags?post=96493"}],"curies":[{"name":"wp","href":"https:\/\/api.w.org\/{rel}","templated":true}]}}