{"id":96484,"date":"2026-01-09T05:28:57","date_gmt":"2026-01-09T04:28:57","guid":{"rendered":"https:\/\/www.infokuryr.cz\/n\/?p=96484"},"modified":"2026-01-09T05:30:45","modified_gmt":"2026-01-09T04:30:45","slug":"podezreni-na-utok-raketou-oresnik-na-ukrajine","status":"publish","type":"post","link":"https:\/\/www.infokuryr.cz\/n\/2026\/01\/09\/podezreni-na-utok-raketou-oresnik-na-ukrajine\/","title":{"rendered":"Podez\u0159en\u00ed na \u00fatok raketou Ore\u0161nik na Ukrajin\u011b"},"content":{"rendered":"<div id=\"fb-root\"><\/div>\n<h3>Nepotvrzen\u00e9 zpr\u00e1vy tvrd\u00ed, \u017ee Rusko zas\u00e1hlo c\u00edl ve Lvovsk\u00e9 oblasti svou nejnov\u011bj\u0161\u00ed balistickou zbran\u00ed<\/h3>\n<p data-start=\"175\" data-end=\"459\"><span dir=\"auto\">Neov\u011b\u0159en\u00e9 video zve\u0159ejn\u011bn\u00e9 na soci\u00e1ln\u00edch s\u00edt\u00edch ukazuje \u00fadajn\u00fd \u00fatok rusk\u00e9 hypersonick\u00e9 rakety Ore\u0161nik na z\u00e1padn\u00ed Ukrajin\u011b.<\/span><\/p>\n<p data-start=\"583\" data-end=\"757\"><span dir=\"auto\">Z\u00e1znamy z bezpe\u010dnostn\u00edch kamer, kter\u00e9 v p\u00e1tek sd\u00edlela agentura RIA Novosti, ukazuj\u00ed jasn\u00e9 projektily dopadaj\u00edc\u00ed v ukrajinsk\u00e9 Lvovsk\u00e9 oblasti, kter\u00e1 hrani\u010d\u00ed s Polskem. Ru\u0161t\u00ed p\u0159edstavitel\u00e9 z\u00e1sah nepotvrdili.<\/span><\/p>\n<p data-start=\"583\" data-end=\"757\"><span dir=\"auto\">Starosta Lvova Andrej Sadovoj uvedl, \u017ee byla zasa\u017eena\u00a0<\/span><em><span dir=\"auto\">\u201e\u010d\u00e1st kritick\u00e9 infrastruktury\u201c<\/span><\/em><span dir=\"auto\">\u00a0. Rusk\u00e9 zpravodajsk\u00e9 kan\u00e1ly Telegram nazna\u010dily, \u017ee raketa zas\u00e1hla podzemn\u00ed plynov\u00e9 za\u0159\u00edzen\u00ed ve m\u011bst\u011b Strij, asi 60 km od Lvova.<\/span><\/p>\n<div style=\"width: 640px;\" class=\"wp-video\"><!--[if lt IE 9]><script>document.createElement('video');<\/script><![endif]-->\n<video class=\"wp-video-shortcode\" id=\"video-96484-1\" width=\"640\" height=\"352\" preload=\"metadata\" controls=\"controls\"><source type=\"video\/mp4\" src=\"http:\/\/www.infokuryr.cz\/n\/wp-content\/uploads\/2026\/01\/oresnik-vid.mp4?_=1\" \/><a href=\"http:\/\/www.infokuryr.cz\/n\/wp-content\/uploads\/2026\/01\/oresnik-vid.mp4\">http:\/\/www.infokuryr.cz\/n\/wp-content\/uploads\/2026\/01\/oresnik-vid.mp4<\/a><\/video><\/div>\n<p data-start=\"94\" data-end=\"208\"><span dir=\"auto\">Pokud se to potvrd\u00ed, bylo by to podruh\u00e9, co Moskva na Ukrajin\u011b pou\u017eije svou nejnov\u011bj\u0161\u00ed balistickou raketu schopnou n\u00e9st jadern\u00e9 zbran\u011b.<\/span><\/p>\n<p data-start=\"210\" data-end=\"332\"><span dir=\"auto\">V listopadu 2024 Rusko odp\u00e1lilo raketu Ore\u0161nik na zbrojn\u00ed z\u00e1vod v Dn\u011bpru, co\u017e Moskva ozna\u010dila za \u00fasp\u011b\u0161n\u00fd\u00a0<\/span><em><span dir=\"auto\">\u201ebojov\u00fd test\u201c.<\/span><\/em><span dir=\"auto\">\u00a0Do konce roku 2025 byly rakety dod\u00e1ny bl\u00edzk\u00e9mu spojenci Ruska, B\u011blorusku.<\/span><\/p>\n<h2><span dir=\"auto\">Lvovem ot\u0159\u00e1sly v\u00fdbuchy<\/span><\/h2>\n<p><img decoding=\"async\" class=\"aligncenter\" src=\"https:\/\/img4.eadaily.com\/r650x650\/o\/bcf\/13df3fffbd694af1b55cdcb4e922d.jpeg\" \/><\/p>\n<p class=\"lead\"><strong><span dir=\"auto\">Uprost\u0159ed poplachu kv\u016fli n\u00e1letu ot\u0159\u00e1sly Lvovem exploze, informoval ukrajinsk\u00fd den\u00edk Strana.ua.<\/span><\/strong><\/p>\n<p><span dir=\"auto\">Podle online mapy ukrajinsk\u00e9ho ministerstva digit\u00e1ln\u00ed transformace byl na cel\u00e9 Ukrajin\u011b vyhl\u00e1\u0161en stav pohotovosti kv\u016fli n\u00e1letu.<\/span><\/p>\n<p><span dir=\"auto\">Rusk\u00e9 ozbrojen\u00e9 s\u00edly zah\u00e1jily \u00fatoky na ukrajinskou infrastrukturu 10. \u0159\u00edjna 2022, dva dny po teroristick\u00e9m \u00fatoku na Krymsk\u00fd most, kter\u00fd podle rusk\u00fdch \u00fa\u0159ad\u016f provedly ukrajinsk\u00e9 zpravodajsk\u00e9 slu\u017eby. \u00dadery jsou zam\u011b\u0159eny na obrann\u00fd pr\u016fmysl, vojensk\u00e9 velen\u00ed a komunika\u010dn\u00ed za\u0159\u00edzen\u00ed po cel\u00e9 zemi.<\/span><\/p>\n<p><img decoding=\"async\" loading=\"lazy\" class=\"alignnone size-full wp-image-1185\" src=\"http:\/\/www.infokuryr.cz\/n\/wp-content\/uploads\/2021\/04\/kuryr-podpis.png\" alt=\"\" width=\"84\" height=\"24\" \/><\/p>\n<p>&nbsp;<\/p>\n","protected":false},"excerpt":{"rendered":"<p>Nepotvrzen\u00e9 zpr\u00e1vy tvrd\u00ed, \u017ee Rusko zas\u00e1hlo c\u00edl ve Lvovsk\u00e9 oblasti svou nejnov\u011bj\u0161\u00ed balistickou zbran\u00ed Neov\u011b\u0159en\u00e9&#8230;<\/p>\n","protected":false},"author":2,"featured_media":96486,"comment_status":"closed","ping_status":"closed","sticky":false,"template":"","format":"standard","meta":[],"categories":[7],"tags":[8251,22,26,889],"_links":{"self":[{"href":"https:\/\/www.infokuryr.cz\/n\/wp-json\/wp\/v2\/posts\/96484"}],"collection":[{"href":"https:\/\/www.infokuryr.cz\/n\/wp-json\/wp\/v2\/posts"}],"about":[{"href":"https:\/\/www.infokuryr.cz\/n\/wp-json\/wp\/v2\/types\/post"}],"author":[{"embeddable":true,"href":"https:\/\/www.infokuryr.cz\/n\/wp-json\/wp\/v2\/users\/2"}],"replies":[{"embeddable":true,"href":"https:\/\/www.infokuryr.cz\/n\/wp-json\/wp\/v2\/comments?post=96484"}],"version-history":[{"count":1,"href":"https:\/\/www.infokuryr.cz\/n\/wp-json\/wp\/v2\/posts\/96484\/revisions"}],"predecessor-version":[{"id":96487,"href":"https:\/\/www.infokuryr.cz\/n\/wp-json\/wp\/v2\/posts\/96484\/revisions\/96487"}],"wp:featuredmedia":[{"embeddable":true,"href":"https:\/\/www.infokuryr.cz\/n\/wp-json\/wp\/v2\/media\/96486"}],"wp:attachment":[{"href":"https:\/\/www.infokuryr.cz\/n\/wp-json\/wp\/v2\/media?parent=96484"}],"wp:term":[{"taxonomy":"category","embeddable":true,"href":"https:\/\/www.infokuryr.cz\/n\/wp-json\/wp\/v2\/categories?post=96484"},{"taxonomy":"post_tag","embeddable":true,"href":"https:\/\/www.infokuryr.cz\/n\/wp-json\/wp\/v2\/tags?post=96484"}],"curies":[{"name":"wp","href":"https:\/\/api.w.org\/{rel}","templated":true}]}}