{"id":96480,"date":"2026-01-09T05:22:19","date_gmt":"2026-01-09T04:22:19","guid":{"rendered":"https:\/\/www.infokuryr.cz\/n\/?p=96480"},"modified":"2026-01-09T05:22:19","modified_gmt":"2026-01-09T04:22:19","slug":"scott-ritter-bitva-o-new-york","status":"publish","type":"post","link":"https:\/\/www.infokuryr.cz\/n\/2026\/01\/09\/scott-ritter-bitva-o-new-york\/","title":{"rendered":"Scott Ritter: Bitva o New York"},"content":{"rendered":"<div id=\"fb-root\"><\/div>\n<p><strong>\u201eKter\u00e1 zem\u011b si m\u016f\u017ee zachovat sv\u00e9 svobody, pokud jej\u00ed vl\u00e1dci nejsou \u010das od \u010dasu varov\u00e1ni, \u017ee jej\u00ed ob\u010dan\u00e9 si zachov\u00e1vaj\u00ed ducha odporu?\u201c zeptal se Thomas Jefferson. Dnes hled\u00e1me odpov\u011b\u010f.<\/strong><\/p>\n<p><strong>O budoucnosti Spojen\u00fdch st\u00e1t\u016f se rozhoduje v soudn\u00ed s\u00edni v New Yorku, kde je souzena samotn\u00e1 Amerika. Pokud soudy neu\u010din\u00ed nic jin\u00e9ho, ne\u017e \u017ee zam\u00edtnou vykonstruovan\u00e1 obvin\u011bn\u00ed proti unesen\u00e9mu prezidentovi Venezuely Nicol\u00e1si Madurovi, pak posledn\u00ed ba\u0161ta \u00fastavn\u00ed legitimity padne tv\u00e1\u0159\u00ed v tv\u00e1\u0159 diktatu\u0159e, kterou se stala prezidentura Donalda Trumpa.<\/strong><\/p>\n<p>Zat\u00edmco se sv\u011bt sna\u017e\u00ed vyrovnat se s bezosty\u0161n\u00fdm \u00fanosem \u00fa\u0159aduj\u00edc\u00edho hlavy suver\u00e9nn\u00edho st\u00e1tu ozbrojen\u00fdmi silami Spojen\u00fdch st\u00e1t\u016f, kter\u00e9 jednaj\u00ed bez jak\u00e9koli legitimity, a\u0165 u\u017e z hlediska mezin\u00e1rodn\u00edho pr\u00e1va, nebo vnitrost\u00e1tn\u00ed pr\u00e1vn\u00ed autority, americk\u00fd lid se pot\u00fdk\u00e1 se sv\u00fdmi vlastn\u00edmi nedostatky jako ob\u010dan\u00e9 a \u2013 up\u0159\u00edmn\u011b \u0159e\u010deno \u2013 jako \u010dlenov\u00e9 lidsk\u00e9 rasy, a fand\u00ed tomuto bezohledn\u00e9mu aktu agrese, jako by definoval, k\u00fdm a \u010d\u00edm jsme jako kolektiv, ani\u017e by ch\u00e1pali, \u017ee na\u0161e j\u00e1s\u00e1n\u00ed je ve skute\u010dnosti v\u00fdk\u0159ikem um\u00edraj\u00edc\u00edho snu o \u00fastavn\u00ed republice, kdysi zn\u00e1m\u00e9 jako Spojen\u00e9 st\u00e1ty americk\u00e9.<\/p>\n<p>Dnes se sen stal no\u010dn\u00ed m\u016frou a zbytky demokratick\u00fdch svobod, kter\u00e9 jsme kdysi \u00fadajn\u011b m\u011bli tak r\u00e1di a drah\u00e9 na\u0161im srdc\u00edm, byly nahrazeny orgi\u00ed narcistick\u00e9ho excesu, kdy\u017e Donald Trump, modern\u00ed Caligula prom\u011bn\u011bn\u00fd v chod\u00edc\u00ed a mluv\u00edc\u00ed kult osobnosti, prom\u011bnil americk\u00fd demokratick\u00fd experiment, zalo\u017een\u00fd na my\u0161lence pr\u00e1vn\u00edho st\u00e1tu, v otev\u0159en\u00e9 koloseum, kde moc znamen\u00e1 pr\u00e1vo, kde s\u00edla nahrazuje rozum a kde ide\u00e1l ob\u010dana nahradil gladi\u00e1tor, jeho\u017e jedin\u00fdm \u00fa\u010delem je j\u00edt a zab\u00edjet pro pot\u011b\u0161en\u00ed sv\u00fdch \u0161\u00edlen\u00fdch vl\u00e1dc\u016f.<\/p>\n<p>Dovolte mi, abych to \u0159ekl co nejjasn\u011bji \u2013 pokud fand\u00edte jak\u00e9mukoli aspektu toho, co Donald Trump (sn\u00e1\u0161\u00edm se ho naz\u00fdvat prezidentem, proto\u017ee to p\u0159ipom\u00edn\u00e1 pojem demokratick\u00fdch norem a hodnot a \u00fastavn\u00edch kontrol a rovnov\u00e1hy, kter\u00e9 dnes v Americe ji\u017e neexistuj\u00ed) ud\u011blal ve Venezuele, pak jste sou\u010d\u00e1st\u00ed probl\u00e9mu, a ne sou\u010d\u00e1st\u00ed \u0159e\u0161en\u00ed. Nic z toho, co Spojen\u00e9 st\u00e1ty ud\u011blaly, d\u011blaj\u00ed a pl\u00e1nuj\u00ed ud\u011blat ve vztahu k Venezuele, nelze ozna\u010dit za legitimn\u00ed.<\/p>\n<p>Na chv\u00edli se zastav\u00edm, abych p\u0159ipomn\u011bl sv\u00fdm americk\u00fdm spoluob\u010dan\u016fm, \u017ee Spojen\u00e9 st\u00e1ty jsou signat\u00e1\u0159em Charty Organizace spojen\u00fdch n\u00e1rod\u016f a \u017ee tato Charta byla ratifikov\u00e1na Sen\u00e1tem Spojen\u00fdch st\u00e1t\u016f, \u010d\u00edm\u017e j\u00ed byl ud\u011blen status z\u00e1kona podle \u00dastavy Spojen\u00fdch st\u00e1t\u016f. \u010cl\u00e1nek II, odstavec 2 stanov\u00ed, \u017ee prezident \u201em\u00e1 pravomoc, na z\u00e1klad\u011b rady a souhlasu Sen\u00e1tu, uzav\u00edrat smlouvy, pokud s t\u00edm souhlas\u00ed dv\u011b t\u0159etiny p\u0159\u00edtomn\u00fdch sen\u00e1tor\u016f\u201c.<\/p>\n<p>Jak napsal p\u0159edseda Nejvy\u0161\u0161\u00edho soudu Marshall v roce 1829: \u201eSmlouva je ze sv\u00e9 podstaty smlouvou mezi dv\u011bma n\u00e1rody, nikoli legislativn\u00edm aktem. Obecn\u011b sama o sob\u011b nevede k dosa\u017een\u00ed c\u00edle, zejm\u00e9na pokud jde o jej\u00ed p\u016fsoben\u00ed na \u00fazem\u00ed dan\u00e9ho st\u00e1tu, ale je prov\u00e1d\u011bna svrchovanou moc\u00ed p\u0159\u00edslu\u0161n\u00fdch smluvn\u00edch stran. Ve Spojen\u00fdch st\u00e1tech plat\u00ed odli\u0161n\u00fd princip. Na\u0161e \u00fastava prohla\u0161uje smlouvu za z\u00e1kon zem\u011b. V d\u016fsledku toho je t\u0159eba ji u soud\u016f pova\u017eovat za rovnocennou legislativn\u00edmu aktu, kdykoli p\u016fsob\u00ed sama o sob\u011b, bez pomoci jak\u00e9hokoli legislativn\u00edho ustanoven\u00ed. Pokud v\u0161ak podm\u00ednky ujedn\u00e1n\u00ed znamenaj\u00ed smlouvu \u2013 pokud se jedna ze stran zavazuje k proveden\u00ed ur\u010dit\u00e9ho \u00fakonu, smlouva se t\u00fdk\u00e1 politick\u00e9, nikoli soudn\u00ed sf\u00e9ry; a legislativa mus\u00ed smlouvu prov\u00e9st, ne\u017e se m\u016f\u017ee st\u00e1t pravidlem pro soud.\u201c<\/p>\n<p>Soudce Samuel Freeman Miller v rozsudku z roku 1884 tyto pojmy rozvedl a prohl\u00e1sil: \u201eSmlouva je p\u0159edev\u0161\u00edm dohodou mezi nez\u00e1visl\u00fdmi n\u00e1rody a jej\u00ed vym\u00e1h\u00e1n\u00ed z\u00e1vis\u00ed na cti a z\u00e1jmu vl\u00e1d, kter\u00e9 jsou jej\u00edmi smluvn\u00edmi stranami. Pokud tyto sel\u017eou, st\u00e1v\u00e1 se jej\u00ed poru\u0161en\u00ed p\u0159edm\u011btem mezin\u00e1rodn\u00edch reklamac\u00ed a jedn\u00e1n\u00ed, kter\u00e1 mohou v\u00e9st k v\u00e1lce za \u00fa\u010delem jejich vym\u00e1h\u00e1n\u00ed. S t\u00edmto soudn\u00ed dvory nemaj\u00ed nic spole\u010dn\u00e9ho.\u201c<\/p>\n<p>Smlouva v\u0161ak m\u016f\u017ee tak\u00e9 p\u0159izn\u00e1vat soukrom\u00e1 pr\u00e1va ob\u010dan\u016fm nebo poddan\u00fdm smluvn\u00edch mocnost\u00ed, kter\u00e1 maj\u00ed povahu vymahatelnou u soudu a kter\u00e1 v p\u0159\u00edpadech, kter\u00e9 by jinak byly v pravomoci t\u011bchto soud\u016f, poskytuj\u00ed pravidla pro rozhodov\u00e1n\u00ed. \u00dastava Spojen\u00fdch st\u00e1t\u016f \u010din\u00ed smlouvu, pokud je v platnosti, sou\u010d\u00e1st\u00ed nejvy\u0161\u0161\u00edho pr\u00e1va zem\u011b ve v\u0161ech soudech, kde se o takov\u00fdch pr\u00e1vech rozhoduje.<\/p>\n<p>V tomto ohledu v\u0161ak, pokud se ustanoven\u00ed smlouvy mohou st\u00e1t p\u0159edm\u011btem soudn\u00edho p\u0159ezkumu u soud\u016f dan\u00e9 zem\u011b, podl\u00e9haj\u00ed takov\u00fdm z\u00e1kon\u016fm, kter\u00e9 m\u016f\u017ee Kongres p\u0159ijmout za \u00fa\u010delem jejich prosazen\u00ed, zm\u011bny nebo zru\u0161en\u00ed.<\/p>\n<p>Z t\u011bchto rozhodnut\u00ed vypl\u00fdvaj\u00ed \u010dty\u0159i body.<\/p>\n<p>V prvn\u00ed \u0159ad\u011b je smlouva nejvy\u0161\u0161\u00edm z\u00e1konem zem\u011b. Dokud je smlouva v platnosti, m\u00e1 stejnou v\u00e1hu jako v\u0161echny ostatn\u00ed z\u00e1kony zem\u011b.<\/p>\n<p>M\u011bjte to na pam\u011bti, a\u017e p\u0159\u00ed\u0161t\u011b usly\u0161\u00edte ministra zahrani\u010d\u00ed Marca Rubia nebo jin\u00e9ho \u010dlena Trumpovy administrativy odm\u00edtat OSN nebo z\u00e1sady mezin\u00e1rodn\u00edho pr\u00e1va zakotven\u00e9 v Chart\u011b OSN. T\u00edmto jedn\u00e1n\u00edm on \u2013 a oni \u2013 zneva\u017euj\u00ed samotnou \u00fastavu, kterou se zav\u00e1zali dodr\u017eovat a br\u00e1nit. T\u00edmto jedn\u00e1n\u00edm ur\u00e1\u017eej\u00ed Ameriku a v\u0161echny Ameri\u010dany, proto\u017ee pokud v\u00edm, jsme st\u00e1le signat\u00e1\u0159i Charty OSN, ratifikace Sen\u00e1tem st\u00e1le plat\u00ed, a jako takov\u00e1 je Charta nejvy\u0161\u0161\u00edm z\u00e1konem zem\u011b zde ve Spojen\u00fdch st\u00e1tech, na stejn\u00e9 \u00farovni jako svoboda projevu a pr\u00e1vo na dr\u017een\u00ed zbran\u00ed.<\/p>\n<p>Zadruh\u00e9, smlouva, pokud je vynucov\u00e1na, z\u00e1vis\u00ed na \u201ecti a z\u00e1jmu\u201c vl\u00e1dy. Vzhledem k tomu, \u017ee prov\u00e1d\u011bn\u00ed smlouvy spad\u00e1 sp\u00ed\u0161e do oblasti odpov\u011bdnosti v\u00fdkonn\u00e9 moci, znamen\u00e1 to, \u017ee \u017eivotaschopnost jak\u00e9hokoli smluvn\u00edho vztahu z\u00e1vis\u00ed na cti a z\u00e1jmu nejvy\u0161\u0161\u00edho p\u0159edstavitele v\u00fdkonn\u00e9 moci \u2013 prezidenta Spojen\u00fdch st\u00e1t\u016f. Z historick\u00e9ho hlediska si prezidenti obvykle uv\u011bdomuj\u00ed odpov\u011bdnost \u00fa\u0159adu, kter\u00fd jim byl sv\u011b\u0159en, a jednaj\u00ed zp\u016fsobem, kter\u00fd odr\u00e1\u017e\u00ed skute\u010dnost, \u017ee si uv\u011bdomuj\u00ed, \u017ee jsou pouze do\u010dasn\u00fdmi spr\u00e1vci \u00fa\u0159adu, kter\u00fd jim byl sv\u011b\u0159en \u00fastavou a jeho\u017e zachov\u00e1n\u00ed m\u00e1 p\u0159ednost p\u0159ed individu\u00e1ln\u00edmi p\u0159\u00e1n\u00edmi. Prezident by nem\u011bl d\u011blat nic, co by sni\u017eovalo v\u00fdznam \u00fa\u0159adu, kter\u00fd zast\u00e1v\u00e1, a m\u011bl by v\u017edy jednat zp\u016fsobem, kter\u00fd odr\u00e1\u017e\u00ed pot\u0159ebu zachovat integritu \u00fa\u0159adu a n\u00e1roda, kter\u00e9mu slou\u017e\u00ed.<\/p>\n<p>\u010cest a z\u00e1jem.<\/p>\n<p>\u010cestn\u00e9 chov\u00e1n\u00ed vy\u017eaduje dodr\u017eov\u00e1n\u00ed toho, co je spr\u00e1vn\u00e9, nebo konven\u010dn\u00edch norem chov\u00e1n\u00ed, a pln\u011bn\u00ed povinnost\u00ed nebo dodr\u017eov\u00e1n\u00ed dohod.<\/p>\n<p>Donald Trump nen\u00ed schopen chovat se \u010destn\u011b, proto\u017ee neexistuje \u017e\u00e1dn\u00fd z\u00e1kon, povinnost ani dohoda, kterou by dodr\u017eoval.<\/p>\n<p>Z\u00e1jem se obvykle po\u010d\u00edt\u00e1 z hlediska v\u00fdhody nebo prosp\u011bchu, kter\u00fd p\u0159in\u00e1\u0161\u00ed osob\u011b nebo skupin\u011b; pro prezidenta Spojen\u00fdch st\u00e1t\u016f je jedin\u00fdm z\u00e1jmem, kter\u00fd m\u016f\u017ee m\u00edt, z\u00e1jem n\u00e1roda jako celku; v z\u00e1le\u017eitostech st\u00e1tu prost\u011b nen\u00ed m\u00edsto pro osobn\u00ed z\u00e1jmy.<\/p>\n<p>Donald Trump, zp\u016fsobem odpov\u00eddaj\u00edc\u00edm jeho extr\u00e9mn\u011b narcistick\u00e9 osobnosti, jedn\u00e1 pouze tehdy, kdy\u017e jsou v s\u00e1zce jeho osobn\u00ed z\u00e1jmy \u2013 politick\u00e9 a\/nebo finan\u010dn\u00ed. Pod\u0159\u00eddil dobro n\u00e1roda sv\u00e9 jedine\u010dn\u00e9 osob\u011b a nahradil v\u00e1\u017een\u00fd \u00fa\u0159ad prezidenta nechutn\u00fdm kultem osobnosti.<\/p>\n<p>Pod veden\u00edm Donalda Trumpa nen\u00ed Amerika schopna jednat \u010destn\u011b nebo v z\u00e1jmu n\u00e1roda.<\/p>\n<p>Zat\u0159et\u00ed, pokud lze jakoukoli smlouvu nebo jinou n\u00e1rodn\u00ed povinnost, kter\u00e1 dosahuje statusu nejvy\u0161\u0161\u00edho z\u00e1kona zem\u011b, zm\u011bnit a\/nebo zru\u0161it, lze tak u\u010dinit pouze prost\u0159ednictv\u00edm z\u00e1kona, v tomto p\u0159\u00edpad\u011b Kongresu Spojen\u00fdch st\u00e1t\u016f, kter\u00fd mus\u00ed stanovit zp\u016fsob, jak\u00fdm lze smlouvy prosazovat, m\u011bnit nebo ru\u0161it. Zjednodu\u0161en\u011b \u0159e\u010deno, ani v\u00fdkonn\u00e1 ani soudn\u00ed moc nemaj\u00ed \u017e\u00e1dnou pravomoc interpretovat smluvn\u00ed z\u00e1vazky Spojen\u00fdch st\u00e1t\u016f. To je v\u00fdhradn\u00ed pravomoc z\u00e1konod\u00e1rn\u00e9 moci, kter\u00e1 v p\u0159\u00edpad\u011b Venezuely zaspala na vav\u0159\u00ednech. Nejen\u017ee se nechala zbavit sv\u00fdch \u00fastavn\u00edch povinnost\u00ed vy\u017eaduj\u00edc\u00edch schv\u00e1len\u00ed pou\u017eit\u00ed vojensk\u00e9 s\u00edly, ale nyn\u00ed se stala bezv\u00fdznamnou, pokud jde o ot\u00e1zku smluvn\u00edch z\u00e1vazk\u016f.<\/p>\n<p>Vzhledem k absenci jak\u00fdchkoli smyslupln\u00fdch opat\u0159en\u00ed ze strany Kongresu (a \u017e\u00e1dn\u00e9 se nechystaj\u00ed) m\u00e1 v\u00fdkonn\u00e1 moc prakticky volnou ruku, pokud jde o vojensk\u00e9 akce a jin\u00e9 \u010dinnosti v\u00fdkonn\u00e9 moci s t\u00edm souvisej\u00edc\u00ed.<\/p>\n<p>A te\u010f to nejd\u016fle\u017eit\u011bj\u0161\u00ed: bez legislativn\u00edch opat\u0159en\u00ed nemaj\u00ed soudy \u017e\u00e1dnou jurisdikci, pokud jde o smluvn\u00ed z\u00e1vazky.<\/p>\n<p>\u017d\u00e1dnou.<\/p>\n<p>Neexistuje \u017e\u00e1dn\u00e1 soudn\u00ed pravomoc, pokud jde o smluvn\u00ed z\u00e1vazky, kter\u00e9 jsou nejvy\u0161\u0161\u00edm z\u00e1konem zem\u011b, pokud Kongres nep\u0159ijal z\u00e1kon, kter\u00fd by n\u011bjak\u00fdm zp\u016fsobem zasahoval do t\u011bchto z\u00e1vazk\u016f jako do ot\u00e1zky pr\u00e1va.<\/p>\n<p>V p\u0159\u00edpad\u011b Charty OSN to Kongres neu\u010dinil.<\/p>\n<p>Spojen\u00e9 st\u00e1ty neleg\u00e1ln\u011b unesly suver\u00e9nn\u00edho v\u016fdce suver\u00e9nn\u00edho st\u00e1tu, \u010d\u00edm\u017e poru\u0161ily Chartu OSN, jej\u00ed\u017e \u010dl\u00e1nek 2(4) stanov\u00ed, \u017ee \u201ev\u0161echny \u010dlensk\u00e9 st\u00e1ty se ve sv\u00fdch mezin\u00e1rodn\u00edch vztaz\u00edch zdr\u017e\u00ed hrozby nebo pou\u017eit\u00ed s\u00edly proti \u00fazemn\u00ed celistvosti nebo politick\u00e9 nez\u00e1vislosti jak\u00e9hokoli st\u00e1tu nebo jak\u00e9hokoli jin\u00e9ho jedn\u00e1n\u00ed, kter\u00e9 je v rozporu s c\u00edli Organizace spojen\u00fdch n\u00e1rod\u016f\u201c.<\/p>\n<p>Podle mezin\u00e1rodn\u00edho pr\u00e1va neexistuje \u017e\u00e1dn\u00e1 pr\u00e1vn\u00ed autorita, kter\u00e1 by Spojen\u00fdm st\u00e1t\u016fm umo\u017e\u0148ovala zatknout v\u016fdce suver\u00e9nn\u00edho st\u00e1tu bez jak\u00e9hokoli rozpoznateln\u00e9ho n\u00e1roku na sebeobranu podle \u010dl\u00e1nku 51 Charty OSN (kter\u00fd Spojen\u00e9 st\u00e1ty neuplatnily) nebo na z\u00e1klad\u011b rezoluce Rady bezpe\u010dnosti OSN podle kapitoly VII Charty OSN, kter\u00e1 neexistuje.<\/p>\n<p>Stru\u010dn\u011b \u0159e\u010deno, Spojen\u00e9 st\u00e1ty nemaj\u00ed \u017e\u00e1dnou jurisdikci, pokud jde o Nicol\u00e1se Madura nebo jeho man\u017eelku, kte\u0159\u00ed byli neleg\u00e1ln\u011b uneseni ze sv\u00e9ho bydli\u0161t\u011b v Caracasu p\u0159\u00edslu\u0161n\u00edky americk\u00fdch speci\u00e1ln\u00edch jednotek.<\/p>\n<p>Dnes Nicolas Maduro a jeho man\u017eelka stoj\u00ed p\u0159ed soudem Alvina Hellersteina, 92let\u00e9ho soudce okresn\u00edho soudu pro ji\u017en\u00ed okres New Yorku. Hellerstein vystudoval pr\u00e1vnickou fakultu Kolumbijsk\u00e9 univerzity a pot\u00e9 p\u016fsobil jako pr\u00e1vn\u00edk v americk\u00e9 arm\u00e1d\u011b. Pot\u00e9 se v\u011bnoval soukrom\u00e9 praxi, ne\u017e byl v roce 1998 prezidentem Billem Clintonem jmenov\u00e1n do sv\u00e9 sou\u010dasn\u00e9 funkce.<\/p>\n<p>Hellerstein dohl\u00ed\u017eel na ob\u017ealobu Madura z roku 2020, kter\u00e1 slou\u017e\u00ed jako z\u00e1klad pro jeho sou\u010dasn\u00e9 st\u00edh\u00e1n\u00ed. Ob\u017ealoba v\u0161ak nezohlednila povahu Madurova \u00fanosu, kter\u00fd je zjevn\u011b neleg\u00e1ln\u00ed. Pr\u00e1vn\u00ed postupy se zdaj\u00ed b\u00fdt pro Hellersteina d\u016fle\u017eit\u00e9, kter\u00fd loni zabr\u00e1nil Trumpov\u011b administrativ\u011b deportovat \u00fadajn\u00e9 \u010dleny venezuelsk\u00e9ho gangu bez soudn\u00edho \u0159\u00edzen\u00ed.<\/p>\n<p>Soudn\u00ed s\u00ed\u0148 na Manhattanu, kde Hellerstein bude p\u0159edsedat z\u0159ejm\u011b zdlouhav\u00e9mu jedn\u00e1n\u00ed o tom, zda Maduro a jeho man\u017eelka budou postaveni p\u0159ed soud, se stala posledn\u00ed ba\u0161tou americk\u00e9 demokracie. \u00dastava Spojen\u00fdch st\u00e1t\u016f p\u0159edpokl\u00e1d\u00e1 vl\u00e1du chr\u00e1n\u011bnou syst\u00e9mem kontrol a rovnov\u00e1hy, kde t\u0159i rovnocenn\u00e9, ale odd\u011blen\u00e9 slo\u017eky vl\u00e1dy zaji\u0161\u0165uj\u00ed, \u017ee literu z\u00e1kona zakotvenou v \u00fastav\u011b dodr\u017euj\u00ed v souladu se z\u00e1m\u011brem otc\u016f zakladatel\u016f.<\/p>\n<p>Dnes vid\u00edme legislativn\u00ed moc v trosk\u00e1ch, bezmocnou p\u0159ed v\u00e1hou narcistick\u00e9ho \u0161\u00edlence, kter\u00fd up\u0159ednost\u0148uje moc p\u0159ed rozumem a s\u00edlu p\u0159ed z\u00e1konem. Amerika funguje jako doslovn\u00e1 diktatura, kde v\u00fdkonn\u00e1 moc po\u017e\u00edv\u00e1 neomezenou moc a privilegia, kter\u00e1 p\u0159esahuj\u00ed to, co si kdy p\u0159edstavovali otcov\u00e9 zakladatel\u00e9 \u2013 a kter\u00e1 jsou v p\u0159\u00edm\u00e9m rozporu se z\u00e1m\u011brem otc\u016f zakladatel\u016f p\u0159i psan\u00ed \u00fastavy, kter\u00e1 byla navr\u017eena tak, aby omezovala v\u00fdkonnou moc.<\/p>\n<p>Posledn\u00ed nad\u011bje pro \u00fastavn\u00ed republiku, kterou byly Spojen\u00e9 st\u00e1ty americk\u00e9, je v rukou st\u00e1rnouc\u00edho soudce, kter\u00fd je s\u00e1m v t\u00e9to v\u011bci rozpolcen\u00fd, proto\u017ee vydal ob\u017ealobu, na jej\u00edm\u017e z\u00e1klad\u011b byl Maduro postaven p\u0159ed jeho soud.<\/p>\n<p>\u0158\u00edk\u00e1 se, \u017ee spravedlnost je slep\u00e1.<\/p>\n<p>Ka\u017ed\u00fd, kdo m\u00e1 zku\u0161enosti s americk\u00fdm soudn\u00edm syst\u00e9mem, v\u00ed, \u017ee to je le\u017e.<\/p>\n<p>Spravedlnost, jak existuje v Americe, je od z\u00e1kladu navr\u017eena tak, aby zachov\u00e1vala status quo, \u010dasto ob\u011btuje koncepty individu\u00e1ln\u00ed spravedlnosti pro \u201evy\u0161\u0161\u00ed dobro\u201c \u2013 p\u0159i\u010dem\u017e vy\u0161\u0161\u00ed dobro je definov\u00e1no v\u00fdkonnou moc\u00ed.<\/p>\n<p>Navzdory nespravedlnostem, kter\u00e9 v soudn\u00edm syst\u00e9mu vzkv\u00e9taj\u00ed, feder\u00e1ln\u00ed soudy dlouho slou\u017eily jako ochrana p\u0159ed zjevn\u00fdmi poru\u0161ov\u00e1n\u00edmi \u00fastavy ze strany americk\u00e9 vl\u00e1dy.<\/p>\n<p>P\u0159\u00edpad Maduro je takov\u00fdm p\u0159\u00edkladem.<\/p>\n<p>Pokud zde nebude Trumpova administrativa kontrolov\u00e1na, pak neexistuje nic \u2013 v\u016fbec nic \u2013 co by mohlo omezit excesy, kter\u00e9 nastanou, kdy\u017e narcistick\u00fd v\u016fdce a jeho klika p\u0159episuj\u00ed pravidla, podle nich\u017e USA komunikuj\u00ed se zbytkem sv\u011bta. Pry\u010d je jak\u00e1koli p\u0159edstava o pr\u00e1vu, a\u0165 u\u017e zalo\u017een\u00e9m na smlouv\u00e1ch nebo na kontraktech.<\/p>\n<p>\u201eMoc d\u00e1v\u00e1 pr\u00e1vo\u201c bude nov\u00fdm z\u00e1konem zem\u011b, kter\u00fd bude uplat\u0148ov\u00e1n v zahrani\u010d\u00ed i doma bez obav z dom\u00e1c\u00edch d\u016fsledk\u016f a bez ohledu na to, jak n\u00e1s vn\u00edm\u00e1 zbytek sv\u011bta.<\/p>\n<p>Amerika se vzd\u00e1l\u00ed od jak\u00e9koli p\u0159edstavy o \u00fastavn\u00ed republice a p\u0159ejde do pokro\u010dil\u00e9ho stavu imperi\u00e1ln\u00edho \u00fapadku podobn\u00e9ho tomu, kter\u00fd jsme vid\u011bli v pozdn\u00edch f\u00e1z\u00edch p\u00e1du \u0158\u00edma.<\/p>\n<p>Trump je nov\u00fd Caligula.<\/p>\n<p>A my Ameri\u010dan\u00e9 jsme jen o m\u00e1lo v\u00edc ne\u017e \u0159\u00edmsk\u00fd dav, \u010dekaj\u00edc\u00ed na to, a\u017e n\u00e1\u0161 c\u00edsa\u0159 uspokoj\u00ed na\u0161e z\u00e1kladn\u00ed touhy krv\u00ed, j\u00eddlem a primitivn\u00ed z\u00e1bavou, kter\u00e1 uklid\u0148uje fyzick\u00e9 pot\u0159eby na \u00fakor mor\u00e1ln\u00edch a intelektu\u00e1ln\u00edch.<\/p>\n<p>\u00dastava bude prohl\u00e1\u0161ena za neplatnou a s n\u00ed i legitimita Spojen\u00fdch st\u00e1t\u016f jako n\u00e1rodn\u00edho st\u00e1tu.<\/p>\n<p>Tento esej zakon\u010d\u00edm cit\u00e1tem z dopisu Thomase Jeffersona, jednoho z otc\u016f zakladatel\u016f Spojen\u00fdch st\u00e1t\u016f americk\u00fdch a autora na\u0161\u00ed Deklarace nez\u00e1vislosti. T\u00edmto s \u00factou p\u0159ipom\u00edn\u00e1m \u010dten\u00e1\u0159\u016fm, \u017ee Spojen\u00e9 st\u00e1ty budou 4. \u010dervence slavit 250 let nez\u00e1vislosti.<\/p>\n<p>Na dvoust\u00e9 v\u00fdro\u010d\u00ed si dob\u0159e vzpom\u00edn\u00e1m. \u017dil jsem v Turecku, kde byl m\u016fj otec um\u00edst\u011bn jako d\u016fstojn\u00edk letectva. Spojen\u00e9 st\u00e1ty uvalily na Turecko sankce o rok d\u0159\u00edve, v roce 1975, kv\u016fli tureck\u00e9 invazi na Kypr. V odvet\u011b tureck\u00e1 vl\u00e1da zak\u00e1zala vyv\u011b\u0161ov\u00e1n\u00ed americk\u00e9 vlajky nad malou vojenskou z\u00e1kladnou, kter\u00e1 slou\u017eila jako centrum americk\u00e9ho kulturn\u00edho \u017eivota.<\/p>\n<p>4. \u010dervence se mal\u00e1 americk\u00e1 komunita \u2013 n\u011bkolik set lid\u00ed \u2013 se\u0161la na z\u00e1kladn\u011b, aby oslavila 200. v\u00fdro\u010d\u00ed zalo\u017een\u00ed na\u0161\u00ed zem\u011b. Uspo\u0159\u00e1dali jsme softbalov\u00fd turnaj a pochutnali si na vynikaj\u00edc\u00edm grilovan\u00e9m masu. Vrcholem dne v\u0161ak bylo, kdy\u017e tureck\u00e1 vl\u00e1da v uzn\u00e1n\u00ed v\u00fdznamu tohoto dne pro sv\u00e9 americk\u00e9 hosty povolila vyv\u011b\u0161en\u00ed vlajky a zahr\u00e1n\u00ed n\u00e1rodn\u00ed hymny.<\/p>\n<p>Nikdo z p\u0159\u00edtomn\u00fdch nem\u011bl such\u00e9 o\u010di. Sundali jsme si klobouky, p\u0159ikryli si srdce a zp\u00edvali slova hymny, kter\u00e1 definovala, k\u00fdm a \u010d\u00edm jsme \u2013 Ameri\u010dany.<\/p>\n<p>Vlajka byla symbolem na\u0161\u00ed zem\u011b, jakkoli nedokonal\u00e1 byla.<\/p>\n<p>Zem\u011b, kterou jsme milovali a za kterou bychom polo\u017eili \u017eivot.<\/p>\n<p>Zem\u011b definovan\u00e1 na\u0161\u00edm potenci\u00e1lem konat dobro a na\u0161\u00ed ochotou sna\u017eit se tento potenci\u00e1l naplnit.<\/p>\n<p>Na ten den budu vzpom\u00ednat po zbytek sv\u00e9ho \u017eivota. Bylo mi \u010dtrn\u00e1ct let, byl jsem pln\u00fd \u017eivota a sn\u016f, kter\u00e9 p\u0159ich\u00e1zej\u00ed s ml\u00e1d\u00edm a energi\u00ed.<\/p>\n<p>Z\u00edral jsem na tv\u00e1\u0159e dosp\u011bl\u00fdch kolem m\u011b, v\u010detn\u011b sv\u00fdch rodi\u010d\u016f, a byl jsem p\u0159ekvapen, \u017ee v\u0161em po tv\u00e1\u0159\u00edch st\u00e9kaly slzy.<\/p>\n<p>Milovali svou zemi.<\/p>\n<p>V\u0161ichni byli p\u0159ipraveni za ni polo\u017eit \u017eivot (a mnoz\u00ed u\u017e za ni \u017eivot polo\u017eili).<\/p>\n<p>D\u00edval jsem se na vlajku, jak stoup\u00e1 na sv\u00e9 pr\u00e1voplatn\u00e9 m\u00edsto na vrcholu sto\u017e\u00e1ru, pln\u011b rozvinut\u00e1 siln\u00fdm v\u011btrem, aby odhalila sv\u00e9 hv\u011bzdy a pruhy v cel\u00e9 sv\u00e9 n\u00e1dhern\u00e9 sl\u00e1v\u011b, a zjistil jsem, \u017ee tak\u00e9 pl\u00e1\u010du.<\/p>\n<p>V tu chv\u00edli jsem si sl\u00edbil, \u017ee budu slou\u017eit sv\u00e9 zemi a ct\u00edt tento \u017eivouc\u00ed symbol m\u00e9ho n\u00e1roda.<\/p>\n<p>Bude to povinnost m\u00e9ho \u017eivota.<\/p>\n<p>A te\u010f moje zem\u011b um\u00edr\u00e1.<\/p>\n<p>Mo\u017en\u00e1 250 let bylo v\u0161e, co americk\u00fd experiment s demokraci\u00ed mohl vydr\u017eet.<\/p>\n<p>V\u00fdsledek bitvy o New York rozhodne o na\u0161em osudu.<\/p>\n<p>A nyn\u00ed k Jeffersonovu dopisu:<\/p>\n<div class=\"ramecek\">\n<p><em>\u201eLid\u00e9 nemohou b\u00fdt v\u017edy a v\u0161ude dob\u0159e informov\u00e1ni,\u201c napsal Thomas Jefferson v dopise Williamu Stephensovi Smithovi, z\u00e1stupci st\u00e1tu New York v Kongresu, dne 13. listopadu 1787. \u201eTa \u010d\u00e1st, kter\u00e1 se m\u00fdl\u00ed, bude nespokojen\u00e1 v pom\u011bru k v\u00fdznamu skute\u010dnost\u00ed, kter\u00e9 \u0161patn\u011b ch\u00e1pe. Pokud pod takov\u00fdmi myln\u00fdmi p\u0159edstavami z\u016fstane klidn\u00e1, je to letargie, p\u0159edzv\u011bst smrti ve\u0159ejn\u00e9 svobody. M\u00e1me t\u0159in\u00e1ct st\u00e1t\u016f, kter\u00e9 jsou nez\u00e1visl\u00e9 jeden\u00e1ct let. Do\u0161lo k jedn\u00e9 vzpou\u0159e. To znamen\u00e1 jedna vzpoura za stolet\u00ed a p\u016fl pro ka\u017ed\u00fd st\u00e1t. Kter\u00e1 zem\u011b p\u0159edt\u00edm existovala sto pades\u00e1t let bez vzpoury? A jak\u00e1 zem\u011b si m\u016f\u017ee zachovat sv\u00e9 svobody, pokud jej\u00ed vl\u00e1dci nejsou \u010das od \u010dasu varov\u00e1ni, \u017ee jej\u00ed lid si zachov\u00e1v\u00e1 ducha odporu? A\u0165 se chop\u00ed zbran\u00ed. L\u00e9kem je uv\u00e9st je do spr\u00e1vn\u00e9ho stavu, odpustit jim a uklidnit je. Co znamen\u00e1 p\u00e1r ztracen\u00fdch \u017eivot\u016f za stolet\u00ed nebo dv\u011b? Strom svobody mus\u00ed b\u00fdt \u010das od \u010dasu osv\u011b\u017een krv\u00ed vlastenc\u016f a tyran\u016f. Je to jeho p\u0159irozen\u00e9 hnojivo.\u201c<\/em><\/p>\n<\/div>\n<div class=\"podcarou\">\n<p><a href=\"https:\/\/scottritter.substack.com\/p\/the-battle-of-new-york\" target=\"_blank\" rel=\"external noopener\">The Battle of New York<\/a>\u00a0vy\u0161el 6.1.2026 na scottritter.substack.com.<\/p>\n<p>&nbsp;<\/p>\n<\/div>\n","protected":false},"excerpt":{"rendered":"<p>\u201eKter\u00e1 zem\u011b si m\u016f\u017ee zachovat sv\u00e9 svobody, pokud jej\u00ed vl\u00e1dci nejsou \u010das od \u010dasu varov\u00e1ni,&#8230;<\/p>\n","protected":false},"author":2,"featured_media":96481,"comment_status":"closed","ping_status":"closed","sticky":false,"template":"","format":"standard","meta":[],"categories":[7],"tags":[1177,1503,2044,1747],"_links":{"self":[{"href":"https:\/\/www.infokuryr.cz\/n\/wp-json\/wp\/v2\/posts\/96480"}],"collection":[{"href":"https:\/\/www.infokuryr.cz\/n\/wp-json\/wp\/v2\/posts"}],"about":[{"href":"https:\/\/www.infokuryr.cz\/n\/wp-json\/wp\/v2\/types\/post"}],"author":[{"embeddable":true,"href":"https:\/\/www.infokuryr.cz\/n\/wp-json\/wp\/v2\/users\/2"}],"replies":[{"embeddable":true,"href":"https:\/\/www.infokuryr.cz\/n\/wp-json\/wp\/v2\/comments?post=96480"}],"version-history":[{"count":0,"href":"https:\/\/www.infokuryr.cz\/n\/wp-json\/wp\/v2\/posts\/96480\/revisions"}],"wp:featuredmedia":[{"embeddable":true,"href":"https:\/\/www.infokuryr.cz\/n\/wp-json\/wp\/v2\/media\/96481"}],"wp:attachment":[{"href":"https:\/\/www.infokuryr.cz\/n\/wp-json\/wp\/v2\/media?parent=96480"}],"wp:term":[{"taxonomy":"category","embeddable":true,"href":"https:\/\/www.infokuryr.cz\/n\/wp-json\/wp\/v2\/categories?post=96480"},{"taxonomy":"post_tag","embeddable":true,"href":"https:\/\/www.infokuryr.cz\/n\/wp-json\/wp\/v2\/tags?post=96480"}],"curies":[{"name":"wp","href":"https:\/\/api.w.org\/{rel}","templated":true}]}}