{"id":96472,"date":"2026-01-09T00:08:23","date_gmt":"2026-01-08T23:08:23","guid":{"rendered":"https:\/\/www.infokuryr.cz\/n\/?p=96472"},"modified":"2026-01-08T18:27:04","modified_gmt":"2026-01-08T17:27:04","slug":"pred-jarnimi-volbami-v-madarsku-se-brusel-stara-o-to-aby-opozicni-media-fungovala-a-prosperovala","status":"publish","type":"post","link":"https:\/\/www.infokuryr.cz\/n\/2026\/01\/09\/pred-jarnimi-volbami-v-madarsku-se-brusel-stara-o-to-aby-opozicni-media-fungovala-a-prosperovala\/","title":{"rendered":"P\u0159ed jarn\u00edmi volbami v Ma\u010farsku se Brusel star\u00e1 o to, aby opozi\u010dn\u00ed m\u00e9dia fungovala a prosperovala"},"content":{"rendered":"<div id=\"fb-root\"><\/div>\n<h3 class=\"s-tagline fw-tagline\"><span dir=\"auto\">Brusel pos\u00edl\u00e1 finan\u010dn\u00ed prost\u0159edky \u010detn\u00fdm levicov\u00fdm port\u00e1l\u016fm a \u201eov\u011b\u0159ovatel\u016fm fakt\u016f\u201c, o nich\u017e je zn\u00e1mo, \u017ee jsou neuv\u011b\u0159iteln\u011b zaujat\u00ed v\u016f\u010di vl\u00e1dnouc\u00ed vl\u00e1d\u011b<\/span><\/h3>\n<p><span dir=\"auto\">Vydavatel levicov\u00e9ho, opozici naklon\u011bn\u00e9ho port\u00e1lu 444.hu obdr\u017eel od Bruselu dodate\u010dnou v\u00fdznamnou finan\u010dn\u00ed podporu.<\/span><\/p>\n<p><span dir=\"auto\">Podle\u00a0\u00a0<\/span><a href=\"https:\/\/ec.europa.eu\/info\/funding-tenders\/opportunities\/portal\/screen\/opportunities\/projects-details\/43251814\/101242574\" target=\"_blank\" rel=\"noreferrer noopener\"><span dir=\"auto\">\u00fadaj\u016f zve\u0159ejn\u011bn\u00fdch<\/span><\/a><span dir=\"auto\">\u00a0\u00a0na webov\u00fdch str\u00e1nk\u00e1ch Evropsk\u00e9 komise z\u00edskala spole\u010dnost Magyar Jeti Zrt. v r\u00e1mci medi\u00e1ln\u00edho projektu s n\u00e1zvem The Eastern Frontier Initiative (TEFI) 318 172 eur pot\u00e9, co v minulosti od Evropsk\u00e9 komise obdr\u017eela podporu, p\u00ed\u0161e\u00a0<\/span><a href=\"https:\/\/magyarnemzet.hu\/belfold\/2026\/01\/gurulo-eurok-omlik-a-penz-brusszelbol-a-soros-halozat-hazai-sajtotermekeihez\"><span dir=\"auto\">Magyar Nemzet<\/span><\/a><span dir=\"auto\">\u00a0.<\/span><\/p>\n<p><span dir=\"auto\">Ma\u010farsk\u00fd \u00da\u0159ad pro ochranu suverenity ned\u00e1vno prozkoumal medi\u00e1ln\u00ed projekt TEFI, kter\u00fd v Ma\u010farsku tak\u00e9 vede kampa\u0148, a zjistil, \u017ee je ned\u00edlnou sou\u010d\u00e1st\u00ed s\u00edt\u011b nevl\u00e1dn\u00edch organizac\u00ed a zpravodajsk\u00fdch web\u016f spojen\u00fdch s Georgem Sorosem a jeho nadac\u00ed Open Society Foundations.<\/span><\/p>\n<p><span dir=\"auto\">Podle zpr\u00e1vy konsorcium veden\u00e9 spole\u010dnost\u00ed Magyar Jeti Zrt. v Ma\u010farsku zahrnuje polskou Gazetu Wyborcza, slovensk\u00e9 SME, nizozemsk\u00fd Bellingcat a rumunsk\u00fd PressOne, co\u017e jsou v\u0161echny noviny napojen\u00e9 na Sorose. Podle zpr\u00e1vy \u00fa\u0159adu \u010dlenov\u00e9 tohoto konsorcia pravideln\u011b vyd\u00e1vaj\u00ed r\u016fzn\u00e9 publikace spole\u010dn\u011b s think tankem Globsec, kter\u00fd je pova\u017eov\u00e1n za workshop pro tvorbu strategi\u00ed EU. Ty jsou pot\u00e9 distribuov\u00e1ny ve \u0161kol\u00e1ch a na univerzit\u00e1ch.<\/span><\/p>\n<p><span dir=\"auto\">MN d\u0159\u00edve\u00a0<\/span><a href=\"https:\/\/magyarnemzet.hu\/belfold\/2025\/12\/brusszel-felmilliard-forinttal-penzeli-a-soros-kozeli-tenyellenor-halozatot\" target=\"_blank\" rel=\"noreferrer noopener\"><span dir=\"auto\">informoval<\/span><\/a><span dir=\"auto\">\u00a0, \u017ee Brusel\u00a0<\/span><span dir=\"auto\">\u201ebojuje proti fale\u0161n\u00fdm zpr\u00e1v\u00e1m\u201c t\u00edm, \u017ee t\u011bmto skupin\u00e1m poskytuje stovky milion\u016f forint\u016f. Ma\u010farsk\u00e1 observato\u0159 digit\u00e1ln\u00edch m\u00e9di\u00ed (HDMO), podporovan\u00e1 Evropskou komis\u00ed, podpo\u0159ila jej\u00ed projekt proti \u201edezinformac\u00edm\u201c, kter\u00fd prob\u00edh\u00e1 od 1. \u0159\u00edjna 2025 do 31. b\u0159ezna 2028, \u010d\u00e1stkou 1,3 milionu eur.<\/span><\/p>\n<p><span dir=\"auto\">Pen\u00edze z velk\u00e9 \u010d\u00e1sti kontroluj\u00ed levicov\u011b liber\u00e1ln\u00ed organizace nep\u0159\u00e1telsk\u00e9 v\u016f\u010di ma\u010farsk\u00e9 vl\u00e1d\u011b, jako je Political Capital, M\u00e9rt\u00e9k M\u00e9diaelemz\u0151 M\u0171hely, Idea Foundation, Lakmusz (Magyar Jeti Zrt.) a francouzsk\u00e1 tiskov\u00e1 agentura AFP.<\/span><\/p>\n<p><span dir=\"auto\">Tato jm\u00e9na se objevila v p\u0159edchoz\u00edch ov\u011b\u0159ovac\u00edch programech mezi 1. lednem 2023 a 30. z\u00e1\u0159\u00edm 2025, kdy obdr\u017eela 1,44 milionu eur z pen\u011bz EU, p\u0159ipom\u00edn\u00e1 MN.<\/span><\/p>\n<p><span dir=\"auto\">Zde se mezi podporovan\u00fdmi medi\u00e1ln\u00edmi spole\u010dnostmi objevila i Magyar Jeti Zrt., kter\u00e1 je z\u00e1rove\u0148 vydavatelem \u010dasopis\u016f 444 a Lakmusz. Druh\u00e1 jmenovan\u00e1 platforma funguje jako tzv. port\u00e1l pro ov\u011b\u0159ov\u00e1n\u00ed fakt\u016f, glob\u00e1ln\u00ed progresivn\u00ed n\u00e1stroj k omezov\u00e1n\u00ed svobody tisku a formov\u00e1n\u00ed ve\u0159ejn\u00e9ho diskurzu ve jm\u00e9nu \u201eov\u011b\u0159ov\u00e1n\u00ed fakt\u016f\u201c.\u00a0<\/span><\/p>\n<p><span dir=\"auto\">MN uv\u00e1d\u00ed, \u017ee v roce 2024 spole\u010dnost Magyar Jeti Zrt. obdr\u017eela pouze z grant\u016f v r\u00e1mci v\u00fdb\u011brov\u00fdch \u0159\u00edzen\u00ed 173 milion\u016f HUF, a to i v r\u00e1mci projektu Sphera financovan\u00e9ho Evropskou komis\u00ed, co\u017e je o 23 milion\u016f HUF v\u00edce ne\u017e v p\u0159edchoz\u00edm roce.<\/span><\/p>\n<p><img decoding=\"async\" loading=\"lazy\" class=\"alignnone size-full wp-image-1185\" src=\"http:\/\/www.infokuryr.cz\/n\/wp-content\/uploads\/2021\/04\/kuryr-podpis.png\" alt=\"\" width=\"84\" height=\"24\" \/><\/p>\n<p>&nbsp;<\/p>\n","protected":false},"excerpt":{"rendered":"<p>Brusel pos\u00edl\u00e1 finan\u010dn\u00ed prost\u0159edky \u010detn\u00fdm levicov\u00fdm port\u00e1l\u016fm a \u201eov\u011b\u0159ovatel\u016fm fakt\u016f\u201c, o nich\u017e je zn\u00e1mo, \u017ee&#8230;<\/p>\n","protected":false},"author":2,"featured_media":96473,"comment_status":"closed","ping_status":"closed","sticky":false,"template":"","format":"standard","meta":[],"categories":[7],"tags":[640,41,45,78,158,27],"_links":{"self":[{"href":"https:\/\/www.infokuryr.cz\/n\/wp-json\/wp\/v2\/posts\/96472"}],"collection":[{"href":"https:\/\/www.infokuryr.cz\/n\/wp-json\/wp\/v2\/posts"}],"about":[{"href":"https:\/\/www.infokuryr.cz\/n\/wp-json\/wp\/v2\/types\/post"}],"author":[{"embeddable":true,"href":"https:\/\/www.infokuryr.cz\/n\/wp-json\/wp\/v2\/users\/2"}],"replies":[{"embeddable":true,"href":"https:\/\/www.infokuryr.cz\/n\/wp-json\/wp\/v2\/comments?post=96472"}],"version-history":[{"count":0,"href":"https:\/\/www.infokuryr.cz\/n\/wp-json\/wp\/v2\/posts\/96472\/revisions"}],"wp:featuredmedia":[{"embeddable":true,"href":"https:\/\/www.infokuryr.cz\/n\/wp-json\/wp\/v2\/media\/96473"}],"wp:attachment":[{"href":"https:\/\/www.infokuryr.cz\/n\/wp-json\/wp\/v2\/media?parent=96472"}],"wp:term":[{"taxonomy":"category","embeddable":true,"href":"https:\/\/www.infokuryr.cz\/n\/wp-json\/wp\/v2\/categories?post=96472"},{"taxonomy":"post_tag","embeddable":true,"href":"https:\/\/www.infokuryr.cz\/n\/wp-json\/wp\/v2\/tags?post=96472"}],"curies":[{"name":"wp","href":"https:\/\/api.w.org\/{rel}","templated":true}]}}