{"id":96422,"date":"2026-01-09T00:24:50","date_gmt":"2026-01-08T23:24:50","guid":{"rendered":"https:\/\/www.infokuryr.cz\/n\/?p=96422"},"modified":"2026-01-08T10:20:12","modified_gmt":"2026-01-08T09:20:12","slug":"eu-financuje-izraelske-vyrobce-zbrani-prostrednictvim-civilnich-vyzkumnych-programu","status":"publish","type":"post","link":"https:\/\/www.infokuryr.cz\/n\/2026\/01\/09\/eu-financuje-izraelske-vyrobce-zbrani-prostrednictvim-civilnich-vyzkumnych-programu\/","title":{"rendered":"EU financuje izraelsk\u00e9 v\u00fdrobce zbran\u00ed prost\u0159ednictv\u00edm civiln\u00edch v\u00fdzkumn\u00fdch program\u016f"},"content":{"rendered":"<div id=\"fb-root\"><\/div>\n<div class=\"elementor-element elementor-element-1fb4c2c elementor-widget elementor-widget-theme-post-content\" data-id=\"1fb4c2c\" data-element_type=\"widget\" data-widget_type=\"theme-post-content.default\">\n<div class=\"elementor-widget-container\">\n<p><strong><span dir=\"auto\">Izrael\u0161t\u00ed v\u00fdrobci zbran\u00ed t\u011b\u017e\u00ed z financov\u00e1n\u00ed EU na \u0161pi\u010dkov\u00fd civiln\u00ed v\u00fdzkum.<\/span><\/strong><\/p>\n<p><span dir=\"auto\">Ve\u0159ejn\u011b dostupn\u00e9 \u00fadaje ukazuj\u00ed, \u017ee izraelsk\u00e9 zbrojn\u00ed spole\u010dnosti dost\u00e1valy dotace na civiln\u00ed projekty \u2013 a to navzdory p\u0159\u00edsn\u00e9mu z\u00e1kazu EU financovat v\u00fdzkum, kter\u00fd lze pou\u017e\u00edt k v\u00e1le\u010dn\u00fdm \u00fa\u010del\u016fm.<\/span><\/p>\n<p><span dir=\"auto\">EU poskytla izraelsk\u00fdm v\u00fdrobc\u016fm zbran\u00ed a dal\u0161\u00edm obrann\u00fdm spole\u010dnostem miliony eur na financov\u00e1n\u00ed civiln\u00edch v\u00fdzkumn\u00fdch program\u016f \u2013 a\u00a0<\/span><a href=\"https:\/\/www.middleeasteye.net\/opinion\/europe-risks-another-bleak-year-2026-why\" target=\"_blank\" rel=\"noreferrer noopener\" data-type=\"link\" data-id=\"https:\/\/www.middleeasteye.net\/opinion\/europe-risks-another-bleak-year-2026-why\"><span dir=\"auto\">to<\/span><\/a><span dir=\"auto\">\u00a0navzdory z\u00e1kazu financov\u00e1n\u00ed vojensk\u00e9ho v\u00fdzkumu a v\u00fdzkumu dvoj\u00edho u\u017eit\u00ed.<\/span><\/p>\n<p><span dir=\"auto\">Ve\u0159ejn\u00e9 dokumenty ukazuj\u00ed, \u017ee izraelsk\u00e9 spole\u010dnosti, kter\u00e9 hraj\u00ed \u00fast\u0159edn\u00ed roli ve st\u00e1tn\u00edm vojensk\u00e9m pr\u016fmyslu, se opakovan\u011b \u00fa\u010dastnily v\u00fdzkumu financovan\u00e9ho EU, a to i v r\u00e1mci programu Horizont Evropa a jeho p\u0159edch\u016fdce Horizont 2020.<\/span><\/p>\n<p><span dir=\"auto\">Data o financov\u00e1n\u00ed analyzovan\u00e1 agenturou Middle East Eye ukazuj\u00ed, \u017ee mezi lety 2014 a 2025 programy Horizon 2020 a Horizon Europe ud\u011blily t\u00e9m\u011b\u0159 15 milion\u016f dolar\u016f na projekty zahrnuj\u00edc\u00ed Israel Aerospace Industries (IAI) \u2013 st\u00e1tn\u00ed obrannou spole\u010dnost a jednoho z nejv\u011bt\u0161\u00edch izraelsk\u00fdch v\u00fdrobc\u016f zbran\u00ed.<\/span><\/p>\n<p><span dir=\"auto\">IAI vyr\u00e1b\u00ed drony, raketov\u00e9 syst\u00e9my a sledovac\u00ed technologie, kter\u00e9 se pou\u017e\u00edvaj\u00ed p\u0159i genocid\u011b v Gaze a okupaci Z\u00e1padn\u00edho b\u0159ehu Jord\u00e1nu.<\/span><\/p>\n<p><span dir=\"auto\">Od poloviny 80. let 20. stolet\u00ed \u010dlensk\u00e9 st\u00e1ty EU sdru\u017euj\u00ed sv\u00e9 v\u00fdzkumn\u00e9 prost\u0159edky do po sob\u011b jdouc\u00edch program\u016f, z nich\u017e nejnov\u011bj\u0161\u00ed je Horizont Evropa, kter\u00fd prob\u00edh\u00e1 v letech 2021 a\u017e 2027 a m\u00e1 rozpo\u010det 800 miliard eur (937 miliard americk\u00fdch dolar\u016f).<\/span><\/p>\n<p><span dir=\"auto\">Zem\u011b mimo EU se mohou tak\u00e9 zapojit zaplacen\u00edm asocia\u010dn\u00edho poplatku, kter\u00fd jejich univerzit\u00e1m a firm\u00e1m umo\u017e\u0148uje p\u0159\u00edstup k financov\u00e1n\u00ed.<\/span><\/p>\n<p><span dir=\"auto\">Izrael pat\u0159\u00ed mezi p\u0159idru\u017een\u00e9 \u010dleny k nejv\u011bt\u0161\u00edm p\u0159\u00edjemc\u016fm, zejm\u00e9na v oblasti bezpe\u010dnostn\u00edho v\u00fdzkumu.<\/span><\/p>\n<p><span dir=\"auto\">EU zachovala p\u0159\u00edsn\u00e1 omezen\u00ed ohledn\u011b typu v\u00fdzkumu povolen\u00e9ho v r\u00e1mci programu a zak\u00e1zala tzv. \u201ev\u00fdzkum dvoj\u00edho u\u017eit\u00ed\u201c, kter\u00fd lze pou\u017e\u00edt pro vojensk\u00e9 \u00fa\u010dely, aby se zajistilo, \u017ee ve\u0159ejn\u011b financovan\u00e9 civiln\u00ed projekty nebudou zneu\u017eity k v\u00e1le\u010dn\u00fdm \u00fa\u010del\u016fm.<\/span><\/p>\n<p><span dir=\"auto\">Na rozd\u00edl od EU Izrael striktn\u011b neodd\u011bluje civiln\u00ed a vojensk\u00fd v\u00fdzkum, proto\u017ee jeho v\u00fdzkumn\u00fd ekosyst\u00e9m je struktur\u00e1ln\u011b \u00fazce propojen s obrann\u00fdm sektorem.<\/span><\/p>\n<p><span dir=\"auto\">Evropsk\u00fd expert na financov\u00e1n\u00ed v\u00fdzkumu a technologick\u00e9ho v\u00fdvoje na italsk\u00e9 univerzit\u011b, kter\u00fd si p\u0159\u00e1l z\u016fstat v anonymit\u011b, popsal vojensk\u00e9 dvoj\u00ed pou\u017eit\u00ed jako \u201ezlomysln\u00e9 uplatn\u011bn\u00ed dobr\u00fdch \u00famysl\u016f\u201c.<\/span><\/p>\n<h3 class=\"wp-block-heading\"><span dir=\"auto\">Obra\u0165te se k vojensk\u00e9mu vyu\u017eit\u00ed<\/span><\/h3>\n<p><span dir=\"auto\">Programy EU poskytly 2,58 milionu dolar\u016f na projekty zahrnuj\u00edc\u00ed Elbit Systems, dal\u0161\u00ed v\u00fdznamnou izraelskou obrannou spole\u010dnost.<\/span><\/p>\n<p><span dir=\"auto\">Spole\u010dnost Elbit nejen\u017ee dod\u00e1v\u00e1 izraelsk\u00e9 arm\u00e1d\u011b zbran\u011b a sledovac\u00ed za\u0159\u00edzen\u00ed, ale ned\u00e1vno tak\u00e9 podepsala kontrakt v hodnot\u011b 2,3 miliardy dolar\u016f se Spojen\u00fdmi arabsk\u00fdmi emir\u00e1ty, kter\u00e9 jsou obvi\u0148ov\u00e1ny z financov\u00e1n\u00ed Sil rychl\u00e9 podpory v S\u00fad\u00e1nu, obvi\u0148ovan\u00fdch z rozs\u00e1hl\u00fdch masakr\u016f, zn\u00e1siln\u011bn\u00ed a dal\u0161\u00edho poru\u0161ov\u00e1n\u00ed lidsk\u00fdch pr\u00e1v.<\/span><\/p>\n<p><span dir=\"auto\">Datab\u00e1ze EU d\u00e1le ukazuj\u00ed, \u017ee dva programy Horizon financovaly celkem t\u00e9m\u011b\u0159 2 500 projekt\u016f s izraelsk\u00fdmi partnery v celkov\u00e9m objemu p\u0159ibli\u017en\u011b 2,55 miliardy USD.<\/span><\/p>\n<p><span dir=\"auto\">V Izraeli lze i zd\u00e1nliv\u011b ne\u0161kodn\u00e9 projekty \u2013 jako jsou ty v oblasti anal\u00fdzy dat, farmaceutick\u00e9ho v\u00fdzkumu nebo environment\u00e1ln\u00edch technologi\u00ed \u2013 vyu\u017e\u00edt ve prosp\u011bch obrann\u00e9ho sektoru zem\u011b.<\/span><\/p>\n<p><span dir=\"auto\">V d\u016fsledku toho jak\u00fdkoli v\u00fdzkum financovan\u00fd EU s sebou nese riziko spolu\u00fa\u010dasti na poru\u0161ov\u00e1n\u00ed palestinsk\u00fdch lidsk\u00fdch pr\u00e1v.<\/span><\/p>\n<p><span dir=\"auto\">M\u00edsto vynucov\u00e1n\u00ed odd\u011blen\u00ed civiln\u00edho a vojensk\u00e9ho vyu\u017eit\u00ed v\u00fdzkumu EU signalizuje pohyb opa\u010dn\u00fdm sm\u011brem.<\/span><\/p>\n<p><span dir=\"auto\">V letech 2024 a 2025 blok fakticky zru\u0161il dlouhodob\u00e1 omezen\u00ed v\u00fdzkumu dvoj\u00edho u\u017eit\u00ed, kter\u00e1 byla zakotvena v r\u00e1mcov\u00fdch programech od jejich zaveden\u00ed.<\/span><\/p>\n<p><span dir=\"auto\">\u201eEvropsk\u00e1 komise nen\u00ed neutr\u00e1ln\u00edm spr\u00e1vn\u00edm org\u00e1nem,\u201c \u0159ekl italsk\u00fd v\u011bdec serveru Middle East Eye.<\/span><\/p>\n<p><span dir=\"auto\">\u201eJejich rozhodnut\u00ed jsou strategick\u00e1 a politick\u00e1 a nemus\u00ed nutn\u011b odr\u00e1\u017eet v\u016fli evropsk\u00fdch ob\u010dan\u016f.\u201c<\/span><\/p>\n<p><span dir=\"auto\">V roce 2024 n\u011bkolik p\u0159ezkum\u016f politik na vysok\u00e9 \u00farovni, v\u010detn\u011b\u00a0<\/span><a href=\"https:\/\/commission.europa.eu\/topics\/competitiveness\/draghi-report_en\" target=\"_blank\" rel=\"noreferrer noopener\" data-type=\"link\" data-id=\"https:\/\/commission.europa.eu\/topics\/competitiveness\/draghi-report_en\"><span dir=\"auto\">Draghiho zpr\u00e1vy<\/span><\/a><span dir=\"auto\">\u00a0a\u00a0<\/span><a href=\"https:\/\/op.europa.eu\/en\/publication-detail\/-\/publication\/2f9fc221-86bb-11ef-a67d-01aa75ed71a1\/language-en\" target=\"_blank\" rel=\"noreferrer noopener\" data-type=\"link\" data-id=\"https:\/\/op.europa.eu\/en\/publication-detail\/-\/publication\/2f9fc221-86bb-11ef-a67d-01aa75ed71a1\/language-en\"><span dir=\"auto\">zpr\u00e1vy Heitor Group,<\/span><\/a><span dir=\"auto\">\u00a0tvrdilo , \u017ee evropsk\u00e9 politiky v oblasti v\u00fdzkumu a inovac\u00ed mus\u00ed p\u0159\u00edmo\u010da\u0159eji slou\u017eit c\u00edl\u016fm obrany.<\/span><\/p>\n<p><span dir=\"auto\">Kr\u00e1tce po zve\u0159ejn\u011bn\u00ed programu Evropsk\u00e1 komise signalizovala, \u017ee v\u00fdhradn\u011b civiln\u00ed \u00e9tos programu Horizont Evropa ji\u017e nen\u00ed aktu\u00e1ln\u00ed.<\/span><\/p>\n<p><span dir=\"auto\">A\u017e v roce 2028 za\u010dne dal\u0161\u00ed r\u00e1mcov\u00fd program, bude zru\u0161en\u00ed z\u00e1kazu dvoj\u00edho u\u017eit\u00ed struktur\u00e1ln\u011b zakotveno.<\/span><\/p>\n<p><span dir=\"auto\">Podle pl\u00e1n\u016f Komise bude cel\u00fd pil\u00ed\u0159 programu v\u011bnov\u00e1n vojensk\u00e9mu v\u00fdzkumu.<\/span><\/p>\n<p><span dir=\"auto\">Z\u00e1rove\u0148 zb\u00fdvaj\u00edc\u00ed pil\u00ed\u0159e ji\u017e nebudou vylu\u010dovat projekty pouze proto, \u017ee jejich v\u00fdsledky by mohly b\u00fdt vyu\u017eity jak pro civiln\u00ed, tak pro vojensk\u00e9 \u00fa\u010dely.<\/span><\/p>\n<h3 class=\"wp-block-heading\"><span dir=\"auto\">Kritika od poslanc\u016f Evropsk\u00e9ho parlamentu<\/span><\/h3>\n<p><span dir=\"auto\">Obavy ohledn\u011b financov\u00e1n\u00ed v\u00fdzkumu z EU se objevily i v Evropsk\u00e9m parlamentu.<\/span><\/p>\n<p><span dir=\"auto\">Parlamentn\u00ed\u00a0<\/span><a href=\"https:\/\/www.europarl.europa.eu\/doceo\/document\/E-10-2024-001930_EN.html\" target=\"_blank\" rel=\"noreferrer noopener\" data-type=\"link\" data-id=\"https:\/\/www.europarl.europa.eu\/doceo\/document\/E-10-2024-001930_EN.html\"><span dir=\"auto\">vy\u0161et\u0159ov\u00e1n\u00ed<\/span><\/a><span dir=\"auto\">\u00a0skupiny poslanc\u016f Evropsk\u00e9ho parlamentu zd\u016fraznilo, \u017ee samotn\u00fd program Horizont Evropa financoval mezi 7. \u0159\u00edjnem 2023 a \u0159\u00edjnem 2024 130 projekt\u016f s izraelsk\u00fdmi partnery v celkov\u00e9 v\u00fd\u0161i p\u0159ibli\u017en\u011b 147 milion\u016f USD.<\/span><\/p>\n<p><span dir=\"auto\">Poslanci se ptali, zda Komise posoudila riziko, \u017ee by tyto projekty mohly b\u011bhem prob\u00edhaj\u00edc\u00ed v\u00e1lky v Gaze p\u0159isp\u011bt izraelsk\u00e9mu vojensk\u00e9mu pr\u016fmyslu.<\/span><\/p>\n<p><span dir=\"auto\">Komise nezve\u0159ejnila, kolik financovan\u00fdch projekt\u016f m\u011blo p\u0159\u00edm\u00e9 \u010di nep\u0159\u00edm\u00e9 vojensk\u00e9 d\u016fsledky. Ani neuvedla, \u017ee by v reakci na konflikt byly zp\u0159\u00edsn\u011bny postupy p\u0159ezkumu.<\/span><\/p>\n<p><span dir=\"auto\">Belgick\u00fd poslanec Evropsk\u00e9ho parlamentu Marc Botenga, kter\u00fd opakovan\u011b nal\u00e9hal na Komisi, aby zaujala tvrd\u0161\u00ed postoj k Palestin\u011b, uvedl, \u017ee Komise odm\u00edtla objasnit, zda byly Izraeli p\u0159ed\u00e1ny citliv\u00e9 informace.<\/span><\/p>\n<p><span dir=\"auto\">\u201eV podstat\u011b n\u00e1m \u0159ekli, \u017ee jim m\u00e1me v\u011b\u0159it,\u201c \u0159ekl Botenga. \u201eMo\u017en\u00e1 jsme jim informace p\u0159edali, nebo ne.\u201c<\/span><\/p>\n<p><span dir=\"auto\">\u201eMilitarizace programu Horizont Evropa \u2013 jak co do z\u00e1m\u011bru, tak i co do v\u00fdsledk\u016f,\u201c \u0159ekl Botenga, \u201evy\u017eaduje p\u0159ehodnocen\u00ed v evropsk\u00e9 v\u011bdeck\u00e9 a akademick\u00e9 sf\u00e9\u0159e.\u201c<\/span><\/p>\n<p><em><span dir=\"auto\">\u201eNa Gazu byla svr\u017eena t\u0159ikr\u00e1t v\u011bt\u0161\u00ed explozivn\u00ed s\u00edla ne\u017e bomba z Hiro\u0161imy.\u201c B\u00fdval\u00fd \u0161\u00e9f zahrani\u010dn\u00ed politiky EU Josep Borrell ost\u0159e kritizoval Izrael a obvinil jeho vl\u00e1du z genocidy v Gaze.<\/span><\/em><\/p>\n<div class=\"twitter-tweet twitter-tweet-rendered\"><iframe id=\"twitter-widget-0\" class=\"\" title=\"X Post\" src=\"https:\/\/platform.twitter.com\/embed\/Tweet.html?dnt=false&amp;embedId=twitter-widget-0&amp;features=eyJ0ZndfdGltZWxpbmVfbGlzdCI6eyJidWNrZXQiOltdLCJ2ZXJzaW9uIjpudWxsfSwidGZ3X2ZvbGxvd2VyX2NvdW50X3N1bnNldCI6eyJidWNrZXQiOnRydWUsInZlcnNpb24iOm51bGx9LCJ0ZndfdHdlZXRfZWRpdF9iYWNrZW5kIjp7ImJ1Y2tldCI6Im9uIiwidmVyc2lvbiI6bnVsbH0sInRmd19yZWZzcmNfc2Vzc2lvbiI6eyJidWNrZXQiOiJvbiIsInZlcnNpb24iOm51bGx9LCJ0ZndfZm9zbnJfc29mdF9pbnRlcnZlbnRpb25zX2VuYWJsZWQiOnsiYnVja2V0Ijoib24iLCJ2ZXJzaW9uIjpudWxsfSwidGZ3X21peGVkX21lZGlhXzE1ODk3Ijp7ImJ1Y2tldCI6InRyZWF0bWVudCIsInZlcnNpb24iOm51bGx9LCJ0ZndfZXhwZXJpbWVudHNfY29va2llX2V4cGlyYXRpb24iOnsiYnVja2V0IjoxMjA5NjAwLCJ2ZXJzaW9uIjpudWxsfSwidGZ3X3Nob3dfYmlyZHdhdGNoX3Bpdm90c19lbmFibGVkIjp7ImJ1Y2tldCI6Im9uIiwidmVyc2lvbiI6bnVsbH0sInRmd19kdXBsaWNhdGVfc2NyaWJlc190b19zZXR0aW5ncyI6eyJidWNrZXQiOiJvbiIsInZlcnNpb24iOm51bGx9LCJ0ZndfdXNlX3Byb2ZpbGVfaW1hZ2Vfc2hhcGVfZW5hYmxlZCI6eyJidWNrZXQiOiJvbiIsInZlcnNpb24iOm51bGx9LCJ0ZndfdmlkZW9faGxzX2R5bmFtaWNfbWFuaWZlc3RzXzE1MDgyIjp7ImJ1Y2tldCI6InRydWVfYml0cmF0ZSIsInZlcnNpb24iOm51bGx9LCJ0ZndfbGVnYWN5X3RpbWVsaW5lX3N1bnNldCI6eyJidWNrZXQiOnRydWUsInZlcnNpb24iOm51bGx9LCJ0ZndfdHdlZXRfZWRpdF9mcm9udGVuZCI6eyJidWNrZXQiOiJvbiIsInZlcnNpb24iOm51bGx9fQ%3D%3D&amp;frame=false&amp;hideCard=false&amp;hideThread=false&amp;id=1922316063057858958&amp;lang=cs&amp;origin=https%3A%2F%2Funcutnews.ch%2Feu-finanziert-israelische-waffenhersteller-ueber-zivile-forschungsprogramme%2F&amp;sessionId=d7d83c783990a10bed03458b587ee60d03880cd8&amp;theme=light&amp;widgetsVersion=2615f7e52b7e0%3A1702314776716&amp;width=550px\" frameborder=\"0\" scrolling=\"no\" allowfullscreen=\"allowfullscreen\" data-tweet-id=\"1922316063057858958\" data-mce-fragment=\"1\"><\/iframe><\/div>\n<p><span dir=\"auto\">Podle\u00a0<\/span><a href=\"https:\/\/www.investigate-europe.eu\/posts\/european-defence-fund-millions-benefiting-israeli-state-owned-drone-manufacturer\" target=\"_blank\" rel=\"noreferrer noopener\" data-type=\"link\" data-id=\"https:\/\/www.investigate-europe.eu\/posts\/european-defence-fund-millions-benefiting-israeli-state-owned-drone-manufacturer\"><span dir=\"auto\">zpr\u00e1vy<\/span><\/a><span dir=\"auto\">\u00a0organizace Investigate Europe poskytl Evropsk\u00fd obrann\u00fd fond (EDF) \u2013 program form\u00e1ln\u011b odd\u011blen\u00fd od programu Horizon Europe, ale financovan\u00fd ze stejn\u00e9ho celkov\u00e9ho rozpo\u010dtu EU \u2013 nejm\u00e9n\u011b 16,4 milionu dolar\u016f spole\u010dnosti IntraCom Defense, \u0159eck\u00e9 vojensk\u00e9 v\u00fdzkumn\u00e9 spole\u010dnosti, kterou z 95 procent vlastn\u00ed Israel Aerospace Industries.<\/span><\/p>\n<p><span dir=\"auto\">Podle pravidel EDF nesm\u00ed b\u00fdt vojensk\u00fd v\u00fdzkum a citliv\u00e9 informace p\u0159ed\u00e1ny t\u0159et\u00edm zem\u00edm, pokud to nen\u00ed v\u00fdslovn\u011b povoleno a nepodl\u00e9h\u00e1 to p\u0159\u00edsn\u00fdm ochrann\u00fdm opat\u0159en\u00edm.<\/span><\/p>\n<p><span dir=\"auto\">Jeliko\u017e v\u0161ak IntraCom v\u011bt\u0161inovou spole\u010dnost\u00ed je IAI, ve\u0161ker\u00fd vojensk\u00fd v\u00fdzkum, kter\u00fd IntraCom vytvo\u0159\u00ed, by nakonec byl p\u0159\u00edstupn\u00fd Izraeli.<\/span><\/p>\n<h3 class=\"wp-block-heading\"><span dir=\"auto\">Izrael t\u011b\u017e\u00ed ze zm\u011bn pravidel<\/span><\/h3>\n<p><span dir=\"auto\">Zat\u00edmco Komise normalizuje v\u00fdzkum dvoj\u00edho u\u017eit\u00ed, akademici, kte\u0159\u00ed se domn\u00edvaj\u00ed, \u017ee pracuj\u00ed na civiln\u00edch projektech, by mohli ztratit kontrolu nad t\u00edm, jak je jejich pr\u00e1ce nakonec pou\u017eita.<\/span><\/p>\n<p><span dir=\"auto\">\u201e\u0160kody zp\u016fsoben\u00e9 technologiemi dvoj\u00edho u\u017eit\u00ed jsou \u010dasto podce\u0148ov\u00e1ny,\u201c \u0159ekl expert. \u201eNejde jen o zjevn\u00e9 vojensk\u00e9 technologie, jako jsou drony nebo rozpozn\u00e1v\u00e1n\u00ed obli\u010dej\u016f.\u201c<\/span><\/p>\n<p><span dir=\"auto\">I v\u00fdzkum, kter\u00fd se zd\u00e1 b\u00fdt ne\u0161kodn\u00fd \u2013 jako jsou geoloka\u010dn\u00ed n\u00e1stroje, zem\u011bd\u011blsk\u00e9 inovace, syst\u00e9my zelen\u00e9 energie nebo archeologick\u00e9 metody \u2013 m\u016f\u017ee b\u00fdt zneu\u017eit v kontextu okupace a \u00fazemn\u00ed kontroly, jak to Izrael ji\u017e ud\u011blal v Palestin\u011b.<\/span><\/p>\n<p><span dir=\"auto\">Botenga i expert vysv\u011btlili, \u017ee Izrael by ze zm\u011bny politiky EU ne\u00fam\u011brn\u011b t\u011b\u017eil, jeliko\u017e se jedn\u00e1 o zemi, jej\u00ed\u017e v\u00fdzkumn\u00fd a inova\u010dn\u00ed ekosyst\u00e9m je ji\u017e zam\u011b\u0159en na vojensk\u00fd v\u00fdzkum.<\/span><\/p>\n<p><span dir=\"auto\">\u201e\u010c\u00edm v\u00edce se st\u00edr\u00e1 rozd\u00edl mezi civiln\u00edm a vojensk\u00fdm v\u00fdzkumem,\u201c \u0159ekl expert, \u201et\u00edm l\u00e9pe lze v\u00fdsledky vyu\u017e\u00edt ve vojensk\u00e9m kontextu. Zejm\u00e9na pro zemi, jako je Izrael, jej\u00ed\u017e ekonomika je siln\u011b z\u00e1visl\u00e1 na zbrojn\u00edm pr\u016fmyslu.\u201c<\/span><\/p>\n<p><span dir=\"auto\">\u201eOsobn\u011b to pova\u017euji za velmi znepokojiv\u00e9,\u201c dodal expert. \u201eUp\u0159\u00edmn\u011b \u0159e\u010deno, je to d\u011bsiv\u00e9. Ob\u00e1v\u00e1m se, \u017ee toto je sou\u010dasn\u00fd i budouc\u00ed sm\u011br Evropsk\u00e9 unie.\u201c<\/span><\/p>\n<p><span dir=\"auto\">B\u011bhem posledn\u00edch dvou let se n\u011bkte\u0159\u00ed poslanci Evropsk\u00e9ho parlamentu sna\u017eili zastavit militaristick\u00fd kurz Komise a s n\u00edm spojen\u00e9 sbli\u017eov\u00e1n\u00ed s Izraelem, ale s omezen\u00fdm \u00fasp\u011bchem.<\/span><\/p>\n<p><span dir=\"auto\">Od \u0159\u00edjna 2024 skupina poslanc\u016f Evropsk\u00e9ho parlamentu p\u0159edlo\u017eila form\u00e1ln\u00ed parlamentn\u00ed ot\u00e1zku, zda je pro EU pr\u00e1vn\u011b p\u0159\u00edpustn\u00e9 pokra\u010dovat ve financov\u00e1n\u00ed st\u00e1tu obvin\u011bn\u00e9ho z genocidy.<\/span><\/p>\n<p><span dir=\"auto\">\u017d\u00e1dost se v\u00fdslovn\u011b zmi\u0148ovala o izraelsk\u00fdch akc\u00edch v Gaze a z\u00e1vazc\u00edch EU vypl\u00fdvaj\u00edc\u00edch z jej\u00edch vlastn\u00edch pr\u00e1vn\u00edch a etick\u00fdch r\u00e1mc\u016f.<\/span><\/p>\n<p><span dir=\"auto\">Reakce Komise\u00a0<\/span><a href=\"https:\/\/www.investigate-europe.eu\/posts\/european-defence-fund-millions-benefiting-israeli-state-owned-drone-manufacturer\" target=\"_blank\" rel=\"noreferrer noopener\" data-type=\"link\" data-id=\"https:\/\/www.investigate-europe.eu\/posts\/european-defence-fund-millions-benefiting-israeli-state-owned-drone-manufacturer\"><span dir=\"auto\">v \u00fanoru 2025<\/span><\/a><span dir=\"auto\">\u00a0se j\u00e1dru obvin\u011bn\u00ed vyhnula.<\/span><\/p>\n<p><span dir=\"auto\">Vysv\u011btlila, \u017ee EU dodr\u017euje sv\u00e1 pravidla, jeliko\u017e projekty Horizont nezahrnuj\u00ed v\u00fdzkum dvoj\u00edho u\u017eit\u00ed, a argumentovala, \u017ee pozastaven\u00ed financov\u00e1n\u00ed pro celou zemi by se rovnalo diskriminaci.<\/span><\/p>\n<p><span dir=\"auto\">Tato reakce byla v p\u0159\u00edkr\u00e9m kontrastu s p\u0159\u00edstupem EU k Rusku, jeho\u017e \u00fa\u010dast ve v\u00fdzkumn\u00fdch programech EU byla zmrazena b\u011bhem n\u011bkolika t\u00fddn\u016f po invazi na Ukrajinu.<\/span><\/p>\n<p><span dir=\"auto\">Botenga na tento rozpor upozornil v pozd\u011bj\u0161\u00edm \u0161et\u0159en\u00ed t\u00e9ho\u017e roku; Komise neposkytla podrobn\u00e9 vysv\u011btlen\u00ed.<\/span><\/p>\n<p><span dir=\"auto\">M\u00edsto toho ti\u0161e zm\u011bnila sv\u016fj postoj. Poprv\u00e9 p\u0159iznala, \u017ee pouh\u00fd potenci\u00e1l pro dvoj\u00ed pou\u017eit\u00ed ji\u017e nen\u00ed pova\u017eov\u00e1n za poru\u0161en\u00ed pravidel EU pro v\u00fdzkum, ale \u017ee d\u016fvodem k obav\u00e1m je pouze samotn\u00e9 vojensk\u00e9 vyu\u017eit\u00ed v\u00fdzkumu.<\/span><\/p>\n<p><span dir=\"auto\">\u201eZnamenalo to fakticky zm\u011bnu pravidel, aby se vyhov\u011blo Izraeli?\u201c zeptal se Botenga r\u00e9toricky v rozhovoru.<\/span><\/p>\n<h3 class=\"wp-block-heading\"><span dir=\"auto\">Budouc\u00ed v\u00fdzvy<\/span><\/h3>\n<p><span dir=\"auto\">Komise ob\u010das signalizovala kriti\u010dt\u011bj\u0161\u00ed postoj. V \u010dervenci 2025 nastolila mo\u017enost do\u010dasn\u00e9ho pozastaven\u00ed \u00fa\u010dasti Izraele v konkr\u00e9tn\u00ed slo\u017ece programu Horizont Evropa: akceler\u00e1toru Evropsk\u00e9 rady pro inovace (EIC), kter\u00fd financuje startupy a spole\u010dnosti zab\u00fdvaj\u00edc\u00ed se kybernetickou bezpe\u010dnost\u00ed.<\/span><\/p>\n<p><span dir=\"auto\">N\u00e1vrh se t\u00fdkal \u00fadajn\u00e9ho poru\u0161ov\u00e1n\u00ed dohod s EU ze strany Izraele t\u00fdkaj\u00edc\u00edch se poru\u0161ov\u00e1n\u00ed lidsk\u00fdch pr\u00e1v.<\/span><\/p>\n<p><span dir=\"auto\">N\u00e1vrh v\u0161ak m\u011bl omezen\u00fd rozsah a kr\u00e1tkodob\u00e9 trv\u00e1n\u00ed.<\/span><\/p>\n<p><span dir=\"auto\">Po k\u0159ehk\u00e9m p\u0159\u00edm\u011b\u0159\u00ed v Gaze, ozn\u00e1men\u00e9m o n\u011bkolik m\u011bs\u00edc\u016f pozd\u011bji, komise upustila od v\u0161ech ve\u0159ejn\u00fdch zm\u00ednek o navrhovan\u00e9m pozastaven\u00ed.<\/span><\/p>\n<p><span dir=\"auto\">I kdyby k jeho zaveden\u00ed do\u0161lo, experti tvrd\u00ed, \u017ee \u00fa\u010dinek by byl nepatrn\u00fd.<\/span><\/p>\n<p><span dir=\"auto\">\u201eSkute\u010dn\u00fdm p\u0159\u00ednosem, kter\u00fd Izrael z programu Horizont z\u00edsk\u00e1v\u00e1, nejsou jen pen\u00edze,\u201c \u0159ekl italsk\u00fd expert na financov\u00e1n\u00ed v\u00fdzkumu. \u201eJe to systematick\u00e1 integrace do evropsk\u00fdch v\u00fdzkumn\u00fdch s\u00edt\u00ed a neomezen\u00fd p\u0159\u00edstup k znalostem.\u201c<\/span><\/p>\n<p><span dir=\"auto\">B\u011bhem posledn\u00edch t\u0159\u00ed desetilet\u00ed umo\u017enilo zapojen\u00ed Izraele do r\u00e1mcov\u00fdch program\u016f EU hlubok\u00e9 institucion\u00e1ln\u00ed vazby s evropsk\u00fdmi univerzitami.<\/span><\/p>\n<p><span dir=\"auto\">Izrael\u0161t\u00ed studenti, v\u00fdzkumn\u00edci a profeso\u0159i \u2013 z nich\u017e mnoz\u00ed se pohybuj\u00ed mezi akademickou sf\u00e9rou a arm\u00e1dou \u2013 se tak integrovali do evropsk\u00fdch v\u011bdeck\u00fdch a intelektu\u00e1ln\u00edch komunit.<\/span><\/p>\n<p><span dir=\"auto\">Evropsk\u00e9 univerzity teoreticky maj\u00ed mo\u017enost tyto vztahy ukon\u010dit, ale v praxi je odstoupen\u00ed obt\u00ed\u017en\u00e9.<\/span><\/p>\n<p><span dir=\"auto\">Financov\u00e1n\u00ed v r\u00e1mci programu Horizont zavazuje z\u00fa\u010dastn\u011bn\u00e9 instituce k sob\u011b navz\u00e1jem po celou dobu trv\u00e1n\u00ed projektu a br\u00e1n\u00ed v\u00fdzkumn\u00edk\u016fm v jednostrann\u00e9m odstoupen\u00ed po schv\u00e1len\u00ed financov\u00e1n\u00ed.<\/span><\/p>\n<p><span dir=\"auto\">V d\u016fsledku toho pokra\u010duj\u00ed projekty spolupr\u00e1ce s izraelsk\u00fdmi institucemi \u2013 a to i na univerzit\u00e1ch, kter\u00e9 ve\u0159ejn\u011b odsoudily izraelsk\u00e9 \u010diny nebo form\u00e1ln\u011b ukon\u010dily v\u00fdm\u011bnn\u00e9 programy s izraelsk\u00fdmi univerzitami.<\/span><\/p>\n<p><span dir=\"auto\">Botenga v\u0161ak tvrd\u00ed, \u017ee politick\u00fd kurz nen\u00ed nezvratn\u00fd.<\/span><\/p>\n<p><span dir=\"auto\">Dal\u0161\u00ed r\u00e1mcov\u00fd program vstoup\u00ed v platnost a\u017e v roce 2028, co\u017e ponech\u00e1v\u00e1 prostor pro politickou intervenci, by\u0165 jen omezenou.<\/span><\/p>\n<p><span dir=\"auto\">Paradoxn\u011b by podle Botengy posun EU sm\u011brem k v\u00fdzkumu zam\u011b\u0159en\u00e9mu na obranu mohl dokonce ospravedlnit p\u0159\u00edsn\u011bj\u0161\u00ed po\u017eadavky na \u00fa\u010dast a zt\u00ed\u017eit zapojen\u00ed Izraele do programu.<\/span><\/p>\n<p><span dir=\"auto\">\u201ePokud se EU rozhodne pro v\u011bt\u0161\u00ed militarizaci,\u201c argumentoval Botenga, \u201em\u011bla by z t\u00e9to privilegovan\u00e9 s\u00edt\u011b vylou\u010dit st\u00e1t jako Izrael \u2013 vzhledem k jeho historii poru\u0161ov\u00e1n\u00ed lidsk\u00fdch pr\u00e1v, v\u00e1le\u010dn\u00fdch zlo\u010din\u016f a zlo\u010din\u016f proti lidskosti.\u201c<\/span><\/p>\n<p><span dir=\"auto\">Jako dal\u0161\u00ed d\u016fvody pro vylou\u010den\u00ed uvedl prob\u00edhaj\u00edc\u00ed \u0159\u00edzen\u00ed p\u0159ed Mezin\u00e1rodn\u00edm trestn\u00edm soudem a Mezin\u00e1rodn\u00edm soudn\u00edm dvorem.<\/span><\/p>\n<p><span dir=\"auto\">Botenga dodal, \u017ee odpov\u011bdnost nele\u017e\u00ed pouze na vl\u00e1d\u00e1ch.<\/span><\/p>\n<p><span dir=\"auto\">Univerzity a v\u00fdzkumn\u00e9 instituce by m\u011bly b\u00fdt pod tlakem ve\u0159ejnosti, aby kriticky zv\u00e1\u017eily vyu\u017eit\u00ed sv\u00e9 pr\u00e1ce.<\/span><\/p>\n<p><span dir=\"auto\">\u201eTohle by byl vhodn\u00fd \u010das vylou\u010dit Izrael z programu. Rozhodn\u011b.\u201c<\/span><\/p>\n<\/div>\n<\/div>\n<div class=\"elementor-element elementor-element-8c57238 quelle dc-has-condition dc-condition-empty elementor-widget elementor-widget-heading\" data-id=\"8c57238\" data-element_type=\"widget\" data-widget_type=\"heading.default\">\n<div class=\"elementor-widget-container\">\n<h3 class=\"elementor-heading-title elementor-size-default\"><span style=\"font-size: 10pt;\"><a href=\"https:\/\/www.middleeasteye.net\/news\/israels-arms-manufacturers-benefit-eu-funding-cutting-edge-civilian-research\" target=\"_blank\" rel=\"nofollow noopener\"><span dir=\"auto\">Zdroj<\/span><\/a><\/span><\/h3>\n<\/div>\n<\/div>\n","protected":false},"excerpt":{"rendered":"<p>Izrael\u0161t\u00ed v\u00fdrobci zbran\u00ed t\u011b\u017e\u00ed z financov\u00e1n\u00ed EU na \u0161pi\u010dkov\u00fd civiln\u00ed v\u00fdzkum. Ve\u0159ejn\u011b dostupn\u00e9 \u00fadaje ukazuj\u00ed,&#8230;<\/p>\n","protected":false},"author":2,"featured_media":96423,"comment_status":"closed","ping_status":"closed","sticky":false,"template":"","format":"standard","meta":[],"categories":[7],"tags":[41,45,107,1867,73],"_links":{"self":[{"href":"https:\/\/www.infokuryr.cz\/n\/wp-json\/wp\/v2\/posts\/96422"}],"collection":[{"href":"https:\/\/www.infokuryr.cz\/n\/wp-json\/wp\/v2\/posts"}],"about":[{"href":"https:\/\/www.infokuryr.cz\/n\/wp-json\/wp\/v2\/types\/post"}],"author":[{"embeddable":true,"href":"https:\/\/www.infokuryr.cz\/n\/wp-json\/wp\/v2\/users\/2"}],"replies":[{"embeddable":true,"href":"https:\/\/www.infokuryr.cz\/n\/wp-json\/wp\/v2\/comments?post=96422"}],"version-history":[{"count":0,"href":"https:\/\/www.infokuryr.cz\/n\/wp-json\/wp\/v2\/posts\/96422\/revisions"}],"wp:featuredmedia":[{"embeddable":true,"href":"https:\/\/www.infokuryr.cz\/n\/wp-json\/wp\/v2\/media\/96423"}],"wp:attachment":[{"href":"https:\/\/www.infokuryr.cz\/n\/wp-json\/wp\/v2\/media?parent=96422"}],"wp:term":[{"taxonomy":"category","embeddable":true,"href":"https:\/\/www.infokuryr.cz\/n\/wp-json\/wp\/v2\/categories?post=96422"},{"taxonomy":"post_tag","embeddable":true,"href":"https:\/\/www.infokuryr.cz\/n\/wp-json\/wp\/v2\/tags?post=96422"}],"curies":[{"name":"wp","href":"https:\/\/api.w.org\/{rel}","templated":true}]}}