{"id":96415,"date":"2026-01-09T00:20:18","date_gmt":"2026-01-08T23:20:18","guid":{"rendered":"https:\/\/www.infokuryr.cz\/n\/?p=96415"},"modified":"2026-01-08T10:09:00","modified_gmt":"2026-01-08T09:09:00","slug":"studie-zahrnujici-27-milionu-deti-ve-spanelsku-zjistila-ze-zadne-dite-na-covid-nezemrelo","status":"publish","type":"post","link":"https:\/\/www.infokuryr.cz\/n\/2026\/01\/09\/studie-zahrnujici-27-milionu-deti-ve-spanelsku-zjistila-ze-zadne-dite-na-covid-nezemrelo\/","title":{"rendered":"Studie zahrnuj\u00edc\u00ed 2,7 milionu d\u011bt\u00ed ve \u0160pan\u011blsku zjistila, \u017ee \u017e\u00e1dn\u00e9 d\u00edt\u011b na covid nezem\u0159elo"},"content":{"rendered":"<div id=\"fb-root\"><\/div>\n<div class=\"elementor-element elementor-element-1fb4c2c elementor-widget elementor-widget-theme-post-content\" data-id=\"1fb4c2c\" data-element_type=\"widget\" data-widget_type=\"theme-post-content.default\">\n<div class=\"elementor-widget-container\">\n<p><strong><span dir=\"auto\">Studie zve\u0159ejn\u011bn\u00e1 v polovin\u011b prosince hodnotila pom\u011br p\u0159\u00ednos\u016f a rizik mRNA \u201evakc\u00edn\u201c u d\u011bt\u00ed ve v\u011bku 6 a\u017e 17 let. Do\u0161la k z\u00e1v\u011bru, \u017ee rizika a p\u0159\u00ednosy pro d\u011bti jsou mal\u00e9. Zjistila v\u0161ak tak\u00e9, \u017ee v t\u00e9to v\u011bkov\u00e9 skupin\u011b \u201e\u00a0<\/span><\/strong><a href=\"https:\/\/journals.lww.com\/pidj\/fulltext\/9900\/effectiveness_and_safety_of_covid_19_mrna_vaccines.1563.aspx#:~:text=No%20deaths%20attributable%20to%20COVID%2D19%20occurred\" target=\"_blank\" rel=\"noreferrer noopener\"><strong><span dir=\"auto\">nedo\u0161lo k \u017e\u00e1dn\u00fdm \u00famrt\u00edm souvisej\u00edc\u00edm s Covid-19<\/span><\/strong><\/a><strong><span dir=\"auto\">\u00a0\u201c.<\/span><\/strong><\/p>\n<h3 class=\"wp-block-heading has-medium-font-size\"><strong><span dir=\"auto\">2,7 milionu \u0161pan\u011blsk\u00fdch d\u011bt\u00ed a teenager\u016f. \u017d\u00e1dn\u00e1 \u00famrt\u00ed na covid.<\/span><\/strong><\/h3>\n<p><em><span dir=\"auto\">N\u00e1sleduj\u00ed v\u00fd\u0148atky z \u010dl\u00e1nku publikovan\u00e9ho Alexem Berensonem 3. ledna 2026.<\/span><\/em><\/p>\n<p><span dir=\"auto\">Kategorick\u00e1 prohl\u00e1\u0161en\u00ed jako \u201eCovid d\u011bti nezab\u00edj\u00ed\u201c jsou hloup\u00e1.<\/span><\/p>\n<p><span dir=\"auto\">Pokud se pod\u00edv\u00e1te pozorn\u011b, v\u017edycky najdete v\u00fdjimku, t\u0159eba d\u00edt\u011b s rakovinou v kone\u010dn\u00e9m st\u00e1diu, kter\u00e9 zem\u0159elo na covid.<\/span><\/p>\n<p><span dir=\"auto\">\u0160pan\u011blsk\u00e1 studie, recenzovan\u00e1 a\u00a0publikovan\u00e1 v\u00a0<\/span><em><span dir=\"auto\">\u010dasopise The Paediatric Infectious Disease Journal , v\u0161ak op\u011bt dokazuje, \u017ee riziko onemocn\u011bn\u00ed covidem je p\u0159\u00edli\u0161 mal\u00e9 na to, aby se dalo zm\u011b\u0159it \u2013 a to nejen pro zdrav\u00e9 d\u011bti, ale pro\u00a0<\/span><\/em><strong><span dir=\"auto\">v\u0161echny<\/span><\/strong><span dir=\"auto\">\u00a0d\u011bti. Je to dosud nejsiln\u011bj\u0161\u00ed d\u016fkaz toho, \u017ee \u010dasto opakovan\u00e9 tvrzen\u00ed, \u017ee covid zabil 2 100 americk\u00fdch d\u011bt\u00ed, je fikce.&lt;sup&gt;\u00a0<\/span><sup><span dir=\"auto\">1&lt;\/sup&gt;<\/span><\/sup><\/p>\n<p><span dir=\"auto\">V\u011bdci zkoumali l\u00e9ka\u0159sk\u00e9 z\u00e1znamy 2,7 \u200b\u200bmilionu \u0161pan\u011blsk\u00fdch d\u011bt\u00ed a dosp\u00edvaj\u00edc\u00edch od poloviny roku 2021 do konce roku 2022, co\u017e je obdob\u00ed, b\u011bhem kter\u00e9ho varianta Omicron nakazila t\u00e9m\u011b\u0159 v\u0161echny na sv\u011bt\u011b virem Covid-19. Velk\u00e1 v\u011bt\u0161ina t\u011bchto d\u011bt\u00ed a dosp\u00edvaj\u00edc\u00edch, p\u0159ibli\u017en\u011b 2,2 milionu, nebyla o\u010dkov\u00e1na.<\/span><\/p>\n<p><span dir=\"auto\">P\u0159esto nikdo z t\u011bchto 2,7 milionu nezem\u0159el na covid. Ani jeden. Nula. (Na\u0161t\u011bst\u00ed jsme zav\u0159eli \u0161koly!)<\/span><\/p>\n<figure class=\"wp-block-image aligncenter size-large\"><img decoding=\"async\" loading=\"lazy\" class=\"aligncenter\" src=\"https:\/\/expose-news.com\/wp-content\/uploads\/2026\/01\/image-4.png\" alt=\"\" width=\"794\" height=\"148\" \/><figcaption class=\"wp-element-caption\"><span dir=\"auto\">Hern\u00e1n Miguel A, MD \u00c1lvaro Meca Alejandro, PhD Calvo Alc\u00e1ntara Mar\u00eda J, PharmD Navarro G\u00f3mez Maria Luisa, MD Ramos Jos\u00e9 T, MD Est\u00e9vez Jos\u00e9 C, MD Basanta Miguel, MSc Ruiz Sergio, MS Mat\u00e1ix \u00c1ngel L, MD Cosano Lourdes, P. Pilar Silvas, MD Salura, AMD Molero Jos\u00e9 M, MD Berenguer Juan, MD\u00a0<\/span><a href=\"https:\/\/journals.lww.com\/pidj\/fulltext\/9900\/effectiveness_and_safety_of_covid_19_mrna_vaccines.1563.aspx\" target=\"_blank\" rel=\"noreferrer noopener\"><span dir=\"auto\">\u00da\u010dinnost a bezpe\u010dnost mRNA vakc\u00edn COVID-19 u d\u011bt\u00ed ve v\u011bku 6 a\u017e 17 let Popula\u010dn\u00ed studie v Madridu<\/span><\/a><span dir=\"auto\">\u00a0The Pediatric Infectious Disease Journal 101097INF0000000000005109 16. prosince 2025 | DOI 101097INF0000000000005109<\/span><\/figcaption><\/figure>\n<p><span dir=\"auto\">K tomuto \u010dl\u00e1nku nen\u00ed moc co dodat, krom\u011b toho, \u017ee auto\u0159i nena\u0161li \u017e\u00e1dn\u00fd rozd\u00edl v m\u00ed\u0159e hospitalizace kv\u016fli Covidu mezi o\u010dkovan\u00fdmi a neo\u010dkovan\u00fdmi d\u011btmi mlad\u0161\u00edmi 12 let.<\/span><\/p>\n<p><span dir=\"auto\">U mlad\u00fdch lid\u00ed ve v\u011bku 12 a\u017e 17 let vypo\u010d\u00edtali, \u017ee k zamezen\u00ed jedn\u00e9 hospitalizace s onemocn\u011bn\u00edm covid-19 by bylo zapot\u0159eb\u00ed p\u0159ibli\u017en\u011b 38 000 o\u010dkov\u00e1n\u00ed mRNA \u2013 co\u017e je absurdn\u011b vysok\u00e9 \u010d\u00edslo vzhledem ke zn\u00e1m\u00fdm kr\u00e1tkodob\u00fdm vedlej\u0161\u00edm \u00fa\u010dink\u016fm o\u010dkov\u00e1n\u00ed a potenci\u00e1ln\u00edm dlouhodob\u00fdm rizik\u016fm spojen\u00fdm s vystaven\u00edm mlad\u00fdch lid\u00ed mRNA.<\/span><\/p>\n<p><span dir=\"auto\">V tomto okam\u017eiku by m\u011bl b\u00fdt ka\u017ed\u00fd l\u00e9ka\u0159, kter\u00fd doporu\u010duje o\u010dkov\u00e1n\u00ed proti covidu pro d\u011bti (jak to hrstka l\u00e9ka\u0159\u016f, zejm\u00e9na v modr\u00fdch st\u00e1tech [USA], st\u00e1le d\u011bl\u00e1), \u017ealov\u00e1n za l\u00e9ka\u0159skou nedbalost.<\/span><\/p>\n<p><span dir=\"auto\">T\u00e9m\u011b\u0159 1,5 miliardy lid\u00ed na cel\u00e9m sv\u011bt\u011b dostalo vakc\u00ednu mRNA proti COVID-19, v\u010detn\u011b potenci\u00e1ln\u011b 100 milion\u016f d\u011bt\u00ed a dosp\u00edvaj\u00edc\u00edch ve Spojen\u00fdch st\u00e1tech, Kanad\u011b, Japonsku, Evrop\u011b a dal\u0161\u00edch zem\u00edch. Americk\u00e9 zdravotnick\u00e9 org\u00e1ny a mainstreamov\u00e1 m\u00e9dia i nad\u00e1le prosazuj\u00ed vakc\u00ednu mRNA pro d\u011bti a stav\u00ed se proti i m\u00edrn\u00e9mu \u00fasil\u00ed o zp\u0159\u00edsn\u011bn\u00ed omezen\u00ed o\u010dkov\u00e1n\u00ed mRNA proti COVID-19.<\/span><\/p>\n<p><span dir=\"auto\">V\u0161imn\u011bte si prudk\u00fdch reakc\u00ed, kter\u00fdm \u010delil Dr. Vinay Prasad, hlavn\u00ed l\u00e9ka\u0159 \u00da\u0159adu pro kontrolu potravin a l\u00e9\u010div (FDA), koncem listopadu pot\u00e9, co\u00a0<\/span><a href=\"https:\/\/alexberenson.substack.com\/p\/breakingurgent-mrna-covid-vaccines\" target=\"_blank\" rel=\"noreferrer noopener\"><span dir=\"auto\">ozn\u00e1mil, \u017ee inspekto\u0159i FDA zjistili, \u017ee vakc\u00edny proti covidu zab\u00edjej\u00ed d\u011bti<\/span><\/a><span dir=\"auto\">\u00a0.<\/span><\/p>\n<p><span dir=\"auto\">I kdy\u017e p\u00ed\u0161u o imigraci, podvodech ve zdravotnictv\u00ed a dal\u0161\u00edch t\u00e9matech, kter\u00e1 jsou pro v\u00e1s d\u016fle\u017eit\u00e1, pova\u017euji za svou povinnost i nad\u00e1le informovat o faktech t\u00fdkaj\u00edc\u00edch se mRNA. Povinnost nen\u00ed p\u0159\u00edli\u0161 siln\u00e9 slovo. V \u010dervnu 2023 jsem informoval o studii\u00a0<\/span><a href=\"https:\/\/alexberenson.substack.com\/p\/breaking-myocarditis-from-mrna-covid\" target=\"_blank\" rel=\"noreferrer noopener\"><span dir=\"auto\">jihokorejsk\u00fdch v\u011bdc\u016f<\/span><\/a><span dir=\"auto\">\u00a0o \u00famrt\u00edch souvisej\u00edc\u00edch se srdcem u mlad\u00fdch dosp\u011bl\u00fdch, kte\u0159\u00ed dostali vakc\u00edny s mRNA.<\/span><\/p>\n<p><span dir=\"auto\">Bez p\u0159eh\u00e1n\u011bn\u00ed lze \u0159\u00edci, \u017ee nikdo jin\u00fd \u2013 \u017e\u00e1dn\u00fd jin\u00fd novin\u00e1\u0159 ani v\u011bdec, kter\u00fd se zab\u00fdval covidem nebo o\u010dkov\u00e1n\u00edm \u2013 t\u00e9to studii v t\u00e9 dob\u011b nev\u011bnoval pozornost. Ale nyn\u00ed, po Prasadov\u011b v\u00fdbu\u0161n\u00e9m memorandu, jsem se k n\u00ed vr\u00e1til. Dokonce i\u00a0<\/span><a href=\"https:\/\/archive.ph\/Fz7Fs\" target=\"_blank\" rel=\"noreferrer noopener\"><span dir=\"auto\">fanatici mRNA z The Atlantic<\/span><\/a><span dir=\"auto\">\u00a0to museli uznat.<\/span><\/p>\n<p><span dir=\"auto\">Nen\u00ed mo\u017en\u00e9 v\u011bd\u011bt, zda tyto \u010dl\u00e1nky budou relevantn\u00ed dnes, z\u00edtra nebo za p\u00e1r let. Ale dokud budou spole\u010dnosti vyr\u00e1b\u011bj\u00edc\u00ed mRNA a jejich kump\u00e1ni ze zdravotnictv\u00ed nad\u00e1le prosazovat tuto problematickou technologii, budu se i nad\u00e1le sna\u017eit sestavit co nejkomplexn\u011bj\u0161\u00ed dokumentaci.<\/span><\/p>\n<h3 class=\"wp-block-heading has-medium-font-size\"><strong><span dir=\"auto\">Pozn\u00e1mka:<\/span><\/strong><\/h3>\n<p><span dir=\"auto\">\u010c\u00edslo 2 100 \u00famrt\u00ed, kter\u00e9 \u010dasto uv\u00e1d\u00ed Americk\u00e1 akademie pediatrie, z\u0159ejm\u011b poch\u00e1z\u00ed ze studie N\u00e1rodn\u00ed akademie medic\u00edny z roku 2023, kter\u00e1 se zase op\u00edr\u00e1 o data z Centra pro kontrolu a prevenci nemoc\u00ed (CDC). \u010c\u00edsla CDC v\u0161ak nerozli\u0161uj\u00ed mezi \u00famrt\u00edmi \u201es\u201c a \u201ez\u201c COVID-19, co\u017e je z\u00e1sadn\u00ed rozli\u0161en\u00ed pro skupiny s n\u00edzk\u00fdm z\u00e1kladn\u00edm rizikem vzniku onemocn\u011bn\u00ed. Nav\u00edc skute\u010dnost, \u017ee toto \u010d\u00edslo nebylo aktualizov\u00e1no t\u00e9m\u011b\u0159 t\u0159i roky, nazna\u010duje, \u017ee ti, kte\u0159\u00ed ho uv\u00e1d\u011bj\u00ed, v\u011bd\u00ed, \u017ee je nesmysl, a nejsou ochotni ho ov\u011b\u0159it, nato\u017e se ho pokusit aktualizovat.<\/span><\/p>\n<p><span dir=\"auto\">P\u0159estaly d\u011bti v roce 2023 jednodu\u0161e um\u00edrat na covid, pot\u00e9, co byly hromadn\u011b zab\u00edjeny v prvn\u00edch t\u0159ech letech epidemie?<\/span><\/p>\n<p><strong><em><span dir=\"auto\">Od Rhody Wilsonov\u00e9<\/span><\/em><\/strong><\/p>\n<\/div>\n<\/div>\n<div class=\"elementor-element elementor-element-8c57238 quelle dc-has-condition dc-condition-empty elementor-widget elementor-widget-heading\" data-id=\"8c57238\" data-element_type=\"widget\" data-widget_type=\"heading.default\">\n<div class=\"elementor-widget-container\">\n<h3 class=\"elementor-heading-title elementor-size-default\"><span style=\"font-size: 10pt;\"><a href=\"https:\/\/expose-news.com\/2026\/01\/06\/no-children-in-spain-died-from-covid\/\" target=\"_blank\" rel=\"nofollow noopener\"><span dir=\"auto\">Zdroj<\/span><\/a><\/span><\/h3>\n<p>&nbsp;<\/p>\n<\/div>\n<\/div>\n","protected":false},"excerpt":{"rendered":"<p>Studie zve\u0159ejn\u011bn\u00e1 v polovin\u011b prosince hodnotila pom\u011br p\u0159\u00ednos\u016f a rizik mRNA \u201evakc\u00edn\u201c u d\u011bt\u00ed ve&#8230;<\/p>\n","protected":false},"author":2,"featured_media":88578,"comment_status":"closed","ping_status":"closed","sticky":false,"template":"","format":"standard","meta":[],"categories":[7],"tags":[23,245,839,523],"_links":{"self":[{"href":"https:\/\/www.infokuryr.cz\/n\/wp-json\/wp\/v2\/posts\/96415"}],"collection":[{"href":"https:\/\/www.infokuryr.cz\/n\/wp-json\/wp\/v2\/posts"}],"about":[{"href":"https:\/\/www.infokuryr.cz\/n\/wp-json\/wp\/v2\/types\/post"}],"author":[{"embeddable":true,"href":"https:\/\/www.infokuryr.cz\/n\/wp-json\/wp\/v2\/users\/2"}],"replies":[{"embeddable":true,"href":"https:\/\/www.infokuryr.cz\/n\/wp-json\/wp\/v2\/comments?post=96415"}],"version-history":[{"count":0,"href":"https:\/\/www.infokuryr.cz\/n\/wp-json\/wp\/v2\/posts\/96415\/revisions"}],"wp:featuredmedia":[{"embeddable":true,"href":"https:\/\/www.infokuryr.cz\/n\/wp-json\/wp\/v2\/media\/88578"}],"wp:attachment":[{"href":"https:\/\/www.infokuryr.cz\/n\/wp-json\/wp\/v2\/media?parent=96415"}],"wp:term":[{"taxonomy":"category","embeddable":true,"href":"https:\/\/www.infokuryr.cz\/n\/wp-json\/wp\/v2\/categories?post=96415"},{"taxonomy":"post_tag","embeddable":true,"href":"https:\/\/www.infokuryr.cz\/n\/wp-json\/wp\/v2\/tags?post=96415"}],"curies":[{"name":"wp","href":"https:\/\/api.w.org\/{rel}","templated":true}]}}