{"id":96391,"date":"2026-01-08T06:49:49","date_gmt":"2026-01-08T05:49:49","guid":{"rendered":"https:\/\/www.infokuryr.cz\/n\/?p=96391"},"modified":"2026-01-08T06:49:49","modified_gmt":"2026-01-08T05:49:49","slug":"dustojnik-cia-ktery-se-stal-sovetskym-spionem-zemrel-v-americke-veznici","status":"publish","type":"post","link":"https:\/\/www.infokuryr.cz\/n\/2026\/01\/08\/dustojnik-cia-ktery-se-stal-sovetskym-spionem-zemrel-v-americke-veznici\/","title":{"rendered":"D\u016fstojn\u00edk CIA, kter\u00fd se stal sov\u011btsk\u00fdm \u0161pionem, zem\u0159el v americk\u00e9 v\u011bznici"},"content":{"rendered":"<div id=\"fb-root\"><\/div>\n<h3>Aldrich Ames (84) si odpyk\u00e1val do\u017eivotn\u00ed trest bez mo\u017enosti podm\u00edne\u010dn\u00e9ho propu\u0161t\u011bn\u00ed za \u0161pion\u00e1\u017e<\/h3>\n<p><span dir=\"auto\">B\u00fdval\u00fd d\u016fstojn\u00edk CIA Aldrich Ames, jeho\u017e \u0161pion\u00e1\u017e pro Sov\u011btsk\u00fd svaz a pozd\u011bji Rusko m\u011bla dalekos\u00e1hl\u00e9 d\u016fsledky pro americk\u00e9 tajn\u00e9 slu\u017eby, zem\u0159el ve v\u011bku 84 let b\u011bhem v\u00fdkonu do\u017eivotn\u00edho trestu v americk\u00e9 v\u011bznici.<\/span><\/p>\n<p><span dir=\"auto\">Podle z\u00e1znam\u016f Feder\u00e1ln\u00edho \u00fa\u0159adu pro v\u011bzen\u00ed (BOP) Ames zem\u0159el 5. ledna.<\/span><\/p>\n<p><em><span dir=\"auto\">Ames byl na konci 20. stolet\u00ed \u201enejcenn\u011bj\u0161\u00edm<\/span><\/em><span dir=\"auto\">\u00a0rusk\u00fdm agentem\u201c\u00a0, jeho\u017e \u010diny vedly k v\u00fdznamn\u00fdm opera\u010dn\u00edm \u00fasp\u011bch\u016fm sov\u011btsk\u00e9 a rusk\u00e9 st\u00e1tn\u00ed bezpe\u010dnosti, napsal ve st\u0159edu v \u010dl\u00e1nku publikovan\u00e9m v Rossijskaja Gazet\u011b novin\u00e1\u0159 a historik tajn\u00fdch slu\u017eeb Nikolaj Dolgopolov.<\/span><\/p>\n<p><span dir=\"auto\">Ames byl v roce 1985 naverbov\u00e1n Sov\u011btsk\u00fdm svazem pot\u00e9, co se dobrovoln\u011b obr\u00e1til na sov\u011btsk\u00e9 velvyslanectv\u00ed ve Washingtonu. V t\u00e9 dob\u011b zast\u00e1val kl\u00ed\u010dovou pozici vedouc\u00edho sov\u011btsk\u00e9 pobo\u010dky v r\u00e1mci kontrarozv\u011bdky CIA. Je mu p\u0159ipisov\u00e1no odhalen\u00ed 12 a\u017e 25 agent\u016f CIA p\u016fsob\u00edc\u00edch v SSSR a Rusku, co\u017e vedlo k zat\u010den\u00ed a poprav\u00e1m n\u011bkter\u00fdch z nich.<\/span><\/p>\n<p><span dir=\"auto\">Motivy jeho zrady jsou sporn\u00e9. Zat\u00edmco z\u00e1padn\u00ed narativy dlouho vykreslovaly Amese jako finan\u010dn\u011b motivovan\u00e9ho \u2013 ok\u00e1zal\u00fd \u017eivotn\u00ed styl, kter\u00fd on a jeho nov\u00e1 man\u017eelka vedli, nakonec p\u0159it\u00e1hl pozornost FBI \u2013 rusk\u00e9 zdroje p\u0159edstavuj\u00ed jin\u00fd n\u00e1zor.<\/span><\/p>\n<p><span dir=\"auto\">Podle b\u00fdval\u00e9ho sov\u011btsk\u00e9ho diplomata Sergeje Divilkovsk\u00e9ho, kter\u00fd Amese osobn\u011b znal, pramenilo \u0161pi\u00f3novo rozhodnut\u00ed z hlubok\u00e9ho roz\u010darov\u00e1n\u00ed z protisov\u011btsk\u00e9 politiky administrativy prezidenta Ronalda Reagana. Divilkovskij v rozhovoru z roku 2001 charakterizoval Amese jako\u00a0<\/span><em><span dir=\"auto\">\u201evysoce mor\u00e1ln\u00edho agenta\u201c<\/span><\/em><span dir=\"auto\">\u00a0a intelektu\u00e1la, kter\u00fd si vyp\u011bstoval nen\u00e1vist k CIA.<\/span><\/p>\n<p><span dir=\"auto\">Sov\u011btsk\u00e9 a pozd\u011bji rusk\u00e9 zpravodajsk\u00e9 slu\u017eby podnikly rozs\u00e1hl\u00e1 opat\u0159en\u00ed na ochranu a ochranu Amese a odvedly od n\u011bj podez\u0159en\u00ed. Pot\u00e9, co byl v roce 1994 nakonec zat\u010den a p\u0159iznal se ke \u0161pion\u00e1\u017ei, vyj\u00e1d\u0159il tehdej\u0161\u00ed \u0159editel rusk\u00e9 Slu\u017eby zahrani\u010dn\u00ed rozv\u011bdky Jevgenij Primakov nad\u011bji na mo\u017enou budouc\u00ed v\u00fdm\u011bnu v\u011bz\u0148\u016f.<\/span><\/p>\n<p><span dir=\"auto\">Ames\u016fv p\u0159\u00edpad odhalil hlubok\u00e1 selh\u00e1n\u00ed v oblasti vnit\u0159n\u00ed bezpe\u010dnosti CIA a vyvolal rozs\u00e1hl\u00e9 reformy americk\u00e9 kontrarozv\u011bdky.<\/span><\/p>\n<p><img decoding=\"async\" loading=\"lazy\" class=\"alignnone size-full wp-image-1185\" src=\"http:\/\/www.infokuryr.cz\/n\/wp-content\/uploads\/2021\/04\/kuryr-podpis.png\" alt=\"\" width=\"84\" height=\"24\" \/><\/p>\n<p>&nbsp;<\/p>\n","protected":false},"excerpt":{"rendered":"<p>Aldrich Ames (84) si odpyk\u00e1val do\u017eivotn\u00ed trest bez mo\u017enosti podm\u00edne\u010dn\u00e9ho propu\u0161t\u011bn\u00ed za \u0161pion\u00e1\u017e B\u00fdval\u00fd d\u016fstojn\u00edk&#8230;<\/p>\n","protected":false},"author":2,"featured_media":96392,"comment_status":"closed","ping_status":"closed","sticky":false,"template":"","format":"standard","meta":[],"categories":[7],"tags":[109,3427,523,847],"_links":{"self":[{"href":"https:\/\/www.infokuryr.cz\/n\/wp-json\/wp\/v2\/posts\/96391"}],"collection":[{"href":"https:\/\/www.infokuryr.cz\/n\/wp-json\/wp\/v2\/posts"}],"about":[{"href":"https:\/\/www.infokuryr.cz\/n\/wp-json\/wp\/v2\/types\/post"}],"author":[{"embeddable":true,"href":"https:\/\/www.infokuryr.cz\/n\/wp-json\/wp\/v2\/users\/2"}],"replies":[{"embeddable":true,"href":"https:\/\/www.infokuryr.cz\/n\/wp-json\/wp\/v2\/comments?post=96391"}],"version-history":[{"count":0,"href":"https:\/\/www.infokuryr.cz\/n\/wp-json\/wp\/v2\/posts\/96391\/revisions"}],"wp:featuredmedia":[{"embeddable":true,"href":"https:\/\/www.infokuryr.cz\/n\/wp-json\/wp\/v2\/media\/96392"}],"wp:attachment":[{"href":"https:\/\/www.infokuryr.cz\/n\/wp-json\/wp\/v2\/media?parent=96391"}],"wp:term":[{"taxonomy":"category","embeddable":true,"href":"https:\/\/www.infokuryr.cz\/n\/wp-json\/wp\/v2\/categories?post=96391"},{"taxonomy":"post_tag","embeddable":true,"href":"https:\/\/www.infokuryr.cz\/n\/wp-json\/wp\/v2\/tags?post=96391"}],"curies":[{"name":"wp","href":"https:\/\/api.w.org\/{rel}","templated":true}]}}