{"id":96388,"date":"2026-01-08T06:47:42","date_gmt":"2026-01-08T05:47:42","guid":{"rendered":"https:\/\/www.infokuryr.cz\/n\/?p=96388"},"modified":"2026-01-08T06:47:42","modified_gmt":"2026-01-08T05:47:42","slug":"americky-imigracni-agent-smrtelne-postrelil-zenu","status":"publish","type":"post","link":"https:\/\/www.infokuryr.cz\/n\/2026\/01\/08\/americky-imigracni-agent-smrtelne-postrelil-zenu\/","title":{"rendered":"Americk\u00fd imigra\u010dn\u00ed agent smrteln\u011b post\u0159elil \u017eenu"},"content":{"rendered":"<div id=\"fb-root\"><\/div>\n<h3>Ministryn\u011b vnit\u0159n\u00ed bezpe\u010dnosti Kristi Noemov\u00e1 obvinila ob\u011b\u0165 z \u201edom\u00e1c\u00edho terorismu\u201c<\/h3>\n<p data-start=\"193\" data-end=\"435\"><span dir=\"auto\">Americk\u00fd imigra\u010dn\u00ed \u00fa\u0159edn\u00edk ve st\u0159edu v Minneapolisu smrteln\u011b post\u0159elil \u017eenu, co\u017e vyvolalo protesty a napjat\u00fd konflikt mezi demokraty vedenou Minnesotou a B\u00edl\u00fdm domem.<\/span><\/p>\n<p data-start=\"605\" data-end=\"739\"><span dir=\"auto\">K incidentu do\u0161lo na rohu East 34th Street a Portland Avenue, kde se d\u0159\u00edve policist\u00e9 st\u0159etli s protestuj\u00edc\u00edmi.<\/span><\/p>\n<p data-start=\"741\" data-end=\"1136\"><span dir=\"auto\">Video z m\u00edsta \u010dinu ukazuje agenty Imigra\u010dn\u00ed a celn\u00ed spr\u00e1vy (ICE), jak se bl\u00ed\u017e\u00ed k tmav\u00e9mu SUV zastaven\u00e9mu uprost\u0159ed zasn\u011b\u017een\u00e9 silnice. Kdy\u017e se agent pokou\u0161\u00ed otev\u0159\u00edt dve\u0159e, \u0159idi\u010dka za\u0159ad\u00ed zp\u00e1te\u010dku a pokus\u00ed se odjet. Agentka vyt\u00e1hne pistoli a t\u0159ikr\u00e1t vyst\u0159el\u00ed, na\u010de\u017e vozidlo ujede a naraz\u00ed do dvou dal\u0161\u00edch aut zaparkovan\u00fdch pod\u00e9l silnice.<\/span><\/p>\n<p data-start=\"1138\" data-end=\"1217\"><span dir=\"auto\">Ob\u011b\u0165 byla pozd\u011bji jej\u00ed rodinou identifikov\u00e1na jako 37let\u00e1 Renee Goodov\u00e1.<\/span><\/p>\n<div style=\"width: 640px;\" class=\"wp-video\"><!--[if lt IE 9]><script>document.createElement('video');<\/script><![endif]-->\n<video class=\"wp-video-shortcode\" id=\"video-96388-1\" width=\"640\" height=\"360\" preload=\"metadata\" controls=\"controls\"><source type=\"video\/mp4\" src=\"http:\/\/www.infokuryr.cz\/n\/wp-content\/uploads\/2026\/01\/strelec.mp4?_=1\" \/><a href=\"http:\/\/www.infokuryr.cz\/n\/wp-content\/uploads\/2026\/01\/strelec.mp4\">http:\/\/www.infokuryr.cz\/n\/wp-content\/uploads\/2026\/01\/strelec.mp4<\/a><\/video><\/div>\n<p>&nbsp;<\/p>\n<p data-start=\"142\" data-end=\"282\"><span dir=\"auto\">Ministryn\u011b vnit\u0159n\u00ed bezpe\u010dnosti Kristi Noemov\u00e1 agenty obhajovala a prohl\u00e1sila, \u017ee Good\u00a0<\/span><em><span dir=\"auto\">\u201epou\u017eil vozidlo k pokusu zab\u00edt policistu a jeho kolegy\u201c.<\/span><\/em><\/p>\n<p data-start=\"284\" data-end=\"437\"><em><span dir=\"auto\">\u201eByl to akt dom\u00e1c\u00edho terorismu. Jeden z na\u0161ich policist\u016f jednal rychle a defenzivn\u011b a st\u0159\u00edlel, aby ochr\u00e1nil sebe a lidi kolem sebe,\u201c<\/span><\/em><span dir=\"auto\">\u00a0\u0159ekla.<\/span><\/p>\n<p data-start=\"439\" data-end=\"658\"><span dir=\"auto\">Mluv\u010d\u00ed ministerstva vnit\u0159n\u00ed bezpe\u010dnosti Tricia McLaughlinov\u00e1 uvedla, \u017ee policist\u00e9\u00a0<\/span><em><span dir=\"auto\">\u201eprov\u00e1d\u011bli c\u00edlen\u00e9 operace\u201c,<\/span><\/em><span dir=\"auto\">\u00a0kdy\u017e se skupiny ob\u010dan\u016f za\u010daly sna\u017eit blokovat vozidla ICE. Dodala, \u017ee se Good pokusil\u00a0agenty\u00a0<\/span><em><span dir=\"auto\">\u201ep\u0159ejet\u201c .<\/span><\/em><\/p>\n<p data-start=\"126\" data-end=\"388\"><span dir=\"auto\">Starosta Minneapolisu Jacob Frey odm\u00edtl tvrzen\u00ed ministerstva vnit\u0159n\u00ed bezpe\u010dnosti (DHS), \u017ee st\u0159elba byla opr\u00e1vn\u011bn\u00e1.\u00a0<\/span><em><span dir=\"auto\">\u201eJeliko\u017e jsem video vid\u011bl s\u00e1m, chci v\u0161em p\u0159\u00edmo \u0159\u00edct, \u017ee je to nesmysl,\u201c<\/span><\/em><span dir=\"auto\">\u00a0\u0159ekl na tiskov\u00e9 konferenci. Dodal, \u017ee agent\u00a0<\/span><em><span dir=\"auto\">\u201ebezohledn\u011b zneu\u017e\u00edval svou moc\u201c.<\/span><\/em><\/p>\n<p data-start=\"390\" data-end=\"586\"><em><span dir=\"auto\">\u201ePro ICE: Vypadn\u011bte z Minneapolisu,\u201c<\/span><\/em><span dir=\"auto\">\u00a0\u0159ekl Frey.\u00a0<\/span><em><span dir=\"auto\">\u201eNechceme v\u00e1s tady. D\u016fvodem va\u0161\u00ed p\u0159\u00edtomnosti v tomto m\u011bst\u011b je vytvo\u0159en\u00ed ur\u010dit\u00e9ho bezpe\u010d\u00ed, a vy d\u011bl\u00e1te prav\u00fd opak.\u201c<\/span><\/em><\/p>\n<div class=\"rtcode\">\n<div class=\"twitter-tweet twitter-tweet-rendered\"><iframe id=\"twitter-widget-0\" class=\"\" title=\"X P\u0159\u00edsp\u011bvek\" src=\"https:\/\/platform.twitter.com\/embed\/Tweet.html?creatorScreenName=RT_com&amp;dnt=false&amp;embedId=twitter-widget-0&amp;features=eyJ0ZndfdGltZWxpbmVfbGlzdCI6eyJidWNrZXQiOltdLCJ2ZXJzaW9uIjpudWxsfSwidGZ3X2ZvbGxvd2VyX2NvdW50X3N1bnNldCI6eyJidWNrZXQiOnRydWUsInZlcnNpb24iOm51bGx9LCJ0ZndfdHdlZXRfZWRpdF9iYWNrZW5kIjp7ImJ1Y2tldCI6Im9uIiwidmVyc2lvbiI6bnVsbH0sInRmd19yZWZzcmNfc2Vzc2lvbiI6eyJidWNrZXQiOiJvbiIsInZlcnNpb24iOm51bGx9LCJ0ZndfZm9zbnJfc29mdF9pbnRlcnZlbnRpb25zX2VuYWJsZWQiOnsiYnVja2V0Ijoib24iLCJ2ZXJzaW9uIjpudWxsfSwidGZ3X21peGVkX21lZGlhXzE1ODk3Ijp7ImJ1Y2tldCI6InRyZWF0bWVudCIsInZlcnNpb24iOm51bGx9LCJ0ZndfZXhwZXJpbWVudHNfY29va2llX2V4cGlyYXRpb24iOnsiYnVja2V0IjoxMjA5NjAwLCJ2ZXJzaW9uIjpudWxsfSwidGZ3X3Nob3dfYmlyZHdhdGNoX3Bpdm90c19lbmFibGVkIjp7ImJ1Y2tldCI6Im9uIiwidmVyc2lvbiI6bnVsbH0sInRmd19kdXBsaWNhdGVfc2NyaWJlc190b19zZXR0aW5ncyI6eyJidWNrZXQiOiJvbiIsInZlcnNpb24iOm51bGx9LCJ0ZndfdXNlX3Byb2ZpbGVfaW1hZ2Vfc2hhcGVfZW5hYmxlZCI6eyJidWNrZXQiOiJvbiIsInZlcnNpb24iOm51bGx9LCJ0ZndfdmlkZW9faGxzX2R5bmFtaWNfbWFuaWZlc3RzXzE1MDgyIjp7ImJ1Y2tldCI6InRydWVfYml0cmF0ZSIsInZlcnNpb24iOm51bGx9LCJ0ZndfbGVnYWN5X3RpbWVsaW5lX3N1bnNldCI6eyJidWNrZXQiOnRydWUsInZlcnNpb24iOm51bGx9LCJ0ZndfdHdlZXRfZWRpdF9mcm9udGVuZCI6eyJidWNrZXQiOiJvbiIsInZlcnNpb24iOm51bGx9fQ%3D%3D&amp;frame=false&amp;hideCard=false&amp;hideThread=false&amp;id=2009010043778437322&amp;lang=cs&amp;maxWidth=560px&amp;origin=https%3A%2F%2Fwww.rt.com%2Fnews%2F630714-ice-agents-shoots-woman%2F&amp;sessionId=38ece43ef7ad5d41bed6f97e522b510aa6fe109f&amp;siteScreenName=RT_com&amp;theme=light&amp;widgetsVersion=2615f7e52b7e0%3A1702314776716&amp;width=550px\" frameborder=\"0\" scrolling=\"no\" allowfullscreen=\"allowfullscreen\" data-tweet-id=\"2009010043778437322\" data-mce-fragment=\"1\"><\/iframe><\/div>\n<\/div>\n<p><span dir=\"auto\">St\u0159elba vyvolala v Minneapolis protesty. Guvern\u00e9r Tim Walz vyzval ke klidu a zdr\u017eenlivosti a dodal, \u017ee v p\u0159\u00edpad\u011b nepokoj\u016f nasad\u00ed Minnesotskou n\u00e1rodn\u00ed gardu. Z\u00e1rove\u0148 vyzval feder\u00e1ln\u00ed agenty, aby d\u00e1le nezasahovali.<\/span><\/p>\n<h2 class=\"article__heading\"><span dir=\"auto\">Agent ICE stoj\u00edc\u00ed za smrtelnou st\u0159elbou v Minnesot\u011b jednal v \u201esebeobran\u011b\u201c, \u0159ekl Trump<\/span><\/h2>\n<p><img decoding=\"async\" loading=\"lazy\" class=\"aligncenter\" src=\"https:\/\/mf.b37mrtl.ru\/files\/2026.01\/xxs\/695f053285f54048d628f8f5.jpg\" alt=\"Agent ICE stoj\u00edc\u00ed za smrtelnou st\u0159elbou v Minnesot\u011b jednal v \u201esebeobran\u011b\u201c, \u0159ekl Trump.\" width=\"612\" height=\"343\" \/><\/p>\n<h4>Americk\u00fd prezident obvinil z krveprolit\u00ed \u201eradik\u00e1ln\u011b levicov\u00e9\u201c protestuj\u00edc\u00ed<\/h4>\n<p data-start=\"168\" data-end=\"460\"><span dir=\"auto\">Agent ICE, kter\u00fd ve st\u0159edu b\u011bhem poty\u010dky v Minneapolis smrteln\u011b post\u0159elil \u017eenu, jednal v sebeobran\u011b, prohl\u00e1sil prezident Donald Trump.<\/span><\/p>\n<p data-start=\"613\" data-end=\"782\"><span dir=\"auto\">Podle videa z incidentu se imigra\u010dn\u00ed agent pokusil otev\u0159\u00edt dve\u0159e SUV \u0159\u00edzen\u00e9ho Renee Goodovou a p\u0159i pokusu o odjezd n\u011bkolikr\u00e1t vyst\u0159elil.<\/span><\/p>\n<p data-start=\"784\" data-end=\"971\"><span dir=\"auto\">Zat\u00edmco Ministerstvo vnit\u0159n\u00ed bezpe\u010dnosti (DHS) tvrdilo, \u017ee se Good pokusil narazit autem do policist\u016f ICE, starosta Minneapolisu Jacob Frey tuto verzi ud\u00e1lost\u00ed odm\u00edtl jako\u00a0<\/span><em><span dir=\"auto\">\u201ekecy\u201c.<\/span><\/em><\/p>\n<p data-start=\"973\" data-end=\"1172\"><span dir=\"auto\">V p\u0159\u00edsp\u011bvku na sv\u00e9 platform\u011b Truth Social Trump podpo\u0159il d\u016fstojn\u00edky ICE.\u00a0<\/span><em><span dir=\"auto\">\u201ePr\u00e1v\u011b jsem si prohl\u00e9dl klip z ud\u00e1losti, kter\u00e1 se odehr\u00e1la v Minneapolisu v Minnesot\u011b. Je to hrozn\u00e9 sledovat,\u201c<\/span><\/em><span dir=\"auto\">\u00a0napsal Trump.<\/span><\/p>\n<p data-start=\"1174\" data-end=\"1374\"><em><span dir=\"auto\">\u201e\u0158idi\u010dka se chovala velmi v\u00fdtr\u017en\u011b, p\u0159ek\u00e1\u017eela a kladla odpor, pot\u00e9 n\u00e1siln\u011b, \u00famysln\u011b a brut\u00e1ln\u011b p\u0159ejela policistu ICE, kter\u00fd ji z\u0159ejm\u011b post\u0159elil v sebeobran\u011b,\u201c<\/span><\/em><span dir=\"auto\">\u00a0dodal.<\/span><\/p>\n<p data-start=\"1376\" data-end=\"1591\"><span dir=\"auto\">Prezident z incidentu obvinil \u010dleny\u00a0<\/span><em><span dir=\"auto\">\u201eradik\u00e1ln\u00ed levice\u201c,<\/span><\/em><span dir=\"auto\">\u00a0kte\u0159\u00ed se zam\u011b\u0159ili na agenty ICE.\u00a0<\/span><em><span dir=\"auto\">\u201eMus\u00edme st\u00e1t p\u0159i sv\u00e9m a chr\u00e1nit na\u0161e policisty p\u0159ed t\u00edmto radik\u00e1ln\u011b levicov\u00fdm hnut\u00edm n\u00e1sil\u00ed a nen\u00e1visti!\u201c<\/span><\/em><span dir=\"auto\">\u00a0napsal.<\/span><\/p>\n<p data-start=\"1593\" data-end=\"1795\"><span dir=\"auto\">Policejn\u00ed n\u00e1\u010deln\u00edk v Minneapolisu Brian O&#8217;Hara novin\u00e1\u0159\u016fm \u0159ekl, \u017ee Goodovo vozidlo blokovalo silnici, kdy\u017e se k n\u00ed p\u0159ibl\u00ed\u017eili feder\u00e1ln\u00ed agenti.\u00a0<\/span><em><span dir=\"auto\">\u201eVozidlo se za\u010dalo rozj\u00ed\u017ed\u011bt. Byly vyp\u00e1leny nejm\u00e9n\u011b dva v\u00fdst\u0159ely,\u201c<\/span><\/em><span dir=\"auto\">\u00a0\u0159ekl.<\/span><\/p>\n<p data-start=\"1797\" data-end=\"2022\"><span dir=\"auto\">Goodova matka, Donna Gangerov\u00e1, pop\u0159ela, \u017ee by se jej\u00ed dcera \u00fa\u010dastnila protest\u016f proti ICE.\u00a0<\/span><em><span dir=\"auto\">\u201ePravd\u011bpodobn\u011b byla vyd\u011b\u0161en\u00e1,\u201c<\/span><\/em><span dir=\"auto\">\u00a0\u0159ekla Gangerov\u00e1 den\u00edku\u00a0<\/span><em data-start=\"1932\" data-end=\"1956\"><span dir=\"auto\">Minnesota Star Tribune<\/span><\/em><span dir=\"auto\">\u00a0.\u00a0<\/span><em><span dir=\"auto\">\u201eRenee byla jednou z nejlaskav\u011bj\u0161\u00edch osob, kter\u00e9 jsem kdy poznala,\u201c<\/span><\/em><span dir=\"auto\">\u00a0\u0159ekla.<\/span><\/p>\n<p data-start=\"2024\" data-end=\"2296\"><span dir=\"auto\">Trump po n\u00e1vratu do B\u00edl\u00e9ho domu v lednu 2025 zah\u00e1jil razantn\u00ed z\u00e1sah proti neleg\u00e1ln\u00ed imigraci a sl\u00edbil, \u017ee provede nejv\u011bt\u0161\u00ed deporta\u010dn\u00ed akci v americk\u00e9 historii. Demokrat\u00e9 odsoudili razie ICE v americk\u00fdch m\u011bstech jako zneu\u017eit\u00ed moci a hled\u00e1n\u00ed ob\u011btn\u00edch ber\u00e1nk\u016f z migrant\u016f.<\/span><\/p>\n<p data-start=\"2024\" data-end=\"2296\"><img decoding=\"async\" loading=\"lazy\" class=\"alignnone size-full wp-image-1185\" src=\"http:\/\/www.infokuryr.cz\/n\/wp-content\/uploads\/2021\/04\/kuryr-podpis.png\" alt=\"\" width=\"84\" height=\"24\" \/><\/p>\n<p data-start=\"2024\" data-end=\"2296\">\n","protected":false},"excerpt":{"rendered":"<p>Ministryn\u011b vnit\u0159n\u00ed bezpe\u010dnosti Kristi Noemov\u00e1 obvinila ob\u011b\u0165 z \u201edom\u00e1c\u00edho terorismu\u201c Americk\u00fd imigra\u010dn\u00ed \u00fa\u0159edn\u00edk ve st\u0159edu&#8230;<\/p>\n","protected":false},"author":2,"featured_media":96390,"comment_status":"closed","ping_status":"closed","sticky":false,"template":"","format":"standard","meta":[],"categories":[7],"tags":[320,452,37,1214],"_links":{"self":[{"href":"https:\/\/www.infokuryr.cz\/n\/wp-json\/wp\/v2\/posts\/96388"}],"collection":[{"href":"https:\/\/www.infokuryr.cz\/n\/wp-json\/wp\/v2\/posts"}],"about":[{"href":"https:\/\/www.infokuryr.cz\/n\/wp-json\/wp\/v2\/types\/post"}],"author":[{"embeddable":true,"href":"https:\/\/www.infokuryr.cz\/n\/wp-json\/wp\/v2\/users\/2"}],"replies":[{"embeddable":true,"href":"https:\/\/www.infokuryr.cz\/n\/wp-json\/wp\/v2\/comments?post=96388"}],"version-history":[{"count":0,"href":"https:\/\/www.infokuryr.cz\/n\/wp-json\/wp\/v2\/posts\/96388\/revisions"}],"wp:featuredmedia":[{"embeddable":true,"href":"https:\/\/www.infokuryr.cz\/n\/wp-json\/wp\/v2\/media\/96390"}],"wp:attachment":[{"href":"https:\/\/www.infokuryr.cz\/n\/wp-json\/wp\/v2\/media?parent=96388"}],"wp:term":[{"taxonomy":"category","embeddable":true,"href":"https:\/\/www.infokuryr.cz\/n\/wp-json\/wp\/v2\/categories?post=96388"},{"taxonomy":"post_tag","embeddable":true,"href":"https:\/\/www.infokuryr.cz\/n\/wp-json\/wp\/v2\/tags?post=96388"}],"curies":[{"name":"wp","href":"https:\/\/api.w.org\/{rel}","templated":true}]}}