{"id":96385,"date":"2026-01-08T06:40:46","date_gmt":"2026-01-08T05:40:46","guid":{"rendered":"https:\/\/www.infokuryr.cz\/n\/?p=96385"},"modified":"2026-01-08T06:40:46","modified_gmt":"2026-01-08T05:40:46","slug":"uprostred-diplomatickeho-napeti-trump-hovoril-s-kolumbijskym-prezidentem","status":"publish","type":"post","link":"https:\/\/www.infokuryr.cz\/n\/2026\/01\/08\/uprostred-diplomatickeho-napeti-trump-hovoril-s-kolumbijskym-prezidentem\/","title":{"rendered":"Uprost\u0159ed diplomatick\u00e9ho nap\u011bt\u00ed Trump hovo\u0159il s kolumbijsk\u00fdm prezidentem"},"content":{"rendered":"<div id=\"fb-root\"><\/div>\n<h3>Americk\u00fd v\u016fdce pozval Gustava Petra, na kter\u00e9ho loni uvalil sankce, na n\u00e1v\u0161t\u011bvu B\u00edl\u00e9ho domu<\/h3>\n<p><span dir=\"auto\">Americk\u00fd prezident Donald Trump telefonicky hovo\u0159il s levicov\u00fdm kolumbijsk\u00fdm prezidentem Gustavem Petrem, kter\u00e9ho d\u0159\u00edve obvinil z obchodov\u00e1n\u00ed s drogami a pohrozil mu invaz\u00ed.<\/span><\/p>\n<p><span dir=\"auto\">Vedouc\u00ed p\u0159edstavitel\u00e9 zaujali sm\u00ed\u0159liv\u00fd t\u00f3n po slovn\u00ed p\u0159est\u0159elce, kter\u00e1 se znovu rozpoutala po \u00fanosu venezuelsk\u00e9ho prezidenta Nicol\u00e1se Madura a jeho man\u017eelky Cilie Flores americk\u00fdmi komandy b\u011bhem v\u00edkendov\u00e9ho n\u00e1letu na Caracas.<\/span><\/p>\n<p><em><span dir=\"auto\">\u201eBylo mi velkou ct\u00ed hovo\u0159it s prezidentem Kolumbie Gustavem Petrem, kter\u00fd zavolal, aby vysv\u011btlil situaci ohledn\u011b drog a dal\u0161\u00edch neshod, kter\u00e9 jsme m\u011bli,\u201c<\/span><\/em><span dir=\"auto\">\u00a0napsal Trump ve st\u0159edu na sv\u00e9 platform\u011b Truth Social.<\/span><\/p>\n<p><em><span dir=\"auto\">\u201eOce\u0148uji jeho telefon\u00e1t a t\u00f3n a t\u011b\u0161\u00edm se na setk\u00e1n\u00ed s n\u00edm v bl\u00edzk\u00e9 budoucnosti,\u201c<\/span><\/em><span dir=\"auto\">\u00a0napsal Trump. Dodal, \u017ee strany pracuj\u00ed na zaji\u0161t\u011bn\u00ed Petrovy n\u00e1v\u0161t\u011bvy B\u00edl\u00e9ho domu.<\/span><\/p>\n<p><span dir=\"auto\">Petro na shrom\u00e1\u017ed\u011bn\u00ed v Bogot\u011b \u0159ekl, \u017ee spolu l\u00edd\u0159i promluvili poprv\u00e9 od jeho zvolen\u00ed prezidentem v roce 2022.\u00a0<\/span><em><span dir=\"auto\">\u201ePo\u017e\u00e1dal jsem o obnoven\u00ed p\u0159\u00edm\u00e9 komunikace mezi ministry zahrani\u010d\u00ed a prezidenty. Pokud nedojde k dialogu, je v\u00e1lka,\u201c<\/span><\/em><span dir=\"auto\">\u00a0\u0159ekl Petro.<\/span><\/p>\n<p><span dir=\"auto\">Kolumbijsk\u00fd prezident pozd\u011bji napsal na serveru X, \u017ee s Trumpem maj\u00ed\u00a0<\/span><em><span dir=\"auto\">\u201eneshody ohledn\u011b jeho vize vztahu USA s Latinskou Amerikou\u201c.<\/span><\/em><span dir=\"auto\">\u00a0\u0158ekl, \u017ee navrhl, aby USA investovaly do projekt\u016f \u010dist\u00e9 energie v regionu, sp\u00ed\u0161e ne\u017e aby usilovaly o p\u0159\u00edstup k z\u00e1sob\u00e1m ropy.<\/span><\/p>\n<p><em><span dir=\"auto\">\u201eVyu\u017e\u00edv\u00e1n\u00ed Latinsk\u00e9 Ameriky v\u00fdhradn\u011b pro ropu by vedlo ke zni\u010den\u00ed mezin\u00e1rodn\u00edho pr\u00e1va a v kone\u010dn\u00e9m d\u016fsledku k barbarstv\u00ed a t\u0159et\u00ed sv\u011btov\u00e9 v\u00e1lce,\u201c<\/span><\/em><span dir=\"auto\">\u00a0napsal Petro a dodal, \u017ee jeho n\u00e1vrh je zalo\u017een na\u00a0<\/span><em><span dir=\"auto\">\u201em\u00edru, \u017eivot\u011b a glob\u00e1ln\u00ed demokracii\u201c.<\/span><\/em><\/p>\n<p><span dir=\"auto\">Trump loni uvalil na Petra sankce a zru\u0161il mu v\u00edzum pot\u00e9, co kolumbijsk\u00fd v\u016fdce odsoudil to, co ozna\u010dil za\u00a0<\/span><em><span dir=\"auto\">\u201ebarbarsk\u00e9\u201c<\/span><\/em><span dir=\"auto\">\u00a0americk\u00e9 \u00fatoky na \u00fadajn\u00e9 lod\u011b kartelu v Karibiku. Petro argumentoval, \u017ee Pentagon c\u00edl\u00ed na oby\u010dejn\u00e9 ryb\u00e1\u0159e, na co\u017e Trump reagoval ozna\u010den\u00edm Petra za\u00a0<\/span><em><span dir=\"auto\">\u201ev\u016fdce neleg\u00e1ln\u00edch drogov\u00fdch spole\u010dnost\u00ed\u201c.<\/span><\/em><\/p>\n<p><span dir=\"auto\">V dlouh\u00e9m p\u0159\u00edsp\u011bvku na X za\u010d\u00e1tkem tohoto t\u00fddne Petro napsal, \u017ee boj proti kartel\u016fm je jeho nejvy\u0161\u0161\u00ed prioritou a \u017ee jako prezident\u00a0<\/span><em><span dir=\"auto\">\u201ena\u0159\u00eddil nejv\u011bt\u0161\u00ed zabaven\u00ed kokainu ve sv\u011btov\u00fdch d\u011bjin\u00e1ch\u201c.<\/span><\/em><span dir=\"auto\">\u00a0Sl\u00edbil, \u017ee bude br\u00e1nit svou zemi a \u0159ekl, \u017ee kolumbij\u0161t\u00ed voj\u00e1ci budou\u00a0<\/span><em><span dir=\"auto\">\u201est\u0159\u00edlet na \u00fato\u010dn\u00edky\u201c.<\/span><\/em><\/p>\n<p><span dir=\"auto\">Petro ozna\u010dil americk\u00fd \u00fatok s c\u00edlem zajmout Madura za\u00a0<\/span><em><span dir=\"auto\">\u201eodporn\u00e9\u201c<\/span><\/em><span dir=\"auto\">\u00a0poru\u0161en\u00ed venezuelsk\u00e9 suverenity. Operaci odsoudilo n\u011bkolik jihoamerick\u00fdch zem\u00ed, stejn\u011b jako Rusko a \u010c\u00edna. Maduro a Flores byli v pond\u011bl\u00ed postaveni p\u0159ed americk\u00fd soud v New Yorku, kde se p\u0159iznali k nevin\u011b z obvin\u011bn\u00ed z obchodov\u00e1n\u00ed s drogami a zbran\u00ed.<\/span><\/p>\n<p><img decoding=\"async\" loading=\"lazy\" class=\"alignnone size-full wp-image-1185\" src=\"http:\/\/www.infokuryr.cz\/n\/wp-content\/uploads\/2021\/04\/kuryr-podpis.png\" alt=\"\" width=\"84\" height=\"24\" \/><\/p>\n<p>&nbsp;<\/p>\n","protected":false},"excerpt":{"rendered":"<p>Americk\u00fd v\u016fdce pozval Gustava Petra, na kter\u00e9ho loni uvalil sankce, na n\u00e1v\u0161t\u011bvu B\u00edl\u00e9ho domu Americk\u00fd&#8230;<\/p>\n","protected":false},"author":2,"featured_media":96386,"comment_status":"closed","ping_status":"closed","sticky":false,"template":"","format":"standard","meta":[],"categories":[7],"tags":[5377,4767,165,452],"_links":{"self":[{"href":"https:\/\/www.infokuryr.cz\/n\/wp-json\/wp\/v2\/posts\/96385"}],"collection":[{"href":"https:\/\/www.infokuryr.cz\/n\/wp-json\/wp\/v2\/posts"}],"about":[{"href":"https:\/\/www.infokuryr.cz\/n\/wp-json\/wp\/v2\/types\/post"}],"author":[{"embeddable":true,"href":"https:\/\/www.infokuryr.cz\/n\/wp-json\/wp\/v2\/users\/2"}],"replies":[{"embeddable":true,"href":"https:\/\/www.infokuryr.cz\/n\/wp-json\/wp\/v2\/comments?post=96385"}],"version-history":[{"count":0,"href":"https:\/\/www.infokuryr.cz\/n\/wp-json\/wp\/v2\/posts\/96385\/revisions"}],"wp:featuredmedia":[{"embeddable":true,"href":"https:\/\/www.infokuryr.cz\/n\/wp-json\/wp\/v2\/media\/96386"}],"wp:attachment":[{"href":"https:\/\/www.infokuryr.cz\/n\/wp-json\/wp\/v2\/media?parent=96385"}],"wp:term":[{"taxonomy":"category","embeddable":true,"href":"https:\/\/www.infokuryr.cz\/n\/wp-json\/wp\/v2\/categories?post=96385"},{"taxonomy":"post_tag","embeddable":true,"href":"https:\/\/www.infokuryr.cz\/n\/wp-json\/wp\/v2\/tags?post=96385"}],"curies":[{"name":"wp","href":"https:\/\/api.w.org\/{rel}","templated":true}]}}