{"id":9638,"date":"2022-04-14T04:14:13","date_gmt":"2022-04-14T02:14:13","guid":{"rendered":"http:\/\/www.infokuryr.cz\/n\/?p=9638"},"modified":"2022-04-14T04:14:13","modified_gmt":"2022-04-14T02:14:13","slug":"imigracni-vlny-z-roku-2015-a-2022-podoba-ciste-nahodna","status":"publish","type":"post","link":"https:\/\/www.infokuryr.cz\/n\/2022\/04\/14\/imigracni-vlny-z-roku-2015-a-2022-podoba-ciste-nahodna\/","title":{"rendered":"Imigra\u010dn\u00ed vlny z roku 2015 a 2022. Podoba \u010dist\u011b n\u00e1hodn\u00e1"},"content":{"rendered":"<div id=\"fb-root\"><\/div>\n<h2 class=\"entry-title\">\u0160t\u011bdr\u00fd soci\u00e1ln\u00ed syst\u00e9m l\u00e1kaj\u00edc\u00ed masy uprchl\u00edk\u016f, zv\u00fdhod\u0148ov\u00e1n\u00ed uprchl\u00edk\u016f na \u00fakor m\u00edstn\u00edch obyvatel, psychick\u00e9 vyd\u00edr\u00e1n\u00ed medi\u00ed a elit, uprchl\u00edci z\u016fstanou nav\u017edy a budou pr\u00fd p\u0159\u00ednosem\u2026.<\/h2>\n<p><strong>Sou\u010dasn\u00e1 imigra\u010dn\u00ed vlna z Ukrajiny a kolem vytvo\u0159en\u00e9 informa\u010dn\u00ed pole p\u0159ipom\u00ednaj\u00ed v mnoh\u00e9m uprchlickou vlnu z roku 2015, kter\u00e1 se um\u011ble vyvolala v\u00e1lkou v S\u00fdrii.<\/strong><\/p>\n<ol>\n<li><strong>Okam\u017eit\u011b byl v z\u00e1padn\u00ed Evrop\u011b nastaven soci\u00e1ln\u00ed syst\u00e9m, kter\u00fd m\u011bl nal\u00e1kat \u201eSy\u0159any\u201c z cel\u00e9 chud\u00e9 Afriky a Asie.<\/strong>\u00a0(C\u00edlem tehdej\u0161\u00ed vlny byla islamizace Evropy)<\/li>\n<li><strong>Od sam\u00e9ho za\u010d\u00e1tku se \u0159\u00edkalo, \u017ee chud\u00e1ci uprchl\u00edci u\u017e v zem\u00edch z\u016fstanou nav\u017edy<\/strong>. V\u00e1lka v S\u00fdrii u\u017e d\u00e1vno skon\u010dila, ale o n\u00e1vratu uprchl\u00edk\u016f nepadlo ani slovo\u2026<\/li>\n<li>M<strong>edi\u00e1ln\u00ed mas\u00edrka jak budou uprchl\u00edci pro zemi ekonomick\u00fd p\u0159\u00ednos.<\/strong>\u00a0Nejprve hned kr\u00e1tkodob\u011b a pak se to zm\u011bnilo na dlouhodob\u00fd p\u0159\u00ednos. Uk\u00e1zalo se, \u017ee jadern\u00ed in\u017een\u00fd\u0159i a v\u011bdci nep\u0159i\u0161li a v\u011bt\u0161ina uprchl\u00edk\u016f nic neum\u00ed a p\u0159i\u0161la za soci\u00e1ln\u00edmi d\u00e1vkami a p\u00e1chat kriminalitu.<\/li>\n<li><strong>Psychick\u00e9 vyd\u00edr\u00e1n\u00ed \u2013 kdo pr\u00fd nem\u00e1 soucit s prchaj\u00edc\u00edmi \u017eenami a d\u011btmi tak je bezcitn\u00fd lump, nacista a antisemita\u2026.<\/strong><\/li>\n<li><strong>Zv\u00fdhod\u0148ov\u00e1n\u00ed uprchl\u00edk\u016f na \u00fakor m\u00edstn\u00edho obyvatelstva.\u00a0<\/strong>Jak z hlediska soci\u00e1ln\u00edho syst\u00e9mu, tak de facto ne\u0159e\u0161en\u00ed jejich kriminality a spole\u010densky ne\u017e\u00e1douc\u00edch \u010din\u016f. Kritika imigrace a uprchl\u00edk\u016f za\u010dala b\u00fdt trestn\u011b st\u00edh\u00e1na.<\/li>\n<li>L<strong>ikvidace tam\u011bj\u0161\u00ed vzd\u011blanosti a soci\u00e1ln\u00edho syst\u00e9mu pro tam\u011bj\u0161\u00ed obyvatelstvo. Prudk\u00fd n\u00e1r\u016fst kriminality.<\/strong><\/li>\n<\/ol>\n<figure class=\"wp-block-image size-full is-resized\"><img decoding=\"async\" loading=\"lazy\" class=\"wp-image-3370 aligncenter\" src=\"https:\/\/ceskavec.com\/wp-content\/uploads\/2019\/08\/uprchlici.jpg\" alt=\"\" width=\"466\" height=\"262\" \/><figcaption>Sy\u0159an\u00e9 z Afriky na cest\u011b do N\u011bmecka<\/figcaption><\/figure>\n<p>T<strong>e\u010f si polo\u017ete ot\u00e1zku, kter\u00fd z t\u011bchto bod\u016f nen\u00ed spln\u011bn v r\u00e1mci sou\u010dasn\u00e9 ukrajinizace na\u0161\u00ed vlasti<\/strong>?<\/p>\n<p>Hned\u00a0<strong>od za\u010d\u00e1tku \u201e\u010desk\u00e1\u201c vl\u00e1da \u0159\u00edk\u00e1, \u017ee ukrajin\u0161t\u00ed uprchl\u00edci tu z\u016fstanou nav\u017edy, hned od za\u010d\u00e1tku je pro n\u011b nastaven \u0161t\u011bdr\u00fd soci\u00e1ln\u00ed syst\u00e9m soci\u00e1ln\u00edch d\u00e1vek, p\u0159id\u011blov\u00e1n\u00ed st\u00e1tn\u00edch a obecn\u00ed<\/strong>ch byt\u016f, l\u00e9ka\u0159sk\u00e9 p\u00e9\u010de zdarma, dopravy zdarma atd atd.<strong>\u00a0Uprchl\u00edci pro n\u00e1s \u00fadajn\u011b budou\u00a0<\/strong>(tady se rad\u011bji rovnou \u0159\u00edk\u00e1 z dlouhodob\u00e9ho hlediska)\u00a0<strong>p\u0159\u00ednosem a budou n\u00e1m vyd\u011bl\u00e1vat na d\u016fchod<\/strong>\u00a0(to asi z t\u011bch soci\u00e1ln\u00edch d\u00e1vek, co dostanou). Jme konfrontov\u00e1ni v<a href=\"https:\/\/www.ctidoma.cz\/pribehy\/ukrajinka-anastasia-26-nekteri-cesi-se-neumeji-chovat-asi-nejsou-moc-chytri-vysvetlila-koho\">yb\u00e1jen\u00fdmi p\u0159\u00edb\u011bhy o \u00fadajn\u00e9 integraci ukrajinsk\u00fdch uprchl\u00edk\u016f<\/a>\u00a0ji\u017e b\u011bhem dn\u016f, kter\u00e9 br\u00e1n\u00ed nemo\u017en\u00ed a hloup\u00ed \u010ce\u0161i.\u00a0<strong>Je likvidov\u00e1no \u010desk\u00e9 \u0161kolstv\u00ed a soci\u00e1ln\u00ed syst\u00e9m. Kdo s t\u00edm nesouhlas\u00ed, je ozna\u010den za \u201eagenta Kremlu, vraha ukrajinsk\u00fdch d\u011bt\u00ed, nebo\u00a0<a href=\"https:\/\/www.blesk.cz\/clanek\/zpravy-valka-na-ukrajine\/709288\/ministr-skolstvi-petr-gazdik-v-rozhovoru-kdo-zavidi-ukrajinkam-je-ubozak.html\">ubo\u017e\u00e1ka<\/a>\u201c a ve\u0159ejn\u011b ostrakizov\u00e1n. Kritika sou\u010dasn\u00e9ho kurzu je trestn\u011b st\u00edh\u00e1na. Byla zavedena cenzura.<\/strong><\/p>\n<figure class=\"wp-block-image size-large\"><img decoding=\"async\" loading=\"lazy\" class=\"wp-image-12620 aligncenter\" src=\"https:\/\/ceskavec.com\/wp-content\/uploads\/2022\/03\/Ukrajinec-1024x936.jpg\" sizes=\"(max-width: 1024px) 100vw, 1024px\" srcset=\"https:\/\/ceskavec.com\/wp-content\/uploads\/2022\/03\/Ukrajinec-1024x936.jpg 1024w, https:\/\/ceskavec.com\/wp-content\/uploads\/2022\/03\/Ukrajinec-300x274.jpg 300w, https:\/\/ceskavec.com\/wp-content\/uploads\/2022\/03\/Ukrajinec-768x702.jpg 768w, https:\/\/ceskavec.com\/wp-content\/uploads\/2022\/03\/Ukrajinec-1536x1405.jpg 1536w, https:\/\/ceskavec.com\/wp-content\/uploads\/2022\/03\/Ukrajinec-2048x1873.jpg 2048w\" alt=\"\" width=\"491\" height=\"449\" \/><figcaption>Chud\u00e1 ukrajinsk\u00e1 matka z d\u011btmi prchla v t\u00e9to herce p\u0159ed rusk\u00fdmi bombami do Prahy a \u010de\u0161t\u00ed primitivov\u00e9 j\u00ed z\u00e1vid\u00ed soci\u00e1ln\u00ed d\u00e1vky<\/figcaption><\/figure>\n<p><strong>Ano, ob\u011b imigrace jsou ze stejn\u00e9 d\u00edlny glob\u00e1ln\u00edch finan\u010dn\u00edch \u201evyvolen\u00fdch\u201c elit. Ty jsou na\u0161imi nep\u0159\u00e1teli,<\/strong>\u00a0To oni n\u00e1m vyhl\u00e1sili likvida\u010dn\u00ed v\u00e1lku ji\u017e p\u0159ed mnoha lety.\u00a0<strong>T\u00e9hle sani se mus\u00edme postavit v boji na \u017eivot a na smrt za p\u0159e\u017eit\u00ed na\u0161eho n\u00e1roda!<\/strong><\/p>\n<p><a href=\"https:\/\/ceskavec.com\/2022\/04\/imigracni-vlny-z-roku-2015-a-2022-podoba-ciste-nahodna-stedry-socialni-system-lakajici-masy-uprchliku-zvyhodnovani-uprchliku-na-ukor-mistnich-obyvatel-psychicke-vydirani-medii-a-elit-uprchlici-zu\">\u010cesk\u00e1 v\u011bc<\/a><\/p>\n<p>&nbsp;<\/p>\n","protected":false},"excerpt":{"rendered":"<p>\u0160t\u011bdr\u00fd soci\u00e1ln\u00ed syst\u00e9m l\u00e1kaj\u00edc\u00ed masy uprchl\u00edk\u016f, zv\u00fdhod\u0148ov\u00e1n\u00ed uprchl\u00edk\u016f na \u00fakor m\u00edstn\u00edch obyvatel, psychick\u00e9 vyd\u00edr\u00e1n\u00ed medi\u00ed&#8230;<\/p>\n","protected":false},"author":2,"featured_media":9226,"comment_status":"closed","ping_status":"closed","sticky":false,"template":"","format":"standard","meta":[],"categories":[6],"tags":[119,29,26],"_links":{"self":[{"href":"https:\/\/www.infokuryr.cz\/n\/wp-json\/wp\/v2\/posts\/9638"}],"collection":[{"href":"https:\/\/www.infokuryr.cz\/n\/wp-json\/wp\/v2\/posts"}],"about":[{"href":"https:\/\/www.infokuryr.cz\/n\/wp-json\/wp\/v2\/types\/post"}],"author":[{"embeddable":true,"href":"https:\/\/www.infokuryr.cz\/n\/wp-json\/wp\/v2\/users\/2"}],"replies":[{"embeddable":true,"href":"https:\/\/www.infokuryr.cz\/n\/wp-json\/wp\/v2\/comments?post=9638"}],"version-history":[{"count":0,"href":"https:\/\/www.infokuryr.cz\/n\/wp-json\/wp\/v2\/posts\/9638\/revisions"}],"wp:featuredmedia":[{"embeddable":true,"href":"https:\/\/www.infokuryr.cz\/n\/wp-json\/wp\/v2\/media\/9226"}],"wp:attachment":[{"href":"https:\/\/www.infokuryr.cz\/n\/wp-json\/wp\/v2\/media?parent=9638"}],"wp:term":[{"taxonomy":"category","embeddable":true,"href":"https:\/\/www.infokuryr.cz\/n\/wp-json\/wp\/v2\/categories?post=9638"},{"taxonomy":"post_tag","embeddable":true,"href":"https:\/\/www.infokuryr.cz\/n\/wp-json\/wp\/v2\/tags?post=9638"}],"curies":[{"name":"wp","href":"https:\/\/api.w.org\/{rel}","templated":true}]}}