{"id":96379,"date":"2026-01-08T06:38:05","date_gmt":"2026-01-08T05:38:05","guid":{"rendered":"https:\/\/www.infokuryr.cz\/n\/?p=96379"},"modified":"2026-01-08T06:38:05","modified_gmt":"2026-01-08T05:38:05","slug":"zachycena-zkazu-v-libanonu-po-izraelskych-utocich","status":"publish","type":"post","link":"https:\/\/www.infokuryr.cz\/n\/2026\/01\/08\/zachycena-zkazu-v-libanonu-po-izraelskych-utocich\/","title":{"rendered":"Zachycena \u200b\u200bzk\u00e1zu v Libanonu po izraelsk\u00fdch \u00fatoc\u00edch"},"content":{"rendered":"<div id=\"fb-root\"><\/div>\n<h3>Prezident Aoun odsoudil smrt\u00edc\u00ed \u00fatoky IDF, k nim\u017e do\u0161lo uprost\u0159ed mezin\u00e1rodn\u00edho \u00fasil\u00ed o dodr\u017eov\u00e1n\u00ed p\u0159\u00edm\u011b\u0159\u00ed mezi Izraelem a Hizball\u00e1hem.<\/h3>\n<p>Izraelsk\u00fd \u00fatok na ji\u017en\u00ed Libanon v \u00fater\u00fd si vy\u017e\u00e1dal nejm\u00e9n\u011b dva mrtv\u00e9, oba pravd\u011bpodobn\u011b p\u0159\u00edslu\u0161n\u00edky Hizball\u00e1hu, a v posledn\u00edch n\u011bkolika dnech bylo hl\u00e1\u0161eno n\u011bkolik dal\u0161\u00edch \u00fatok\u016f. \u0160t\u00e1b RT na m\u00edst\u011b byl sv\u011bdkem masov\u00e9 zk\u00e1zy, kterou zanechaly nejnov\u011bj\u0161\u00ed izraelsk\u00e9 leteck\u00e9 \u00fatoky na sousedn\u00ed zemi.<\/p>\n<div style=\"width: 640px;\" class=\"wp-video\"><!--[if lt IE 9]><script>document.createElement('video');<\/script><![endif]-->\n<video class=\"wp-video-shortcode\" id=\"video-96379-1\" width=\"640\" height=\"360\" preload=\"metadata\" controls=\"controls\"><source type=\"video\/mp4\" src=\"http:\/\/www.infokuryr.cz\/n\/wp-content\/uploads\/2026\/01\/lib1.mp4?_=1\" \/><a href=\"http:\/\/www.infokuryr.cz\/n\/wp-content\/uploads\/2026\/01\/lib1.mp4\">http:\/\/www.infokuryr.cz\/n\/wp-content\/uploads\/2026\/01\/lib1.mp4<\/a><\/video><\/div>\n<p>&nbsp;<\/p>\n<p>\u0160\u00e9f libanonsk\u00e9 kancel\u00e1\u0159e RT Steve Sweeney nav\u0161t\u00edvil pr\u016fmyslovou oblast m\u011bsta Ghaziyeh pobl\u00ed\u017e pob\u0159e\u017en\u00edho m\u011bsta Sidon, kde izraelsk\u00fd \u00fatok srovnal se zem\u00ed v\u00edcepatrovou budovu. Byl sv\u011bdkem toho, jak se z\u00e1chrann\u00e9 slo\u017eky prod\u00edraly troskami na m\u00edst\u011b, p\u0159i\u010dem\u017e v\u00e1\u017en\u011b byly po\u0161kozeny i okoln\u00ed budovy a obchody.<\/p>\n<div style=\"width: 640px;\" class=\"wp-video\"><video class=\"wp-video-shortcode\" id=\"video-96379-2\" width=\"640\" height=\"360\" preload=\"metadata\" controls=\"controls\"><source type=\"video\/mp4\" src=\"http:\/\/www.infokuryr.cz\/n\/wp-content\/uploads\/2026\/01\/lib2.mp4?_=2\" \/><a href=\"http:\/\/www.infokuryr.cz\/n\/wp-content\/uploads\/2026\/01\/lib2.mp4\">http:\/\/www.infokuryr.cz\/n\/wp-content\/uploads\/2026\/01\/lib2.mp4<\/a><\/video><\/div>\n<p>&nbsp;<\/p>\n<p><span dir=\"auto\">Izraelsk\u00e9 obrann\u00e9 s\u00edly (IDF) ve dvou samostatn\u00fdch prohl\u00e1\u0161en\u00edch na sv\u00e9m \u00fa\u010dtu X v \u00fater\u00fd\u00a0<\/span><a href=\"https:\/\/x.com\/IDF\/status\/2008399281183416742\" target=\"_blank\" rel=\"noopener noreferrer\"><span dir=\"auto\">uvedly<\/span><\/a><span dir=\"auto\">\u00a0, \u017ee jejich jednotky za\u00fato\u010dily na\u00a0<\/span><em><span dir=\"auto\">\u201eteroristick\u00e1 m\u00edsta infrastruktury Hizball\u00e1hu a Ham\u00e1su v n\u011bkolika oblastech Libanonu\u201c,<\/span><\/em><span dir=\"auto\">\u00a0v\u010detn\u011b zbrojn\u00edch sklad\u016f a d\u00edlen.<\/span><\/p>\n<p><a href=\"https:\/\/x.com\/IDF\/status\/2008619098834673831\" target=\"_blank\" rel=\"noopener noreferrer\"><span dir=\"auto\">Podle<\/span><\/a><span dir=\"auto\">\u00a0izraelsk\u00e9 arm\u00e1dy\u00a0byli v oblasti Kherbet Selem p\u0159i dal\u0161\u00edm \u00fatoku zabiti dva \u00fadajn\u00ed \u010dlenov\u00e9 \u0161\u00editsk\u00e9 militantn\u00ed skupiny Hizball\u00e1h .<\/span><\/p>\n<p><span dir=\"auto\">B\u011bhem pond\u011bln\u00ed tiskov\u00e9 konference St\u00e9phane Dujarric, mluv\u010d\u00ed gener\u00e1ln\u00edho tajemn\u00edka OSN Ant\u00f3nia Guterrese, potvrdil smrt\u00edc\u00ed izraelsk\u00fd \u00fatok a tak\u00e9 nejm\u00e9n\u011b t\u0159i dal\u0161\u00ed \u00fatoky v ji\u017en\u00edm Libanonu.<\/span><\/p>\n<div style=\"width: 640px;\" class=\"wp-video\"><video class=\"wp-video-shortcode\" id=\"video-96379-3\" width=\"640\" height=\"360\" preload=\"metadata\" controls=\"controls\"><source type=\"video\/mp4\" src=\"http:\/\/www.infokuryr.cz\/n\/wp-content\/uploads\/2026\/01\/lib3.mp4?_=3\" \/><a href=\"http:\/\/www.infokuryr.cz\/n\/wp-content\/uploads\/2026\/01\/lib3.mp4\">http:\/\/www.infokuryr.cz\/n\/wp-content\/uploads\/2026\/01\/lib3.mp4<\/a><\/video><\/div>\n<p>&nbsp;<\/p>\n<p><span dir=\"auto\">Libanonsk\u00fd prezident Joseph Aoun odsoudil izraelsk\u00e9 \u00fatoky a obvinil z\u00e1padn\u00ed Jeruzal\u00e9m ze snahy ma\u0159it\u00a0<\/span><em><span dir=\"auto\">\u201eve\u0161ker\u00e9 \u00fasil\u00ed vynakl\u00e1dan\u00e9 na m\u00edstn\u00ed, region\u00e1ln\u00ed i mezin\u00e1rodn\u00ed \u00farovni\u201c<\/span><\/em><span dir=\"auto\">\u00a0s c\u00edlem zajistit dodr\u017eov\u00e1n\u00ed p\u0159\u00edm\u011b\u0159\u00ed mezi Izraelem a Hizball\u00e1hem z listopadu 2024.\u00a0<\/span><\/p>\n<div style=\"width: 640px;\" class=\"wp-video\"><video class=\"wp-video-shortcode\" id=\"video-96379-4\" width=\"640\" height=\"360\" preload=\"metadata\" controls=\"controls\"><source type=\"video\/mp4\" src=\"http:\/\/www.infokuryr.cz\/n\/wp-content\/uploads\/2026\/01\/lib4.mp4?_=4\" \/><a href=\"http:\/\/www.infokuryr.cz\/n\/wp-content\/uploads\/2026\/01\/lib4.mp4\">http:\/\/www.infokuryr.cz\/n\/wp-content\/uploads\/2026\/01\/lib4.mp4<\/a><\/video><\/div>\n<p>&nbsp;<\/p>\n<p><span dir=\"auto\">Aoun pouk\u00e1zal na to, \u017ee k \u00fatok\u016fm do\u0161lo kr\u00e1tce p\u0159ed st\u0159ede\u010dn\u00edm zased\u00e1n\u00edm zvl\u00e1\u0161tn\u00edho v\u00fdboru pro sledov\u00e1n\u00ed ukon\u010den\u00ed nep\u0159\u00e1telsk\u00fdch akc\u00ed, jeho\u017e sou\u010d\u00e1st\u00ed jsou z\u00e1stupci Francie, Izraele, Libanonu, USA a Prozat\u00edmn\u00edch sil OSN v Libanonu (UNIFIL).\u00a0<\/span><\/p>\n<p><span dir=\"auto\">P\u0159esto\u017ee vstoupilo v platnost p\u0159\u00edm\u011b\u0159\u00ed dohodnut\u00e9 USA, izraelsk\u00e1 arm\u00e1da opakovan\u011b \u00fato\u010dila na Libanon a podle \u00da\u0159adu vysok\u00e9ho komisa\u0159e OSN pro lidsk\u00e1 pr\u00e1va zabila nejm\u00e9n\u011b 127 civilist\u016f.<\/span><\/p>\n<p><span dir=\"auto\">Dohoda ukon\u010dila v\u00edce ne\u017e rok trvaj\u00edc\u00ed p\u0159eshrani\u010dn\u00ed nep\u0159\u00e1telstv\u00ed, kter\u00e9 za\u010dalo pot\u00e9, co Hizball\u00e1h zah\u00e1jil \u00fatoky na izraelsk\u00e9 \u00fazem\u00ed v projevu solidarity s Palestinci v Gaze. Podle p\u0159\u00edm\u011b\u0159\u00ed m\u00e1 libanonsk\u00e1 arm\u00e1da demontovat vojenskou infrastrukturu Hizball\u00e1hu a p\u0159evz\u00edt \u00fazem\u00ed ovl\u00e1dan\u00e1 touto skupinou na jihu zem\u011b.<\/span><\/p>\n<p><img decoding=\"async\" loading=\"lazy\" class=\"alignnone size-full wp-image-1185\" src=\"http:\/\/www.infokuryr.cz\/n\/wp-content\/uploads\/2021\/04\/kuryr-podpis.png\" alt=\"\" width=\"84\" height=\"24\" \/><\/p>\n<p>&nbsp;<\/p>\n","protected":false},"excerpt":{"rendered":"<p>Prezident Aoun odsoudil smrt\u00edc\u00ed \u00fatoky IDF, k nim\u017e do\u0161lo uprost\u0159ed mezin\u00e1rodn\u00edho \u00fasil\u00ed o dodr\u017eov\u00e1n\u00ed p\u0159\u00edm\u011b\u0159\u00ed&#8230;<\/p>\n","protected":false},"author":2,"featured_media":96384,"comment_status":"closed","ping_status":"closed","sticky":false,"template":"","format":"standard","meta":[],"categories":[7],"tags":[1128,107,405,5135],"_links":{"self":[{"href":"https:\/\/www.infokuryr.cz\/n\/wp-json\/wp\/v2\/posts\/96379"}],"collection":[{"href":"https:\/\/www.infokuryr.cz\/n\/wp-json\/wp\/v2\/posts"}],"about":[{"href":"https:\/\/www.infokuryr.cz\/n\/wp-json\/wp\/v2\/types\/post"}],"author":[{"embeddable":true,"href":"https:\/\/www.infokuryr.cz\/n\/wp-json\/wp\/v2\/users\/2"}],"replies":[{"embeddable":true,"href":"https:\/\/www.infokuryr.cz\/n\/wp-json\/wp\/v2\/comments?post=96379"}],"version-history":[{"count":0,"href":"https:\/\/www.infokuryr.cz\/n\/wp-json\/wp\/v2\/posts\/96379\/revisions"}],"wp:featuredmedia":[{"embeddable":true,"href":"https:\/\/www.infokuryr.cz\/n\/wp-json\/wp\/v2\/media\/96384"}],"wp:attachment":[{"href":"https:\/\/www.infokuryr.cz\/n\/wp-json\/wp\/v2\/media?parent=96379"}],"wp:term":[{"taxonomy":"category","embeddable":true,"href":"https:\/\/www.infokuryr.cz\/n\/wp-json\/wp\/v2\/categories?post=96379"},{"taxonomy":"post_tag","embeddable":true,"href":"https:\/\/www.infokuryr.cz\/n\/wp-json\/wp\/v2\/tags?post=96379"}],"curies":[{"name":"wp","href":"https:\/\/api.w.org\/{rel}","templated":true}]}}